{"id":1097,"date":"2025-02-03T05:00:00","date_gmt":"2025-02-03T05:00:00","guid":{"rendered":"https:\/\/zaimovic.com.hr\/?p=1097"},"modified":"2025-01-30T13:16:47","modified_gmt":"2025-01-30T13:16:47","slug":"dohrana-bebe-djeca","status":"publish","type":"post","link":"https:\/\/zaimovic.com.hr\/index.php\/2025\/02\/03\/dohrana-bebe-djeca\/","title":{"rendered":"Dohrana &#8220;na dlanu&#8221; s nutricionisticom posve\u0107enoj bebama i djeci"},"content":{"rendered":"\n<p>Dohrana mo\u017ee predstavljati izazov mnogim roditeljima, naj\u010de\u0161\u0107e majkama na porodiljnom koje ve\u0107inom same kre\u0107u u tu avanturu. O toj temi rekla bih da ima tisu\u0107u pitanja i milijun odgovora, smjernica, uputa, savjeta, tablica i preporuka. U toj \u0161umi informacija te\u0161ko je odrediti kome mo\u017eemo vjerovati, a kome ne, posebno kad se pedijatri ne vode aktualnim smjernicama Svjetske zdravstvene organizacije. Moj neki stav je da jedan lije\u010dnik ne mo\u017ee znati sve i ako me zanima ne\u0161to o PREHRANI, savjete \u0107u potra\u017eiti i kod drugih stru\u010dnjaka, posebice nutricionista, a ako su u pitanju djeca onda to mora biti nutricionist koji se specijalizirao upravo za tu skupinu. <\/p>\n\n\n\n<p>Upravo zato u sklopu projekta &#8220;Podr\u017eana u maj\u010dinstvu&#8221; ugostila sam Anu Jelekovac Jurkin, koja za sebe ka\u017ee da je prije svega \u2013 <em>majka, supruga i vje\u010diti sanjar.<\/em> Po zanimanju <strong>mag. nutricionizma posve\u0107ena bebama i djeci<\/strong> te savjetnica za dohranu. <strong>Poduzetnica<\/strong> koja stoji iza <strong>brenda Nutrimama <\/strong>te, zajedno s <em>Editom \u0160imi\u0107<\/em>, autorica knjige <em>Beba za stolom<\/em>. U slobodno vrijeme voli kuhati, fino jesti, boraviti u prirodi i dru\u017eiti se s bli\u017enjima.<\/p>\n\n\n\n<p>Nakon ovog uvoda, mislim da se mo\u017eemo baciti  na intervju!<\/p>\n\n\n\n<p><br><\/p>\n\n\n\n<p class=\"has-medium-font-size\"><strong>1.&nbsp; Mo\u017ee\u0161 li mi re\u0107i ne\u0161to vi\u0161e o sebi, kako si se po\u010dela baviti dohranom beba i djece, \u0161to te uvelo u taj svijet?<\/strong><\/p>\n\n\n\n<p>Po zanimanju sam mag. nutricionizma tako da mi je tema prehrane i op\u0107enito utjecaj hrane i hranjenja na psihofizi\u010dko zdravlje <strong>oduvijek ne\u0161to zanimljivo i blisko<\/strong>.<\/p>\n\n\n\n<p>Tema dohrane tj. prehrane beba mi je postala privla\u010dna i krenula sam ju prou\u010davati <strong>prije vi\u0161e od 12 godina<\/strong> kada sam dobila prvu ne\u0107akinju, ali potpuno sam se zaljubila u nju tek kada sam i sama postala majka, prije 6 godina.<\/p>\n\n\n\n<div class=\"wp-block-media-text is-stacked-on-mobile\" style=\"grid-template-columns:44% auto\"><figure class=\"wp-block-media-text__media\"><img fetchpriority=\"high\" decoding=\"async\" width=\"683\" height=\"1024\" src=\"https:\/\/zaimovic.com.hr\/wp-content\/uploads\/2025\/01\/Nutrimama-683x1024.jpg\" alt=\"\" class=\"wp-image-1099 size-full\" srcset=\"https:\/\/zaimovic.com.hr\/wp-content\/uploads\/2025\/01\/Nutrimama-683x1024.jpg 683w, https:\/\/zaimovic.com.hr\/wp-content\/uploads\/2025\/01\/Nutrimama-200x300.jpg 200w, https:\/\/zaimovic.com.hr\/wp-content\/uploads\/2025\/01\/Nutrimama-768x1152.jpg 768w, https:\/\/zaimovic.com.hr\/wp-content\/uploads\/2025\/01\/Nutrimama.jpg 1024w\" sizes=\"(max-width: 683px) 100vw, 683px\" \/><\/figure><div class=\"wp-block-media-text__content\">\n<p>Kao i mnoge druge ovakve pri\u010de, i ova je <strong>krenula iz vlastitog o\u010daja jer dohrana mog djeteta nije napredovala onako kako sam si ja zami\u0161ljala<\/strong>, falilo mi je <em>podr\u0161ke <\/em>te <em>stru\u010dnih i kvalitetnih izvora informacija <\/em>zbog \u010dega sam se \u010desto znala osje\u0107ati <strong>izgubljeno, nesigurno i nekompetentno hraniti vlastito dijete.<\/strong> <\/p>\n\n\n\n<p>U cijeloj toj pri\u010di, krenula sam dublje prou\u010davati ovu temu, is\u010ditavati literaturu, pro\u0161irivati znanje i evo, po putu sam shvatila da je to moj poziv te sam se <strong>odlu\u010dila specijalizirati i posvetiti isklju\u010divo radu s bebama i djecom.<\/strong><\/p>\n<\/div><\/div>\n\n\n\n<p class=\"has-medium-font-size\"><br><br><strong>2. \u0160to najvi\u0161e voli\u0161 u svom poslu?<\/strong><\/p>\n\n\n\n<p>Volim to \u0161to svojim znanjem, savjetima i podr\u0161kom <strong>mogu osna\u017eiti druge majke i pomo\u0107i im da hranjenje, pa tako i maj\u010dinstvo, bude ljep\u0161e, lak\u0161e, mirnije i opu\u0161tenije. <\/strong>Isto tako, mislim da nema ljep\u0161e nego kad jedna tako esencijalna potreba kao \u0161to je hranjenje, iz izazova prije\u0111e u u\u017eitak i radost.<\/p>\n\n\n\n<p>Dugoro\u010dno, za mene je ovo predivno i vjerujem da zbilja radimo veliku stvar za na\u0161u djecu i za njihovo cjelo\u017eivotno zdravlje, odnos prema hrani, hranjenju i vlastitom tijelu.<\/p>\n\n\n\n<p class=\"has-medium-font-size\"><br><br><strong>3. Vidim da mame najvi\u0161e raspravljaju oko dvije stvari &#8211; kada krenuti s uvo\u0111enjem krute hrane i na koji na\u010din, odnosno kad je beba spremna na taj korak?<\/strong><\/p>\n\n\n\n<p>Na ovu temu se uvijek vodi puno rasprave, no za ve\u0107inu beba je preporuka krenuti izme\u0111u 4. i 6. mjeseca onda <strong>kada beba poka\u017ee znakove spremnosti, \u0161to \u0107e za ve\u0107inu beba biti oko 6. mjeseca \u017eivota.<\/strong><\/p>\n\n\n\n<p>\u0160to se metode ti\u010de, moj je savjet da roditelji krenu u dohranu tako da <strong>dopuste bebi da ona vodi cijeli proces<\/strong> \u2013 po\u0161tuju\u0107i tako njen ritam, karakter i potrebe, bilo ka\u0161icama ili komadima. Svakako da je po\u017eeljno \u0161to ranije, a <strong>najkasnije do 8. \u2013 9. mjeseca, uvesti komade hrane<\/strong> kako bi poticali razvoj pravilnih obrazaca, \u017evakanja te dobrih prehrambenih navika.<\/p>\n\n\n\n<p class=\"has-medium-font-size\"><br><br><strong>4. Drugo pitanje je voditi li se nekim rasporedom uvo\u0111enja namirnica, kako to jo\u0161 uvijek predla\u017eu neki pedijatri ili je tvoj pristup ne\u0161to druga\u010diji? Za\u0161to je to tako?<\/strong><\/p>\n\n\n\n<p>Na\u017ealost danas mo\u017eemo na\u0107i <strong>jako puno opre\u010dnih informacija<\/strong>, <strong>zastarjelih preporuka i neto\u010dnih savjeta<\/strong> kada krenemo prou\u010davati tu temu. Upravo zato, ve\u0107ina roditelja je jako zbunjena i nesigurna oko ove teme.<\/p>\n\n\n\n<p class=\"has-background\" style=\"background-color:#d1b6a7\">Niti jedna krovna organizacija vi\u0161e ne preporu\u010da ovakav na\u010din uvo\u0111enja dohrane jer danas znamo da za time <strong>nema potrebe.<\/strong> No, svakako da kada krenemo uvoditi dohranu postoje kriteriji kojim bi se trebali voditi. Prije svega, po\u017eeljno je <strong>birati kvalitetne i cjelovite namirnice i izbjegavati one visoko procesuirane<\/strong> (kao \u0161to su <em>npr. ri\u017eine pahuljice)<\/em>, nakon toga veliki naglasak treba biti na namirnicama koje su <strong>bogate \u017eeljezom i cinkom <\/strong>te onima koje su <strong>lako probavljive<\/strong>. Po\u017eeljno je naglasak staviti na raznolike namirnice te one koje su <strong>lokalne, sezonske i netretirane.<\/strong><\/p>\n\n\n\n<p><\/p>\n\n\n\n<p class=\"has-medium-font-size\"><br><strong>5. Koje su tvoje najva\u017enije smjernice prilikom uvo\u0111enja krute hrane?<\/strong><\/p>\n\n\n\n<div class=\"wp-block-media-text has-media-on-the-right is-stacked-on-mobile\"><div class=\"wp-block-media-text__content\">\n<p>Ja bih rekla da se najva\u017enije<strong> educirati, <\/strong>ali ne kako bi imali svo potrebno znanje o svim detaljima koji se ti\u010du dohrane, ve\u0107 kako bi prije svega <strong>po\u010deli vi\u0161e vjerovati na\u0161oj bebi, cijelom procesu dohrane i na kraju sebi. <\/strong><\/p>\n\n\n\n<p>Kako bi se manje bojali i brinuli, a vi\u0161e u\u017eivali, u\u010dili zajedno s bebom i pokazivali primjerom, jer vjerujte mi da toliko toga polazi samo od <strong>na\u0161eg pristupa, tehnika koje koristimo i atmosfere koje stvaramo.<\/strong><\/p>\n\n\n\n<p>Imati <strong>realna o\u010dekivanja, <\/strong>znati na koje vje\u0161tine staviti fokus te biti svjestan da je dohrana <strong>proces u\u010denja, pogre\u0161aka i poku\u0161aja <\/strong>\u2013 to su mo\u017eda <strong>tri najva\u017enije stvari <\/strong>koje bih rekla svakom tko kre\u0107e u ovu avanturu.<\/p>\n<\/div><figure class=\"wp-block-media-text__media\"><img decoding=\"async\" width=\"683\" height=\"1024\" src=\"https:\/\/zaimovic.com.hr\/wp-content\/uploads\/2025\/01\/nutrimama2-683x1024.jpg\" alt=\"Dohrana, bebe, uvo\u0111enje, savjetovanje, Iva Zaimovi\u0107\" class=\"wp-image-1100 size-full\" srcset=\"https:\/\/zaimovic.com.hr\/wp-content\/uploads\/2025\/01\/nutrimama2-683x1024.jpg 683w, https:\/\/zaimovic.com.hr\/wp-content\/uploads\/2025\/01\/nutrimama2-200x300.jpg 200w, https:\/\/zaimovic.com.hr\/wp-content\/uploads\/2025\/01\/nutrimama2-768x1152.jpg 768w, https:\/\/zaimovic.com.hr\/wp-content\/uploads\/2025\/01\/nutrimama2.jpg 1024w\" sizes=\"(max-width: 683px) 100vw, 683px\" \/><\/figure><\/div>\n\n\n\n<p><\/p>\n\n\n\n<p class=\"has-medium-font-size\"><br><strong>6. Kako znati je li neka namirnica uvedena, trebaju li pro\u0107i 3 dana uvo\u0111enja ili mo\u017eemo biti opu\u0161teniji?<\/strong><\/p>\n\n\n\n<p>Za ve\u0107inu namirnica i za ve\u0107inu beba, <strong>nema potrebe uvoditi svaku namirnicu tri dana<\/strong>. Ovo je tako\u0111er zastarjeli pristup i ovako oprezno po\u017eeljno je pristupati samo kod alergena ili kod beba koje imaju odre\u0111ene izazove (npr. postoje\u0107e alergije, jake ekceme, velike probleme s probavom itd.).<\/p>\n\n\n\n<p class=\"has-background\" style=\"background-color:#d1b6a7\"><em>Kod ve\u0107ine beba mo\u017ee se uvoditi i 2, 3 namirnice dnevno, naravno ako je roditeljima takav pristup prihvatljiv i ugodan.<\/em><\/p>\n\n\n\n<p class=\"has-medium-font-size\"><strong><br>7. \u0160to ako beba odbija neku namirnicu, odnosno ne svi\u0111a joj se pa je izbacuje i pljuje, zna\u010di li to da je ipak uvedena nakon \u0161to je nekoliko puta bila &#8220;u ustima&#8221;?<\/strong><\/p>\n\n\n\n<p>Ako pri\u010damo o alergijskoj reakciji, \u010desto \u0107e i samo to <strong>biti dovoljno<\/strong> da se javi neka reakcija.<\/p>\n\n\n\n<p class=\"has-medium-font-size\"><br><br><strong>8. Kako roditelji mogu raditi s tobom?<\/strong><\/p>\n\n\n\n<p>Nutrimama ima <strong>tri te\u010daja<\/strong>, od kojih su dva za bebe \u2013 <a href=\"subscribepage.io\/nutrimama-dohrananadlanu\">Dohrana na dlanu<\/a> (sve o dohrani) te <a href=\"subscribepage.io\/nutrimama-sigurnokrozhranjenje\">Sigurno kroz hranjenje<\/a> (sve o gu\u0161enju, uvo\u0111enju komada i samostalnom hranjenju), a jedan je za stariju djecu \u2013 <a href=\"subscribepage.io\/nutrimama-dajjosjedangriz\">Daj jo\u0161 jedan griz<\/a> (sve o prehrani i izbirljivosti toddlera).<\/p>\n\n\n\n<p>Isto tako, suradnica Katarina i ja radimo i<strong> individualne konzultacije<\/strong> kada se radi o specifi\u010dnim izazovima kao \u0161to su <em>slabije napredovanje, alergije, osjetljivosti, problemi sa probavom, anemija, ote\u017eano hranjenje itd.<\/em><\/p>\n\n\n\n<p class=\"has-medium-font-size\"><br><strong>9. Mo\u017ee\u0161 li mi re\u0107i ne\u0161to za kraj, jesam li ne\u0161to propustila? \u00a0<\/strong><\/p>\n\n\n\n<p>Rekla bih da smo sve ono va\u017eno pokrile. Od srca ti hvala na povjerenju i prilici da sudjelujem u ovom projektu \ud83d\ude42<\/p>\n\n\n\n<p><br><\/p>\n\n\n\n<p><strong>Hvala Ani na divnom intervjuu, a ovdje mo\u017ee\u0161 pro\u010ditati ve\u0107 iza\u0161le intervjue:<\/strong><\/p>\n\n\n\n<ol>\n<li><a href=\"https:\/\/zaimovic.com.hr\/index.php\/2024\/04\/22\/podrzana-u-majcinstvu\/\">Intervju s Martinom Lukini\u0107 Plazoni\u0107, doulom, edukatoricom i savjetnicom<\/a><\/li>\n\n\n\n<li><a href=\"https:\/\/zaimovic.com.hr\/index.php\/2024\/05\/05\/prehrana-u-trudnoci-s-magistrom-nutricionizma\/\">Prehrana u trudno\u0107i i postpartumu s magistrom nutricionizma<\/a><\/li>\n\n\n\n<li><a href=\"https:\/\/zaimovic.com.hr\/?p=954\">Vje\u017ebanje u trudno\u0107i: Priprema tijela za porod u pokretu i oporavak<\/a><\/li>\n\n\n\n<li><a href=\"https:\/\/zaimovic.com.hr\/?p=870\">Porod, BRM i postpartum s Martinom Jelki\u0107 i \u201cPodr\u017eana u maj\u010dinstvu\u201d<\/a><\/li>\n\n\n\n<li><a href=\"https:\/\/zaimovic.com.hr\/index.php\/2024\/08\/05\/kucni-porod-romana-brezni\/\">KU\u0106NI POROD \u2013 znanje i iskustvo poro\u0111ajne i postpartum doule Romane Bre\u017eni<\/a><\/li>\n\n\n\n<li><a href=\"https:\/\/zaimovic.com.hr\/index.php\/2024\/10\/06\/priprema-za-porod-uz-edukanticu-psihoterapije-margaretu-matenda\/\">Priprema za porod uz edukanticu psihoterapije Margaretu Matenda<\/a><\/li>\n\n\n\n<li><a href=\"https:\/\/zaimovic.com.hr\/index.php\/2024\/11\/03\/vbac-i-informirani-pristanak\/\">VBAC (vaginalni porod nakon carskog reza) i informirani pristanak u porodu<\/a><\/li>\n\n\n\n<li><a href=\"https:\/\/zaimovic.com.hr\/index.php\/2024\/12\/01\/dojenje-pomoc-i-podrska\/\">Trebam pomo\u0107 za dojenje<\/a><\/li>\n\n\n\n<li><a href=\"https:\/\/zaimovic.com.hr\/index.php\/2025\/01\/12\/spavanje-beba-i-djece-savjeti-baby-led-sleep-savjetnice\/\">Spavanje beba i djece \u2013 savjeti Baby Led Sleep\u00a9 savjetnice<\/a><\/li>\n<\/ol>\n","protected":false},"excerpt":{"rendered":"<p>Dohrana mo\u017ee predstavljati izazov mnogim roditeljima, naj\u010de\u0161\u0107e majkama na porodiljnom koje ve\u0107inom same kre\u0107u u tu avanturu. O toj temi rekla bih da ima tisu\u0107u pitanja i milijun odgovora, smjernica, uputa, savjeta, tablica i preporuka. U toj \u0161umi informacija te\u0161ko je odrediti kome mo\u017eemo vjerovati, a kome ne, posebno kad se pedijatri ne vode aktualnim&hellip;&nbsp;<a href=\"https:\/\/zaimovic.com.hr\/index.php\/2025\/02\/03\/dohrana-bebe-djeca\/\" rel=\"bookmark\">Read More &raquo;<span class=\"screen-reader-text\">Dohrana &#8220;na dlanu&#8221; s nutricionisticom posve\u0107enoj bebama i djeci<\/span><\/a><\/p>\n","protected":false},"author":1,"featured_media":1098,"comment_status":"open","ping_status":"closed","sticky":false,"template":"","format":"standard","meta":{"neve_meta_sidebar":"","neve_meta_container":"","neve_meta_enable_content_width":"","neve_meta_content_width":0,"neve_meta_title_alignment":"","neve_meta_author_avatar":"","neve_post_elements_order":"","neve_meta_disable_header":"","neve_meta_disable_footer":"","neve_meta_disable_title":"","footnotes":""},"categories":[72],"tags":[],"yoast_head":"<!-- This site is optimized with the Yoast SEO plugin v24.5 - https:\/\/yoast.com\/wordpress\/plugins\/seo\/ -->\n<title>Dohrana &quot;na dlanu&quot; s nutricionisticom posve\u0107enoj bebama i djeci - Iva Zaimovi\u0107<\/title>\n<meta name=\"description\" content=\"Dohrana mo\u017ee predstavljati izazov mnogim roditeljima, naj\u010de\u0161\u0107e majkama na porodiljnom koje ve\u0107inom same kre\u0107u u tu avanturu.\" \/>\n<meta name=\"robots\" content=\"index, follow, max-snippet:-1, max-image-preview:large, max-video-preview:-1\" \/>\n<link rel=\"canonical\" href=\"https:\/\/zaimovic.com.hr\/index.php\/2025\/02\/03\/dohrana-bebe-djeca\/\" \/>\n<meta property=\"og:locale\" content=\"hr_HR\" \/>\n<meta property=\"og:type\" content=\"article\" \/>\n<meta property=\"og:title\" content=\"Dohrana &quot;na dlanu&quot; s nutricionisticom posve\u0107enoj bebama i djeci - Iva Zaimovi\u0107\" \/>\n<meta property=\"og:description\" content=\"Dohrana mo\u017ee predstavljati izazov mnogim roditeljima, naj\u010de\u0161\u0107e majkama na porodiljnom koje ve\u0107inom same kre\u0107u u tu avanturu.\" \/>\n<meta property=\"og:url\" content=\"https:\/\/zaimovic.com.hr\/index.php\/2025\/02\/03\/dohrana-bebe-djeca\/\" \/>\n<meta property=\"og:site_name\" content=\"Iva Zaimovi\u0107\" \/>\n<meta property=\"article:author\" content=\"https:\/\/www.facebook.com\/velikeimalemisli\" \/>\n<meta property=\"article:published_time\" content=\"2025-02-03T05:00:00+00:00\" \/>\n<meta property=\"og:image\" content=\"https:\/\/zaimovic.com.hr\/wp-content\/uploads\/2025\/01\/Ana-Jelekovac-nutrimama-scaled.jpg\" \/>\n\t<meta property=\"og:image:width\" content=\"2560\" \/>\n\t<meta property=\"og:image:height\" content=\"1707\" \/>\n\t<meta property=\"og:image:type\" content=\"image\/jpeg\" \/>\n<meta name=\"author\" content=\"Iva Zaimovi\u0107\" \/>\n<meta name=\"twitter:card\" content=\"summary_large_image\" \/>\n<meta name=\"twitter:label1\" content=\"Napisao\/la\" \/>\n\t<meta name=\"twitter:data1\" content=\"Iva Zaimovi\u0107\" \/>\n\t<meta name=\"twitter:label2\" content=\"Procijenjeno vrijeme \u010ditanja\" \/>\n\t<meta name=\"twitter:data2\" content=\"7 minuta\" \/>\n<script type=\"application\/ld+json\" class=\"yoast-schema-graph\">{\"@context\":\"https:\/\/schema.org\",\"@graph\":[{\"@type\":\"WebPage\",\"@id\":\"https:\/\/zaimovic.com.hr\/index.php\/2025\/02\/03\/dohrana-bebe-djeca\/\",\"url\":\"https:\/\/zaimovic.com.hr\/index.php\/2025\/02\/03\/dohrana-bebe-djeca\/\",\"name\":\"Dohrana \\\"na dlanu\\\" s nutricionisticom posve\u0107enoj bebama i djeci - Iva Zaimovi\u0107\",\"isPartOf\":{\"@id\":\"https:\/\/zaimovic.com.hr\/#website\"},\"primaryImageOfPage\":{\"@id\":\"https:\/\/zaimovic.com.hr\/index.php\/2025\/02\/03\/dohrana-bebe-djeca\/#primaryimage\"},\"image\":{\"@id\":\"https:\/\/zaimovic.com.hr\/index.php\/2025\/02\/03\/dohrana-bebe-djeca\/#primaryimage\"},\"thumbnailUrl\":\"https:\/\/zaimovic.com.hr\/wp-content\/uploads\/2025\/01\/Ana-Jelekovac-nutrimama-scaled.jpg\",\"datePublished\":\"2025-02-03T05:00:00+00:00\",\"author\":{\"@id\":\"https:\/\/zaimovic.com.hr\/#\/schema\/person\/46635fda1b928c40087a65c50fda63ec\"},\"description\":\"Dohrana mo\u017ee predstavljati izazov mnogim roditeljima, naj\u010de\u0161\u0107e majkama na porodiljnom koje ve\u0107inom same kre\u0107u u tu avanturu.\",\"breadcrumb\":{\"@id\":\"https:\/\/zaimovic.com.hr\/index.php\/2025\/02\/03\/dohrana-bebe-djeca\/#breadcrumb\"},\"inLanguage\":\"hr\",\"potentialAction\":[{\"@type\":\"ReadAction\",\"target\":[\"https:\/\/zaimovic.com.hr\/index.php\/2025\/02\/03\/dohrana-bebe-djeca\/\"]}]},{\"@type\":\"ImageObject\",\"inLanguage\":\"hr\",\"@id\":\"https:\/\/zaimovic.com.hr\/index.php\/2025\/02\/03\/dohrana-bebe-djeca\/#primaryimage\",\"url\":\"https:\/\/zaimovic.com.hr\/wp-content\/uploads\/2025\/01\/Ana-Jelekovac-nutrimama-scaled.jpg\",\"contentUrl\":\"https:\/\/zaimovic.com.hr\/wp-content\/uploads\/2025\/01\/Ana-Jelekovac-nutrimama-scaled.jpg\",\"width\":2560,\"height\":1707,\"caption\":\"Dohrana beba i djece, savjetovanje, Iva Zaimovi\u0107, podr\u017eana u maj\u010dinstvu\"},{\"@type\":\"BreadcrumbList\",\"@id\":\"https:\/\/zaimovic.com.hr\/index.php\/2025\/02\/03\/dohrana-bebe-djeca\/#breadcrumb\",\"itemListElement\":[{\"@type\":\"ListItem\",\"position\":1,\"name\":\"Po\u010detna stranica\",\"item\":\"https:\/\/zaimovic.com.hr\/\"},{\"@type\":\"ListItem\",\"position\":2,\"name\":\"Dohrana &#8220;na dlanu&#8221; s nutricionisticom posve\u0107enoj bebama i djeci\"}]},{\"@type\":\"WebSite\",\"@id\":\"https:\/\/zaimovic.com.hr\/#website\",\"url\":\"https:\/\/zaimovic.com.hr\/\",\"name\":\"Iva Zaimovi\u0107\",\"description\":\"Osna\u017dena - balans, ljubav i rast\",\"potentialAction\":[{\"@type\":\"SearchAction\",\"target\":{\"@type\":\"EntryPoint\",\"urlTemplate\":\"https:\/\/zaimovic.com.hr\/?s={search_term_string}\"},\"query-input\":{\"@type\":\"PropertyValueSpecification\",\"valueRequired\":true,\"valueName\":\"search_term_string\"}}],\"inLanguage\":\"hr\"},{\"@type\":\"Person\",\"@id\":\"https:\/\/zaimovic.com.hr\/#\/schema\/person\/46635fda1b928c40087a65c50fda63ec\",\"name\":\"Iva Zaimovi\u0107\",\"image\":{\"@type\":\"ImageObject\",\"inLanguage\":\"hr\",\"@id\":\"https:\/\/zaimovic.com.hr\/#\/schema\/person\/image\/\",\"url\":\"https:\/\/secure.gravatar.com\/avatar\/f945de162461501123845d3f733fe63d?s=96&d=mm&r=g\",\"contentUrl\":\"https:\/\/secure.gravatar.com\/avatar\/f945de162461501123845d3f733fe63d?s=96&d=mm&r=g\",\"caption\":\"Iva Zaimovi\u0107\"},\"sameAs\":[\"https:\/\/zaimovic.com.hr\",\"https:\/\/www.facebook.com\/velikeimalemisli\",\"https:\/\/www.instagram.com\/ivazaimovic\/\"],\"url\":\"https:\/\/zaimovic.com.hr\/index.php\/author\/yrcqptp1bb\/\"}]}<\/script>\n<!-- \/ Yoast SEO plugin. -->","yoast_head_json":{"title":"Dohrana \"na dlanu\" s nutricionisticom posve\u0107enoj bebama i djeci - Iva Zaimovi\u0107","description":"Dohrana mo\u017ee predstavljati izazov mnogim roditeljima, naj\u010de\u0161\u0107e majkama na porodiljnom koje ve\u0107inom same kre\u0107u u tu avanturu.","robots":{"index":"index","follow":"follow","max-snippet":"max-snippet:-1","max-image-preview":"max-image-preview:large","max-video-preview":"max-video-preview:-1"},"canonical":"https:\/\/zaimovic.com.hr\/index.php\/2025\/02\/03\/dohrana-bebe-djeca\/","og_locale":"hr_HR","og_type":"article","og_title":"Dohrana \"na dlanu\" s nutricionisticom posve\u0107enoj bebama i djeci - Iva Zaimovi\u0107","og_description":"Dohrana mo\u017ee predstavljati izazov mnogim roditeljima, naj\u010de\u0161\u0107e majkama na porodiljnom koje ve\u0107inom same kre\u0107u u tu avanturu.","og_url":"https:\/\/zaimovic.com.hr\/index.php\/2025\/02\/03\/dohrana-bebe-djeca\/","og_site_name":"Iva Zaimovi\u0107","article_author":"https:\/\/www.facebook.com\/velikeimalemisli","article_published_time":"2025-02-03T05:00:00+00:00","og_image":[{"width":2560,"height":1707,"url":"https:\/\/zaimovic.com.hr\/wp-content\/uploads\/2025\/01\/Ana-Jelekovac-nutrimama-scaled.jpg","type":"image\/jpeg"}],"author":"Iva Zaimovi\u0107","twitter_card":"summary_large_image","twitter_misc":{"Napisao\/la":"Iva Zaimovi\u0107","Procijenjeno vrijeme \u010ditanja":"7 minuta"},"schema":{"@context":"https:\/\/schema.org","@graph":[{"@type":"WebPage","@id":"https:\/\/zaimovic.com.hr\/index.php\/2025\/02\/03\/dohrana-bebe-djeca\/","url":"https:\/\/zaimovic.com.hr\/index.php\/2025\/02\/03\/dohrana-bebe-djeca\/","name":"Dohrana \"na dlanu\" s nutricionisticom posve\u0107enoj bebama i djeci - Iva Zaimovi\u0107","isPartOf":{"@id":"https:\/\/zaimovic.com.hr\/#website"},"primaryImageOfPage":{"@id":"https:\/\/zaimovic.com.hr\/index.php\/2025\/02\/03\/dohrana-bebe-djeca\/#primaryimage"},"image":{"@id":"https:\/\/zaimovic.com.hr\/index.php\/2025\/02\/03\/dohrana-bebe-djeca\/#primaryimage"},"thumbnailUrl":"https:\/\/zaimovic.com.hr\/wp-content\/uploads\/2025\/01\/Ana-Jelekovac-nutrimama-scaled.jpg","datePublished":"2025-02-03T05:00:00+00:00","author":{"@id":"https:\/\/zaimovic.com.hr\/#\/schema\/person\/46635fda1b928c40087a65c50fda63ec"},"description":"Dohrana mo\u017ee predstavljati izazov mnogim roditeljima, naj\u010de\u0161\u0107e majkama na porodiljnom koje ve\u0107inom same kre\u0107u u tu avanturu.","breadcrumb":{"@id":"https:\/\/zaimovic.com.hr\/index.php\/2025\/02\/03\/dohrana-bebe-djeca\/#breadcrumb"},"inLanguage":"hr","potentialAction":[{"@type":"ReadAction","target":["https:\/\/zaimovic.com.hr\/index.php\/2025\/02\/03\/dohrana-bebe-djeca\/"]}]},{"@type":"ImageObject","inLanguage":"hr","@id":"https:\/\/zaimovic.com.hr\/index.php\/2025\/02\/03\/dohrana-bebe-djeca\/#primaryimage","url":"https:\/\/zaimovic.com.hr\/wp-content\/uploads\/2025\/01\/Ana-Jelekovac-nutrimama-scaled.jpg","contentUrl":"https:\/\/zaimovic.com.hr\/wp-content\/uploads\/2025\/01\/Ana-Jelekovac-nutrimama-scaled.jpg","width":2560,"height":1707,"caption":"Dohrana beba i djece, savjetovanje, Iva Zaimovi\u0107, podr\u017eana u maj\u010dinstvu"},{"@type":"BreadcrumbList","@id":"https:\/\/zaimovic.com.hr\/index.php\/2025\/02\/03\/dohrana-bebe-djeca\/#breadcrumb","itemListElement":[{"@type":"ListItem","position":1,"name":"Po\u010detna stranica","item":"https:\/\/zaimovic.com.hr\/"},{"@type":"ListItem","position":2,"name":"Dohrana &#8220;na dlanu&#8221; s nutricionisticom posve\u0107enoj bebama i djeci"}]},{"@type":"WebSite","@id":"https:\/\/zaimovic.com.hr\/#website","url":"https:\/\/zaimovic.com.hr\/","name":"Iva Zaimovi\u0107","description":"Osna\u017dena - balans, ljubav i rast","potentialAction":[{"@type":"SearchAction","target":{"@type":"EntryPoint","urlTemplate":"https:\/\/zaimovic.com.hr\/?s={search_term_string}"},"query-input":{"@type":"PropertyValueSpecification","valueRequired":true,"valueName":"search_term_string"}}],"inLanguage":"hr"},{"@type":"Person","@id":"https:\/\/zaimovic.com.hr\/#\/schema\/person\/46635fda1b928c40087a65c50fda63ec","name":"Iva Zaimovi\u0107","image":{"@type":"ImageObject","inLanguage":"hr","@id":"https:\/\/zaimovic.com.hr\/#\/schema\/person\/image\/","url":"https:\/\/secure.gravatar.com\/avatar\/f945de162461501123845d3f733fe63d?s=96&d=mm&r=g","contentUrl":"https:\/\/secure.gravatar.com\/avatar\/f945de162461501123845d3f733fe63d?s=96&d=mm&r=g","caption":"Iva Zaimovi\u0107"},"sameAs":["https:\/\/zaimovic.com.hr","https:\/\/www.facebook.com\/velikeimalemisli","https:\/\/www.instagram.com\/ivazaimovic\/"],"url":"https:\/\/zaimovic.com.hr\/index.php\/author\/yrcqptp1bb\/"}]}},"blog_post_layout_featured_media_urls":{"thumbnail":["https:\/\/zaimovic.com.hr\/wp-content\/uploads\/2025\/01\/Ana-Jelekovac-nutrimama-150x150.jpg",150,150,true],"full":["https:\/\/zaimovic.com.hr\/wp-content\/uploads\/2025\/01\/Ana-Jelekovac-nutrimama-scaled.jpg",2560,1707,false]},"categories_names":{"72":{"name":"Podr\u017eana u maj\u010dinstvu","link":"https:\/\/zaimovic.com.hr\/index.php\/category\/podrzana-u-majcinstvu\/"}},"tags_names":[],"comments_number":"0","_links":{"self":[{"href":"https:\/\/zaimovic.com.hr\/index.php\/wp-json\/wp\/v2\/posts\/1097"}],"collection":[{"href":"https:\/\/zaimovic.com.hr\/index.php\/wp-json\/wp\/v2\/posts"}],"about":[{"href":"https:\/\/zaimovic.com.hr\/index.php\/wp-json\/wp\/v2\/types\/post"}],"author":[{"embeddable":true,"href":"https:\/\/zaimovic.com.hr\/index.php\/wp-json\/wp\/v2\/users\/1"}],"replies":[{"embeddable":true,"href":"https:\/\/zaimovic.com.hr\/index.php\/wp-json\/wp\/v2\/comments?post=1097"}],"version-history":[{"count":4,"href":"https:\/\/zaimovic.com.hr\/index.php\/wp-json\/wp\/v2\/posts\/1097\/revisions"}],"predecessor-version":[{"id":1104,"href":"https:\/\/zaimovic.com.hr\/index.php\/wp-json\/wp\/v2\/posts\/1097\/revisions\/1104"}],"wp:featuredmedia":[{"embeddable":true,"href":"https:\/\/zaimovic.com.hr\/index.php\/wp-json\/wp\/v2\/media\/1098"}],"wp:attachment":[{"href":"https:\/\/zaimovic.com.hr\/index.php\/wp-json\/wp\/v2\/media?parent=1097"}],"wp:term":[{"taxonomy":"category","embeddable":true,"href":"https:\/\/zaimovic.com.hr\/index.php\/wp-json\/wp\/v2\/categories?post=1097"},{"taxonomy":"post_tag","embeddable":true,"href":"https:\/\/zaimovic.com.hr\/index.php\/wp-json\/wp\/v2\/tags?post=1097"}],"curies":[{"name":"wp","href":"https:\/\/api.w.org\/{rel}","templated":true}]}}