{"id":1106,"date":"2025-03-17T09:39:16","date_gmt":"2025-03-17T09:39:16","guid":{"rendered":"https:\/\/zaimovic.com.hr\/?p=1106"},"modified":"2025-03-17T09:39:17","modified_gmt":"2025-03-17T09:39:17","slug":"babyhandling-sto-kaze-fizioterapeutkinja","status":"publish","type":"post","link":"https:\/\/zaimovic.com.hr\/index.php\/2025\/03\/17\/babyhandling-sto-kaze-fizioterapeutkinja\/","title":{"rendered":"BABYHANDLING I MOTORI\u010cKI RAZVOJ BEBE"},"content":{"rendered":"\n<p class=\"has-text-align-center\">&#8211;<em>Podr\u017eana u maj\u010dinstvu s Ivanom \u0160tedul<\/em><\/p>\n\n\n\n<p>Babyhandling i miljokazi motori\u010dkog razvoja beba i djece glavne su stavke me\u0111u pretra\u017eivanjima novope\u010denih roditelja. Ponajvi\u0161e majke pomno prate svoje bebe i razvijaju li se uredno, kao i kako ih mogu podr\u017eati da lak\u0161e dosegnu idu\u0107u stepenicu razvoja. Ipak, postoje podijeljena mi\u0161ljenja oko babyhandlinga kao i nedoumica i puno upitnika iznad glave. <\/p>\n\n\n\n<p>Upravo zbog toga ugostila sam <strong>Ivanu \u0160tedul,<\/strong> diplomiranu fizioterapeutkinju i radnu terapeutkinju, te certificiranu Emmett i Bowen terapeutkinju. Ivana je prvenstveno majka petero djece, autorica <strong>BABYSTEPS<\/strong> programa poticanja ranog razvoja od 0-3 godine te autorica knjige moja spretna beba. Ivana je mama i poduzetnica koja podr\u017eava druge mame kroz maj\u010dinstvo.<\/p>\n\n\n\n<p>Mislim da mo\u017eemo krenuti na intervju!<\/p>\n\n\n\n<p><\/p>\n\n\n\n<ol>\n<li class=\"has-medium-font-size\"><strong>Reci mi vi\u0161e o sebi, tko si ti sve i \u0161to sve voli\u0161 u svom \u017eivotu?<\/strong><\/li>\n<\/ol>\n\n\n\n<p>Ja sam Ivana \u0160tedul. Iako me mnogi smatraju poduzetnicom, ja se prvenstveno smatram majkom 5-ero djece od bebe do teenagera i svoju obitelj, naravno, volim najvi\u0161e na svijetu.<\/p>\n\n\n\n<p>Po zanimanju sam diplomirana fizioterapeutkinja i radna terapeutkinja, a po \u017eivotnom pozivu sam ona kojoj je <strong>\u017eivotna svrha pomagati roditeljima i djeci kojima je ta pomo\u0107 najpotrebnija<\/strong>. Autorica sam BABYSTEPS programa poticanja ranog razvoja za bebe i djecu, kroz koji u\u010dimo roditelje kako kroz jednostavne razvojne aktivnosti u vlastitom domu mogu poticati senzo-motori\u010dki razvoj svog djeteta od ro\u0111enja. BABYSTEPS program sada je ve\u0107 prisutan na 11 lokacija i u 9 gradova na \u0161to sam iznimno ponosna.<\/p>\n\n\n\n<p>Da mi je netko nekad rekao da \u0107emo u tolikoj mjeri mo\u0107i pomo\u0107i svim malenima koji su pro\u0161li kroz moje ruke i ruke mog tima <em>(a sada ve\u0107 pri\u010damo o preko +40.000 beba)<\/em> rekla bih mu da je lud. No,<strong> kad ima\u0161 veliku viziju i marljivo radi\u0161 na njezinom ostvarenju \u010duda su zaista mogu\u0107a<\/strong>. Nekako oduvijek volim ljestvicu postaviti visoko i jedva \u010dekam da BABYSTEPS program do\u0111e i u inozemstvo, \u0161to je sljede\u0107i korak.<\/p>\n\n\n\n<p>Obo\u017eavam <strong>pala\u010dinke na sve na\u010dine i putovanja<\/strong>. Jako volim i navijanje za svoju djecu na svim mogu\u0107im natjecanjima. Ona najglasnija na tribinama \u2013 to sam ja. \ud83d\ude42<\/p>\n\n\n\n<p>A volim i<strong> svoj mir <\/strong>i upravo zato ustajem jako rano, oko 5:00 da bih imala svojih sat vremena u danu za tr\u010danje i \u010ditanje.<\/p>\n\n\n\n<p><\/p>\n\n\n\n<p class=\"has-medium-font-size\"><strong>2. Kako izgleda jedan tvoj dan mame i poduzetnice?<\/strong><\/p>\n\n\n\n<p>Vjerujem kako se moj dan ne razlikuje od dana bilo koje druge mame koja radi. Kaos je kako god okrene\u0161, no nau\u010dila sam taj kaos menagirati. \ud83d\ude42<\/p>\n\n\n\n<p>Kako bih taj kaos \u0161to vi\u0161e stavila pod nekakvu normalu <strong>zadnjih nekoliko godina budim se oko 5:00 \u00a0i u tih svojih sat\/sat i pol vremena mira poslo\u017eim se za dan koji je pred nama. <\/strong>Tu spada moje tr\u010danje\/\u010ditanje\/pisanje jer <strong>ako mama nije dobro, nitko nije dobro.<\/strong><\/p>\n\n\n\n<p>Kako sebe i dalje prvenstveno gledam kao terapeuta koji poma\u017ee bebama i roditeljima,<strong> nakon \u0161to ekipa ode u vrti\u0107 i \u0161kolu ja sam na svom poslu. <\/strong>Neki dani podrazumijevaju direktan rad s djecom i roditeljima, dok neke provedem za laptopom. U moj opis posla ulazi i kreiranje sadr\u017eaja za dru\u0161tvene mre\u017ee, gostovanja u podcastima i emisijama, pru\u017eanje podr\u0161ke na\u0161im BABYSTEPS fran\u0161izama, odr\u017eavanje edukacija i predavanja na konferencijama ili samo organiziranje konferencije<em> (RASTI Summit \u2013 konferencija o ranom razvoju koju organiziramo od 2018. godine).<\/em><\/p>\n\n\n\n<p>I sad \u0107e mo\u017eda netko re\u0107i ok, a kada onda vi\u0111a\u0161 svoju djecu? \ud83d\ude09 \u010cinjenica je da ja, zapravo, radim jako malo ako rad pretvorimo u klasi\u010dne sate, no <strong>kad radim radim maksimalno fokusirano, bez ometanja i nikad mi nije problem napraviti sve one aktivnosti koje mi se ba\u0161 i ne rade.<\/strong> Moj dan se vrti <strong>oko moje obitelj<\/strong>i i njihovih aktivnosti pa radim, kako volim re\u0107i, \u201eu rupama\u201c. J<\/p>\n\n\n<div class=\"wp-block-image\">\n<figure class=\"aligncenter size-large is-resized\"><img fetchpriority=\"high\" decoding=\"async\" width=\"1024\" height=\"683\" src=\"https:\/\/zaimovic.com.hr\/wp-content\/uploads\/2025\/03\/ivana3-1024x683.jpg\" alt=\"\" class=\"wp-image-1108\" style=\"width:733px;height:auto\" srcset=\"https:\/\/zaimovic.com.hr\/wp-content\/uploads\/2025\/03\/ivana3-1024x683.jpg 1024w, https:\/\/zaimovic.com.hr\/wp-content\/uploads\/2025\/03\/ivana3-300x200.jpg 300w, https:\/\/zaimovic.com.hr\/wp-content\/uploads\/2025\/03\/ivana3-768x513.jpg 768w, https:\/\/zaimovic.com.hr\/wp-content\/uploads\/2025\/03\/ivana3-1536x1025.jpg 1536w, https:\/\/zaimovic.com.hr\/wp-content\/uploads\/2025\/03\/ivana3-2048x1367.jpg 2048w, https:\/\/zaimovic.com.hr\/wp-content\/uploads\/2025\/03\/ivana3-930x620.jpg 930w, https:\/\/zaimovic.com.hr\/wp-content\/uploads\/2025\/03\/ivana3-1320x881.jpg 1320w\" sizes=\"(max-width: 1024px) 100vw, 1024px\" \/><\/figure><\/div>\n\n\n<p><\/p>\n\n\n\n<p class=\"has-medium-font-size\"><strong>3. Kako to da si se po\u010dela baviti ba\u0161 motori\u010dkim razvojem beba i djece?<\/strong><\/p>\n\n\n\n<p>Znala sam da \u0107u raditi u pomaga\u010dkom zanimanju od negdje sredine osnovne \u0161kole. Zato sam i upisala srednju <strong>Medicinsku \u0161kolu <\/strong>u Karlovcu. Fakultet kasnije je samo bio nastavak, kao i Specijalisti\u010dki studij.<\/p>\n\n\n\n<p>Nakon fakulteta sam jedno kratko vrijeme radila u <strong>Camphill communities of Ireland<\/strong> gdje sam nau\u010dila puno toga i jako mi se <em>svidio pristup roditeljima i na\u010din rada tamo<\/em>. Vjerojatno zato sam do\u017eivjela i malo razo\u010darenje kad sam po\u010dela raditi kod nas u sustavima (radila sam u sustavu zdravstva, socijale i visoko\u0161kolskog i srednjo\u0161kolskog obrazovanja).<\/p>\n\n\n\n<p>Ipak,<strong> raditi s bebama sam po\u010dela prije 15 godina budu\u0107i su moja 2 najstarija sina ro\u0111eni kao neurorizi\u010dne bebe <\/strong><em>(jedan s hipertonusom, drugi je prijevremeno ro\u0111en s hipotonusom).<\/em> Poma\u017eu\u0107i njima da dostignu sve razvojne faze i ne kasne u razvoju, zapravo sam, slu\u010dajno, <strong>testirala svoj koncept rada.<\/strong><\/p>\n\n\n\n<p><strong>Njihov napredak je bio jako zanimljiv na\u0161im prijateljima lije\u010dnicima koji su me zamolili da odr\u017eim jedno predavanje roditeljima <\/strong>o svim aktivnostima koje sam provodila s njima. Predavanje sam odr\u017eala i na tom predavanju je odmah 5 mama diglo ruku i reklo:<em>\u201eMi \u017eelimo vje\u017ebati sa svojim bebama i \u017eelimo na tvoj program.\u201c<\/em><\/p>\n\n\n\n<p><em>\u201eAli ja nemam program.\u201c<\/em> \ud83d\ude09<\/p>\n\n\n\n<p>Na kraju su me nagovorile da ipak odemo na kavu i da im poka\u017eem \u0161to ja to to\u010dno radim i za\u0161to upravo to.<\/p>\n\n\n\n<p><strong>Po\u010deli smo s jednom kavom u dnevnom boravku stana gdje smo tada \u017eivjeli, a ostalo je povijest.<\/strong> Mogu re\u0107i kako su moji idealni klijenti, zapravo, prona\u0161li mene. <em>A ja sam se i dalje nastavila educirati i usavr\u0161avati upravo u neurorazvojnoj terapiji i radu s djecom od 0-3 godine.<\/em><\/p>\n\n\n\n<p class=\"has-medium-font-size\"><br><br><strong>4. \u0160to najvi\u0161e voli\u0161 u svom poslu?<\/strong><\/p>\n\n\n\n<div class=\"wp-block-media-text is-stacked-on-mobile\"><figure class=\"wp-block-media-text__media\"><img decoding=\"async\" width=\"683\" height=\"1024\" src=\"https:\/\/zaimovic.com.hr\/wp-content\/uploads\/2025\/03\/Ivana-683x1024.jpg\" alt=\"\" class=\"wp-image-1110 size-full\" srcset=\"https:\/\/zaimovic.com.hr\/wp-content\/uploads\/2025\/03\/Ivana-683x1024.jpg 683w, https:\/\/zaimovic.com.hr\/wp-content\/uploads\/2025\/03\/Ivana-200x300.jpg 200w, https:\/\/zaimovic.com.hr\/wp-content\/uploads\/2025\/03\/Ivana-768x1152.jpg 768w, https:\/\/zaimovic.com.hr\/wp-content\/uploads\/2025\/03\/Ivana-1024x1536.jpg 1024w, https:\/\/zaimovic.com.hr\/wp-content\/uploads\/2025\/03\/Ivana-1320x1980.jpg 1320w, https:\/\/zaimovic.com.hr\/wp-content\/uploads\/2025\/03\/Ivana.jpg 1365w\" sizes=\"(max-width: 683px) 100vw, 683px\" \/><\/figure><div class=\"wp-block-media-text__content\">\n<p><strong>Ne\u0107u lagati \u2013 vidjeti napredak.<\/strong> Ponekad je on ogroman od po\u010detka, ponekad je jako mali i potrebno je vrijeme da se vidi koliko ogroman mo\u017ee biti.<\/p>\n\n\n\n<p>BABYSTEPS program je program koji daje rezultate i meni je osobno jako va\u017eno da se ti rezultati na svakom djetetu vide, a vide se uvijek ako roditelj zna \u0161to to\u010dno s djetetom kada raditi. <strong>Kod nas je upravo roditelj najva\u017enija karika<\/strong> jer s bebom boravi 24 sata u danu.<\/p>\n\n\n\n<p>Vidjeti da je dijete, za koje je netko rekao da nikada ne\u0107e prohodati hoda i znati da si i ti taj mali kota\u010di\u0107 koji je tome pridonio je neprocjenjivo.<\/p>\n<\/div><\/div>\n\n\n\n<p class=\"has-medium-font-size\"><br><br><strong>5. \u0160to je babyhandling i za\u0161to bi ga svi trebali raditi?<\/strong><\/p>\n\n\n\n<p>Babyhandling je <strong>pravilno postupanje s bebom od ro\u0111enja u svim aktivnostima<\/strong> koje se s njom provode. To podrazumijeva pravilno podizanje, no\u0161enje, mijenjanje pelena, kupanje, hranjenje\u2026<\/p>\n\n\n\n<p>To su sve aktivnosti koje svaka mama ionako napravi 50 puta na dan, a ako ih uz to radi na ispravan na\u010din njezina <strong>beba nesvjesno \u201evje\u017eba\u201c i gradi svoju motori\u010dku bazu<\/strong>. Kroz babyhandling sredi\u0161nji \u017eiv\u010dani sustav djeteta dobiva pravilne informacije izvana i na njih daje pravilan motori\u010dki odgovor. Upravo zato, ako se babyhandling koristi od ro\u0111enja <strong>puno pridonosi pravilnom senzo-motori\u010dkom razvoju.<\/strong><\/p>\n\n\n\n<p class=\"has-medium-font-size\"><br><br><strong>6. Kako i gdje mo\u017eemo nau\u010diti babyhandling?<\/strong><\/p>\n\n\n\n<p>Bilo da se radi o stru\u010dnjacima ili roditeljima, babyhandling mo\u017eete nau\u010diti kod nas na nekoj od na\u0161ih 11 lokacija u\u017eivo ili on line, a za sve informacije se mo\u017eete javiti na info@senzogym.hr<\/p>\n\n\n\n<p><br><\/p>\n\n\n\n<p class=\"has-medium-font-size\"><strong>7. Kako pratiti motori\u010dki razvoj svog djeteta i kako mo\u017eemo vidjeti odstupanja?<\/strong><\/p>\n\n\n\n<ol><\/ol>\n\n\n\n<p>Postoji ne\u0161to \u0161to zovemo <em>\u201erazvojnim miljokazima\u201c<\/em>. Volim re\u0107i kako su oni <strong>putokazi koji nam pokazuju u kojoj se trenuta\u010dno razvojnoj fazi nalazi dijete,<\/strong> koja razvojna faza slijedi i postoje li eventualna razvojna odstupanja.<\/p>\n\n\n\n<p>Naravno, razvojni miljokazi ne postoje samo za motori\u010dki razvoj, ve\u0107 i za razvoj govora, kognitivnih i socijalnih vje\u0161tina.<\/p>\n\n\n\n<p>Kada pri\u010damo o samom motori\u010dkom razvoju ako znamo koje razvojne faze kada slijede, na vrijeme mo\u017eemo <strong>prepoznati je li sve u redu s razvojem na\u0161eg djeteta<\/strong>, a isto tako na vrijeme mo\u017eemo i prepoznati kada trebamo pomo\u0107.<\/p>\n\n\n\n<p>Knjigu <strong>Moja spretna beba<\/strong> napisala sam ba\u0161 iz razloga da se roditeljima pribli\u017ei to \u0161to u kojoj dobi mogu o\u010dekivati i kroz koje jednostavne <em>razvojne aktivnosti mogu poticati razvoj svoje bebe od 0-12 mjeseci.<\/em><\/p>\n\n\n\n<p><br><\/p>\n\n\n\n<p class=\"has-medium-font-size\"><strong>8. \u0160to kad primijetimo neka odstupanja?<\/strong><\/p>\n\n\n\n<ol><\/ol>\n\n\n\n<p>Prva stanica je pedijatar djeteta, koji \u0107e dijete tada uputiti fizijatru i neuropedijatru. Dok se svi pregledi \u010dekaju dobro je i dalje s bebicom vje\u017ebati jer usmjerenim vje\u017ebanjem svojoj bebi puno mo\u017eete pomo\u0107i.<\/p>\n\n\n\n<p><br><\/p>\n\n\n\n<p class=\"has-medium-font-size\"><strong>9. Za\u0161to je va\u017eno da beba pro\u0111e sve razvojne faze po redu?<\/strong><\/p>\n\n\n\n<div class=\"wp-block-media-text has-media-on-the-right is-stacked-on-mobile\" style=\"grid-template-columns:auto 57%\"><div class=\"wp-block-media-text__content\">\n<p>Jer se <strong>svaka razvojna faza nadogra\u0111uje na prethodnu<\/strong> i jer svaka presko\u010dena razvojna faza negdje nedostaje.<br>Nekako volim re\u0107i da je razvoj djeteta sli\u010dan <em>gradnji ku\u0107e. <\/em>Za stabilnu ku\u0107u va\u017eno je da ima jako dobre temelje. <\/p>\n\n\n\n<p><strong>Temelji su gruba motorika. Ako je gruba motorika razvijena onako <\/strong>kako treba biti i sve razvojne faze su usavr\u0161ene, puno \u201evi\u0161e katova\u201c mo\u017eemo nadograditi na te dobre temelje. Na grubu motoriku se nadogra\u0111uje fina motorika (prizemlje), a zatim razvoj govora (1. kat ku\u0107e)..<\/p>\n<\/div><figure class=\"wp-block-media-text__media\"><img decoding=\"async\" width=\"1024\" height=\"683\" src=\"https:\/\/zaimovic.com.hr\/wp-content\/uploads\/2025\/03\/ivana4-1024x683.jpg\" alt=\"Ivana \u0160tedul, babyhandling, motori\u010dki razvoj\" class=\"wp-image-1115 size-full\" srcset=\"https:\/\/zaimovic.com.hr\/wp-content\/uploads\/2025\/03\/ivana4-1024x683.jpg 1024w, https:\/\/zaimovic.com.hr\/wp-content\/uploads\/2025\/03\/ivana4-300x200.jpg 300w, https:\/\/zaimovic.com.hr\/wp-content\/uploads\/2025\/03\/ivana4-768x512.jpg 768w, https:\/\/zaimovic.com.hr\/wp-content\/uploads\/2025\/03\/ivana4-1536x1024.jpg 1536w, https:\/\/zaimovic.com.hr\/wp-content\/uploads\/2025\/03\/ivana4-930x620.jpg 930w, https:\/\/zaimovic.com.hr\/wp-content\/uploads\/2025\/03\/ivana4-1320x880.jpg 1320w, https:\/\/zaimovic.com.hr\/wp-content\/uploads\/2025\/03\/ivana4.jpg 2048w\" sizes=\"(max-width: 1024px) 100vw, 1024px\" \/><\/figure><\/div>\n\n\n\n<p><br><\/p>\n\n\n\n<p class=\"has-medium-font-size\"><strong>10. Mo\u017eemo li doma raditi poticajne vje\u017ebice za savladavanje vje\u0161tina?<\/strong><\/p>\n\n\n\n<p>Naravno da je odgovor <strong>DA! <\/strong>Prvo kroz <strong>pravilan babyhandling koji se mijenja kako beba raste, a zatim kroz usmjerene razvojne aktivnosti koje stimuliraju odre\u0111ene razvojne faze.<\/strong><\/p>\n\n\n\n<p>Nepisano pravilo je da \u0161to je beba manja, lak\u0161e se privikne na vje\u017ebice. N<strong>ajte\u017ee je ako se s vje\u017ebicama po\u010dne tek onda kada ve\u0107 postoji problem<\/strong> ili u dobi od cca 8 mjeseci kada se kod beba javlja faza poznata svim mamama &#8211; ne \u017eeli nikome drugome osim mami.<\/p>\n\n\n\n<p><br><\/p>\n\n\n\n<p class=\"has-medium-font-size\"><strong>11. Kako mame mogu raditi s tobom i\/ili u nekom od tvojih programa, ostavi nam svoje kontakte ????<\/strong><\/p>\n\n\n\n<p>Za po\u010detak, zapratite @senzogym na Instagramu!<\/p>\n\n\n\n<p><strong>BABYSTEPS<\/strong> program poticanja ranog razvoja od 0-3 godine mo\u017eete poha\u0111ati u 9 gradova i 11 lokacija te online.<\/p>\n\n\n\n<p>Ukoliko \u017eelite raditi s nama inidvidualno ili grupno u Zagrebu (Jarun, Feren\u010dica), Karlovcu ili online javiti se mo\u017eete na <a href=\"mailto:info@senzogym.hr\">info@senzogym.hr<\/a><\/p>\n\n\n\n<p>Za sve ostale gradove mo\u017eete se javiti putem kontkat forme na ovom <a href=\"https:\/\/babysteps.senzogym.hr\/ivana-stedul-autorica-babysteps-programa\/\">WEBU<\/a>.<\/p>\n\n\n\n<figure class=\"wp-block-image size-large\"><img loading=\"lazy\" decoding=\"async\" width=\"1024\" height=\"683\" src=\"https:\/\/zaimovic.com.hr\/wp-content\/uploads\/2025\/03\/ivana2-1024x683.jpg\" alt=\"Ivana \u0160tedul, fizioterapeut, bowen, emmett\" class=\"wp-image-1117\" srcset=\"https:\/\/zaimovic.com.hr\/wp-content\/uploads\/2025\/03\/ivana2-1024x683.jpg 1024w, https:\/\/zaimovic.com.hr\/wp-content\/uploads\/2025\/03\/ivana2-300x200.jpg 300w, https:\/\/zaimovic.com.hr\/wp-content\/uploads\/2025\/03\/ivana2-768x512.jpg 768w, https:\/\/zaimovic.com.hr\/wp-content\/uploads\/2025\/03\/ivana2-1536x1024.jpg 1536w, https:\/\/zaimovic.com.hr\/wp-content\/uploads\/2025\/03\/ivana2-930x620.jpg 930w, https:\/\/zaimovic.com.hr\/wp-content\/uploads\/2025\/03\/ivana2-1320x880.jpg 1320w, https:\/\/zaimovic.com.hr\/wp-content\/uploads\/2025\/03\/ivana2.jpg 2048w\" sizes=\"(max-width: 1024px) 100vw, 1024px\" \/><figcaption class=\"wp-element-caption\"><em>Ivana \u0160tedul, privatna zbirka<\/em><\/figcaption><\/figure>\n\n\n\n<p><\/p>\n\n\n\n<p>Hvala Ivani \u0161to je sudjelovala u projektu Podr\u017eana u maj\u010dinstvu i dala svoj doprinos!<\/p>\n\n\n\n<p><\/p>\n\n\n\n<p><strong>Ovdje mo\u017ee\u0161 pro\u010ditati prethodne intervjue: <\/strong><\/p>\n\n\n\n<ol>\n<li><a href=\"https:\/\/zaimovic.com.hr\/index.php\/2024\/04\/22\/podrzana-u-majcinstvu\/\">Intervju s Martinom Lukini\u0107 Plazoni\u0107, doulom, edukatoricom i savjetnicom<\/a><\/li>\n\n\n\n<li><a href=\"https:\/\/zaimovic.com.hr\/index.php\/2024\/05\/05\/prehrana-u-trudnoci-s-magistrom-nutricionizma\/\">Prehrana u trudno\u0107i i postpartumu s magistrom nutricionizma<\/a><\/li>\n\n\n\n<li><a href=\"https:\/\/zaimovic.com.hr\/?p=954\">Vje\u017ebanje u trudno\u0107i: Priprema tijela za porod u pokretu i oporavak<\/a><\/li>\n\n\n\n<li><a href=\"https:\/\/zaimovic.com.hr\/?p=870\">Porod, BRM i postpartum s Martinom Jelki\u0107 i \u201cPodr\u017eana u maj\u010dinstvu\u201d<\/a><\/li>\n\n\n\n<li><a href=\"https:\/\/zaimovic.com.hr\/index.php\/2024\/08\/05\/kucni-porod-romana-brezni\/\">KU\u0106NI POROD \u2013 znanje i iskustvo poro\u0111ajne i postpartum doule Romane Bre\u017eni<\/a><\/li>\n\n\n\n<li><a href=\"https:\/\/zaimovic.com.hr\/index.php\/2024\/10\/06\/priprema-za-porod-uz-edukanticu-psihoterapije-margaretu-matenda\/\">Priprema za porod uz edukanticu psihoterapije Margaretu Matenda<\/a><\/li>\n\n\n\n<li><a href=\"https:\/\/zaimovic.com.hr\/index.php\/2024\/11\/03\/vbac-i-informirani-pristanak\/\">VBAC (vaginalni porod nakon carskog reza) i informirani pristanak u porodu<\/a><\/li>\n\n\n\n<li><a href=\"https:\/\/zaimovic.com.hr\/index.php\/2024\/12\/01\/dojenje-pomoc-i-podrska\/\">Trebam pomo\u0107 za dojenje<\/a><\/li>\n\n\n\n<li><a href=\"https:\/\/zaimovic.com.hr\/index.php\/2025\/01\/12\/spavanje-beba-i-djece-savjeti-baby-led-sleep-savjetnice\/\">Spavanje beba i djece \u2013 savjeti Baby Led Sleep\u00a9 savjetnice<\/a><\/li>\n\n\n\n<li><a href=\"https:\/\/zaimovic.com.hr\/index.php\/2025\/02\/03\/dohrana-bebe-djeca\/\">Dohrana \u201cna dlanu\u201d s nutricionisticom posve\u0107enoj bebama i djeci<\/a><\/li>\n<\/ol>\n\n\n\n<p><\/p>\n","protected":false},"excerpt":{"rendered":"<p>&#8211;Podr\u017eana u maj\u010dinstvu s Ivanom \u0160tedul Babyhandling i miljokazi motori\u010dkog razvoja beba i djece glavne su stavke me\u0111u pretra\u017eivanjima novope\u010denih roditelja. Ponajvi\u0161e majke pomno prate svoje bebe i razvijaju li se uredno, kao i kako ih mogu podr\u017eati da lak\u0161e dosegnu idu\u0107u stepenicu razvoja. Ipak, postoje podijeljena mi\u0161ljenja oko babyhandlinga kao i nedoumica i puno&hellip;&nbsp;<a href=\"https:\/\/zaimovic.com.hr\/index.php\/2025\/03\/17\/babyhandling-sto-kaze-fizioterapeutkinja\/\" rel=\"bookmark\">Read More &raquo;<span class=\"screen-reader-text\">BABYHANDLING I MOTORI\u010cKI RAZVOJ BEBE<\/span><\/a><\/p>\n","protected":false},"author":1,"featured_media":1112,"comment_status":"open","ping_status":"open","sticky":false,"template":"","format":"standard","meta":{"neve_meta_sidebar":"","neve_meta_container":"","neve_meta_enable_content_width":"","neve_meta_content_width":0,"neve_meta_title_alignment":"","neve_meta_author_avatar":"","neve_post_elements_order":"","neve_meta_disable_header":"","neve_meta_disable_footer":"","neve_meta_disable_title":"","footnotes":""},"categories":[72],"tags":[85,86],"yoast_head":"<!-- This site is optimized with the Yoast SEO plugin v24.5 - https:\/\/yoast.com\/wordpress\/plugins\/seo\/ -->\n<title>BABYHANDLING I MOTORI\u010cKI RAZVOJ BEBE - Iva Zaimovi\u0107<\/title>\n<meta name=\"description\" content=\"Babyhandling je pravilno postupanje s bebom - ne\u0161to \u0161to svaki roditelj treba znati. Pra\u0107enjem motori\u010dkog razvoja doprinosite urednom razvoju.\" \/>\n<meta name=\"robots\" content=\"index, follow, max-snippet:-1, max-image-preview:large, max-video-preview:-1\" \/>\n<link rel=\"canonical\" href=\"https:\/\/zaimovic.com.hr\/index.php\/2025\/03\/17\/babyhandling-sto-kaze-fizioterapeutkinja\/\" \/>\n<meta property=\"og:locale\" content=\"hr_HR\" \/>\n<meta property=\"og:type\" content=\"article\" \/>\n<meta property=\"og:title\" content=\"BABYHANDLING I MOTORI\u010cKI RAZVOJ BEBE - Iva Zaimovi\u0107\" \/>\n<meta property=\"og:description\" content=\"Babyhandling je pravilno postupanje s bebom - ne\u0161to \u0161to svaki roditelj treba znati. Pra\u0107enjem motori\u010dkog razvoja doprinosite urednom razvoju.\" \/>\n<meta property=\"og:url\" content=\"https:\/\/zaimovic.com.hr\/index.php\/2025\/03\/17\/babyhandling-sto-kaze-fizioterapeutkinja\/\" \/>\n<meta property=\"og:site_name\" content=\"Iva Zaimovi\u0107\" \/>\n<meta property=\"article:author\" content=\"https:\/\/www.facebook.com\/velikeimalemisli\" \/>\n<meta property=\"article:published_time\" content=\"2025-03-17T09:39:16+00:00\" \/>\n<meta property=\"article:modified_time\" content=\"2025-03-17T09:39:17+00:00\" \/>\n<meta property=\"og:image\" content=\"https:\/\/zaimovic.com.hr\/wp-content\/uploads\/2025\/03\/ivana1.jpg\" \/>\n\t<meta property=\"og:image:width\" content=\"2048\" \/>\n\t<meta property=\"og:image:height\" content=\"1463\" \/>\n\t<meta property=\"og:image:type\" content=\"image\/jpeg\" \/>\n<meta name=\"author\" content=\"Iva Zaimovi\u0107\" \/>\n<meta name=\"twitter:card\" content=\"summary_large_image\" \/>\n<meta name=\"twitter:label1\" content=\"Napisao\/la\" \/>\n\t<meta name=\"twitter:data1\" content=\"Iva Zaimovi\u0107\" \/>\n\t<meta name=\"twitter:label2\" content=\"Procijenjeno vrijeme \u010ditanja\" \/>\n\t<meta name=\"twitter:data2\" content=\"11 minuta\" \/>\n<script type=\"application\/ld+json\" class=\"yoast-schema-graph\">{\"@context\":\"https:\/\/schema.org\",\"@graph\":[{\"@type\":\"WebPage\",\"@id\":\"https:\/\/zaimovic.com.hr\/index.php\/2025\/03\/17\/babyhandling-sto-kaze-fizioterapeutkinja\/\",\"url\":\"https:\/\/zaimovic.com.hr\/index.php\/2025\/03\/17\/babyhandling-sto-kaze-fizioterapeutkinja\/\",\"name\":\"BABYHANDLING I MOTORI\u010cKI RAZVOJ BEBE - Iva Zaimovi\u0107\",\"isPartOf\":{\"@id\":\"https:\/\/zaimovic.com.hr\/#website\"},\"primaryImageOfPage\":{\"@id\":\"https:\/\/zaimovic.com.hr\/index.php\/2025\/03\/17\/babyhandling-sto-kaze-fizioterapeutkinja\/#primaryimage\"},\"image\":{\"@id\":\"https:\/\/zaimovic.com.hr\/index.php\/2025\/03\/17\/babyhandling-sto-kaze-fizioterapeutkinja\/#primaryimage\"},\"thumbnailUrl\":\"https:\/\/zaimovic.com.hr\/wp-content\/uploads\/2025\/03\/ivana1.jpg\",\"datePublished\":\"2025-03-17T09:39:16+00:00\",\"dateModified\":\"2025-03-17T09:39:17+00:00\",\"author\":{\"@id\":\"https:\/\/zaimovic.com.hr\/#\/schema\/person\/46635fda1b928c40087a65c50fda63ec\"},\"description\":\"Babyhandling je pravilno postupanje s bebom - ne\u0161to \u0161to svaki roditelj treba znati. Pra\u0107enjem motori\u010dkog razvoja doprinosite urednom razvoju.\",\"breadcrumb\":{\"@id\":\"https:\/\/zaimovic.com.hr\/index.php\/2025\/03\/17\/babyhandling-sto-kaze-fizioterapeutkinja\/#breadcrumb\"},\"inLanguage\":\"hr\",\"potentialAction\":[{\"@type\":\"ReadAction\",\"target\":[\"https:\/\/zaimovic.com.hr\/index.php\/2025\/03\/17\/babyhandling-sto-kaze-fizioterapeutkinja\/\"]}]},{\"@type\":\"ImageObject\",\"inLanguage\":\"hr\",\"@id\":\"https:\/\/zaimovic.com.hr\/index.php\/2025\/03\/17\/babyhandling-sto-kaze-fizioterapeutkinja\/#primaryimage\",\"url\":\"https:\/\/zaimovic.com.hr\/wp-content\/uploads\/2025\/03\/ivana1.jpg\",\"contentUrl\":\"https:\/\/zaimovic.com.hr\/wp-content\/uploads\/2025\/03\/ivana1.jpg\",\"width\":2048,\"height\":1463,\"caption\":\"Ivana \u0160tedul, fizioterapeut, bowen, emmett\"},{\"@type\":\"BreadcrumbList\",\"@id\":\"https:\/\/zaimovic.com.hr\/index.php\/2025\/03\/17\/babyhandling-sto-kaze-fizioterapeutkinja\/#breadcrumb\",\"itemListElement\":[{\"@type\":\"ListItem\",\"position\":1,\"name\":\"Po\u010detna stranica\",\"item\":\"https:\/\/zaimovic.com.hr\/\"},{\"@type\":\"ListItem\",\"position\":2,\"name\":\"BABYHANDLING I MOTORI\u010cKI RAZVOJ BEBE\"}]},{\"@type\":\"WebSite\",\"@id\":\"https:\/\/zaimovic.com.hr\/#website\",\"url\":\"https:\/\/zaimovic.com.hr\/\",\"name\":\"Iva Zaimovi\u0107\",\"description\":\"Osna\u017dena - balans, ljubav i rast\",\"potentialAction\":[{\"@type\":\"SearchAction\",\"target\":{\"@type\":\"EntryPoint\",\"urlTemplate\":\"https:\/\/zaimovic.com.hr\/?s={search_term_string}\"},\"query-input\":{\"@type\":\"PropertyValueSpecification\",\"valueRequired\":true,\"valueName\":\"search_term_string\"}}],\"inLanguage\":\"hr\"},{\"@type\":\"Person\",\"@id\":\"https:\/\/zaimovic.com.hr\/#\/schema\/person\/46635fda1b928c40087a65c50fda63ec\",\"name\":\"Iva Zaimovi\u0107\",\"image\":{\"@type\":\"ImageObject\",\"inLanguage\":\"hr\",\"@id\":\"https:\/\/zaimovic.com.hr\/#\/schema\/person\/image\/\",\"url\":\"https:\/\/secure.gravatar.com\/avatar\/f945de162461501123845d3f733fe63d?s=96&d=mm&r=g\",\"contentUrl\":\"https:\/\/secure.gravatar.com\/avatar\/f945de162461501123845d3f733fe63d?s=96&d=mm&r=g\",\"caption\":\"Iva Zaimovi\u0107\"},\"sameAs\":[\"https:\/\/zaimovic.com.hr\",\"https:\/\/www.facebook.com\/velikeimalemisli\",\"https:\/\/www.instagram.com\/ivazaimovic\/\"],\"url\":\"https:\/\/zaimovic.com.hr\/index.php\/author\/yrcqptp1bb\/\"}]}<\/script>\n<!-- \/ Yoast SEO plugin. -->","yoast_head_json":{"title":"BABYHANDLING I MOTORI\u010cKI RAZVOJ BEBE - Iva Zaimovi\u0107","description":"Babyhandling je pravilno postupanje s bebom - ne\u0161to \u0161to svaki roditelj treba znati. Pra\u0107enjem motori\u010dkog razvoja doprinosite urednom razvoju.","robots":{"index":"index","follow":"follow","max-snippet":"max-snippet:-1","max-image-preview":"max-image-preview:large","max-video-preview":"max-video-preview:-1"},"canonical":"https:\/\/zaimovic.com.hr\/index.php\/2025\/03\/17\/babyhandling-sto-kaze-fizioterapeutkinja\/","og_locale":"hr_HR","og_type":"article","og_title":"BABYHANDLING I MOTORI\u010cKI RAZVOJ BEBE - Iva Zaimovi\u0107","og_description":"Babyhandling je pravilno postupanje s bebom - ne\u0161to \u0161to svaki roditelj treba znati. Pra\u0107enjem motori\u010dkog razvoja doprinosite urednom razvoju.","og_url":"https:\/\/zaimovic.com.hr\/index.php\/2025\/03\/17\/babyhandling-sto-kaze-fizioterapeutkinja\/","og_site_name":"Iva Zaimovi\u0107","article_author":"https:\/\/www.facebook.com\/velikeimalemisli","article_published_time":"2025-03-17T09:39:16+00:00","article_modified_time":"2025-03-17T09:39:17+00:00","og_image":[{"width":2048,"height":1463,"url":"https:\/\/zaimovic.com.hr\/wp-content\/uploads\/2025\/03\/ivana1.jpg","type":"image\/jpeg"}],"author":"Iva Zaimovi\u0107","twitter_card":"summary_large_image","twitter_misc":{"Napisao\/la":"Iva Zaimovi\u0107","Procijenjeno vrijeme \u010ditanja":"11 minuta"},"schema":{"@context":"https:\/\/schema.org","@graph":[{"@type":"WebPage","@id":"https:\/\/zaimovic.com.hr\/index.php\/2025\/03\/17\/babyhandling-sto-kaze-fizioterapeutkinja\/","url":"https:\/\/zaimovic.com.hr\/index.php\/2025\/03\/17\/babyhandling-sto-kaze-fizioterapeutkinja\/","name":"BABYHANDLING I MOTORI\u010cKI RAZVOJ BEBE - Iva Zaimovi\u0107","isPartOf":{"@id":"https:\/\/zaimovic.com.hr\/#website"},"primaryImageOfPage":{"@id":"https:\/\/zaimovic.com.hr\/index.php\/2025\/03\/17\/babyhandling-sto-kaze-fizioterapeutkinja\/#primaryimage"},"image":{"@id":"https:\/\/zaimovic.com.hr\/index.php\/2025\/03\/17\/babyhandling-sto-kaze-fizioterapeutkinja\/#primaryimage"},"thumbnailUrl":"https:\/\/zaimovic.com.hr\/wp-content\/uploads\/2025\/03\/ivana1.jpg","datePublished":"2025-03-17T09:39:16+00:00","dateModified":"2025-03-17T09:39:17+00:00","author":{"@id":"https:\/\/zaimovic.com.hr\/#\/schema\/person\/46635fda1b928c40087a65c50fda63ec"},"description":"Babyhandling je pravilno postupanje s bebom - ne\u0161to \u0161to svaki roditelj treba znati. Pra\u0107enjem motori\u010dkog razvoja doprinosite urednom razvoju.","breadcrumb":{"@id":"https:\/\/zaimovic.com.hr\/index.php\/2025\/03\/17\/babyhandling-sto-kaze-fizioterapeutkinja\/#breadcrumb"},"inLanguage":"hr","potentialAction":[{"@type":"ReadAction","target":["https:\/\/zaimovic.com.hr\/index.php\/2025\/03\/17\/babyhandling-sto-kaze-fizioterapeutkinja\/"]}]},{"@type":"ImageObject","inLanguage":"hr","@id":"https:\/\/zaimovic.com.hr\/index.php\/2025\/03\/17\/babyhandling-sto-kaze-fizioterapeutkinja\/#primaryimage","url":"https:\/\/zaimovic.com.hr\/wp-content\/uploads\/2025\/03\/ivana1.jpg","contentUrl":"https:\/\/zaimovic.com.hr\/wp-content\/uploads\/2025\/03\/ivana1.jpg","width":2048,"height":1463,"caption":"Ivana \u0160tedul, fizioterapeut, bowen, emmett"},{"@type":"BreadcrumbList","@id":"https:\/\/zaimovic.com.hr\/index.php\/2025\/03\/17\/babyhandling-sto-kaze-fizioterapeutkinja\/#breadcrumb","itemListElement":[{"@type":"ListItem","position":1,"name":"Po\u010detna stranica","item":"https:\/\/zaimovic.com.hr\/"},{"@type":"ListItem","position":2,"name":"BABYHANDLING I MOTORI\u010cKI RAZVOJ BEBE"}]},{"@type":"WebSite","@id":"https:\/\/zaimovic.com.hr\/#website","url":"https:\/\/zaimovic.com.hr\/","name":"Iva Zaimovi\u0107","description":"Osna\u017dena - balans, ljubav i rast","potentialAction":[{"@type":"SearchAction","target":{"@type":"EntryPoint","urlTemplate":"https:\/\/zaimovic.com.hr\/?s={search_term_string}"},"query-input":{"@type":"PropertyValueSpecification","valueRequired":true,"valueName":"search_term_string"}}],"inLanguage":"hr"},{"@type":"Person","@id":"https:\/\/zaimovic.com.hr\/#\/schema\/person\/46635fda1b928c40087a65c50fda63ec","name":"Iva Zaimovi\u0107","image":{"@type":"ImageObject","inLanguage":"hr","@id":"https:\/\/zaimovic.com.hr\/#\/schema\/person\/image\/","url":"https:\/\/secure.gravatar.com\/avatar\/f945de162461501123845d3f733fe63d?s=96&d=mm&r=g","contentUrl":"https:\/\/secure.gravatar.com\/avatar\/f945de162461501123845d3f733fe63d?s=96&d=mm&r=g","caption":"Iva Zaimovi\u0107"},"sameAs":["https:\/\/zaimovic.com.hr","https:\/\/www.facebook.com\/velikeimalemisli","https:\/\/www.instagram.com\/ivazaimovic\/"],"url":"https:\/\/zaimovic.com.hr\/index.php\/author\/yrcqptp1bb\/"}]}},"blog_post_layout_featured_media_urls":{"thumbnail":["https:\/\/zaimovic.com.hr\/wp-content\/uploads\/2025\/03\/ivana1-150x150.jpg",150,150,true],"full":["https:\/\/zaimovic.com.hr\/wp-content\/uploads\/2025\/03\/ivana1.jpg",2048,1463,false]},"categories_names":{"72":{"name":"Podr\u017eana u maj\u010dinstvu","link":"https:\/\/zaimovic.com.hr\/index.php\/category\/podrzana-u-majcinstvu\/"}},"tags_names":{"85":{"name":"babyhandling","link":"https:\/\/zaimovic.com.hr\/index.php\/tag\/babyhandling\/"},"86":{"name":"motori\u010dki razvoj","link":"https:\/\/zaimovic.com.hr\/index.php\/tag\/motoricki-razvoj\/"}},"comments_number":"0","_links":{"self":[{"href":"https:\/\/zaimovic.com.hr\/index.php\/wp-json\/wp\/v2\/posts\/1106"}],"collection":[{"href":"https:\/\/zaimovic.com.hr\/index.php\/wp-json\/wp\/v2\/posts"}],"about":[{"href":"https:\/\/zaimovic.com.hr\/index.php\/wp-json\/wp\/v2\/types\/post"}],"author":[{"embeddable":true,"href":"https:\/\/zaimovic.com.hr\/index.php\/wp-json\/wp\/v2\/users\/1"}],"replies":[{"embeddable":true,"href":"https:\/\/zaimovic.com.hr\/index.php\/wp-json\/wp\/v2\/comments?post=1106"}],"version-history":[{"count":5,"href":"https:\/\/zaimovic.com.hr\/index.php\/wp-json\/wp\/v2\/posts\/1106\/revisions"}],"predecessor-version":[{"id":1119,"href":"https:\/\/zaimovic.com.hr\/index.php\/wp-json\/wp\/v2\/posts\/1106\/revisions\/1119"}],"wp:featuredmedia":[{"embeddable":true,"href":"https:\/\/zaimovic.com.hr\/index.php\/wp-json\/wp\/v2\/media\/1112"}],"wp:attachment":[{"href":"https:\/\/zaimovic.com.hr\/index.php\/wp-json\/wp\/v2\/media?parent=1106"}],"wp:term":[{"taxonomy":"category","embeddable":true,"href":"https:\/\/zaimovic.com.hr\/index.php\/wp-json\/wp\/v2\/categories?post=1106"},{"taxonomy":"post_tag","embeddable":true,"href":"https:\/\/zaimovic.com.hr\/index.php\/wp-json\/wp\/v2\/tags?post=1106"}],"curies":[{"name":"wp","href":"https:\/\/api.w.org\/{rel}","templated":true}]}}