{"id":178,"date":"2020-08-28T13:03:10","date_gmt":"2020-08-28T13:03:10","guid":{"rendered":"http:\/\/zaimovic.com.hr\/?p=178"},"modified":"2024-04-29T10:24:09","modified_gmt":"2024-04-29T10:24:09","slug":"draga-zeno","status":"publish","type":"post","link":"https:\/\/zaimovic.com.hr\/index.php\/2020\/08\/28\/draga-zeno\/","title":{"rendered":"Stihovi nadahnuti \u017eenama"},"content":{"rendered":"\n<h2 class=\"wp-block-heading\">Draga \u017eeno, stani na tren<\/h2>\n\n\n\n<pre class=\"wp-block-verse\">Draga \u017eeno,\nDraga moja,\nStani na tren i udahni duboko.\n\nUmiri se, ne\u0107e ni\u0161ta nigdje pobje\u0107i.\n<strong>Osvrni se oko sebe i osluhni, o\u0107uti.<\/strong>\nOno ispod vike i dje\u010djih nesta\u0161luka, ono u sebi.\n\n<strong>Osluhni si otkucaje srca<\/strong>.\nDi\u0161e\u0161 li uop\u0107e ili stalno hvata\u0161 kratak dah?\n\n<strong>Uzmi trenutak za sebe<\/strong> jer daju\u0107i sebi \nne oduzima\u0161 djeci nego im daje\u0161 jo\u0161 vi\u0161e. \nLak\u0161e je posvetiti se drugima, ako prona\u0111emo trenutak u danu u kojem se posvetimo samo sebi. Znam da nije uvijek lako....\n\n<strong>Osvijesti cijelo svoje bi\u0107e.<\/strong>\n\nU kojem si polo\u017eaju sada?\n<strong>Skriva\u0161 li se<\/strong> od djece na kratkoj pu\u0161-pi\u0161 pauzi \nili poskrive\u010dki \u010dita\u0161 odlomak knjige koju nikako \nne uspijeva\u0161 pro\u010ditati do kraja?\n\n<strong>Smije\u0161 li se sada?<\/strong>\n<strong>Dopusti si<\/strong> osmijeh usprkos dnevnim i svakodnevnim brigama i nevoljama.\nToga \u0107e uvijek biti, a s osmijehom na licu sve je lak\u0161e. \nKad ti se usne smije\u0161e, \n<strong>Ti \u0161alje\u0161 poruku svom umu<\/strong> da je sve u redu, da si sretna.\n\nKad prihvati\u0161 da je <strong>sve onako kako treba biti<\/strong>, \nBit \u0107e lak\u0161e nasmije\u0161iti se i iskreno se <strong>zahvaliti <\/strong>na \nSvakom trenutku onoga \u0161to si <strong>pro\u017eivjela i pre\u017eivjela<\/strong>.\n\nOsmjehni se i osluhni kako je <strong>\u017eivot lijep<\/strong>.\nKad je najte\u017ee, zastani i sjeti se sebe.\nNapuni svoje baterije ne\u010dim \u0161to voli\u0161 raditi, \nNe\u010dim \u0161to <strong>ispunjava dubinu tvog bi\u0107a.<\/strong>\n\nUzmi djecu i partnera pa provedite dan u prirodi. \nZemlja i svje\u017e zrak opu\u0161ta djecu, a i tebe ako to dopusti\u0161. \n<strong>Priroda smiruje duh, um i tijelo, ne\u0161to \u0161to je stalno nemirno. <\/strong>\nIstinski se povezujemo s prirodom \nI podsje\u0107amo se na ono <strong>dublje u nama<\/strong>.\n\nOno skriveno.\n\n<strong>Dopusti si takve trenutke.<\/strong>\n\n<strong>Dopusti si biti \u017eena<\/strong>, ne samo i uvijek majka, prijateljica, k\u0107i.\n<strong>Podsjeti se tko si, \u0161to si sanjala i \u0161to sada sniva\u0161.<\/strong>\n\n\u017deli\u0161 li ne\u0161to drugo? <strong>\u0160to te sprje\u010dava da to i ostvari\u0161?<\/strong>\nMo\u017eda ti samu sebe?\n\nNajgore je kad si sami stvaramo prepreke \nI kad smo sami sebi prepreka.\n\n<strong>Glavu gore i osmjehni se,<\/strong>\nDraga \u017eeno.<\/pre>\n\n\n\n<p><\/p>\n","protected":false},"excerpt":{"rendered":"<p>Draga \u017eeno, stani na tren Draga \u017eeno, Draga moja, Stani na tren i udahni duboko. Umiri se, ne\u0107e ni\u0161ta nigdje pobje\u0107i. Osvrni se oko sebe i osluhni, o\u0107uti. Ono ispod vike i dje\u010djih nesta\u0161luka, ono u sebi. Osluhni si otkucaje srca. Di\u0161e\u0161 li uop\u0107e ili stalno hvata\u0161 kratak dah? Uzmi trenutak za sebe jer daju\u0107i&hellip;&nbsp;<a href=\"https:\/\/zaimovic.com.hr\/index.php\/2020\/08\/28\/draga-zeno\/\" rel=\"bookmark\">Read More &raquo;<span class=\"screen-reader-text\">Stihovi nadahnuti \u017eenama<\/span><\/a><\/p>\n","protected":false},"author":1,"featured_media":180,"comment_status":"open","ping_status":"open","sticky":false,"template":"","format":"standard","meta":{"neve_meta_sidebar":"","neve_meta_container":"","neve_meta_enable_content_width":"","neve_meta_content_width":0,"neve_meta_title_alignment":"","neve_meta_author_avatar":"","neve_post_elements_order":"","neve_meta_disable_header":"","neve_meta_disable_footer":"","neve_meta_disable_title":"","footnotes":""},"categories":[69],"tags":[],"yoast_head":"<!-- This site is optimized with the Yoast SEO plugin v24.5 - https:\/\/yoast.com\/wordpress\/plugins\/seo\/ -->\n<title>Stihovi nadahnuti \u017eenama - Iva Zaimovi\u0107<\/title>\n<meta name=\"description\" content=\"Draga \u017eeno, skriva\u0161 li se od djece na kratkoj pu\u0161-pi\u0161 pauzi ili poskrive\u010dki \u010dita\u0161 odlomak knjige koju nikako ne uspijeva\u0161 pro\u010ditati do kraja?\" \/>\n<meta name=\"robots\" content=\"index, follow, max-snippet:-1, max-image-preview:large, max-video-preview:-1\" \/>\n<link rel=\"canonical\" href=\"https:\/\/zaimovic.com.hr\/index.php\/2020\/08\/28\/draga-zeno\/\" \/>\n<meta property=\"og:locale\" content=\"hr_HR\" \/>\n<meta property=\"og:type\" content=\"article\" \/>\n<meta property=\"og:title\" content=\"Stihovi nadahnuti \u017eenama - Iva Zaimovi\u0107\" \/>\n<meta property=\"og:description\" content=\"Draga \u017eeno, skriva\u0161 li se od djece na kratkoj pu\u0161-pi\u0161 pauzi ili poskrive\u010dki \u010dita\u0161 odlomak knjige koju nikako ne uspijeva\u0161 pro\u010ditati do kraja?\" \/>\n<meta property=\"og:url\" content=\"https:\/\/zaimovic.com.hr\/index.php\/2020\/08\/28\/draga-zeno\/\" \/>\n<meta property=\"og:site_name\" content=\"Iva Zaimovi\u0107\" \/>\n<meta property=\"article:author\" content=\"https:\/\/www.facebook.com\/velikeimalemisli\" \/>\n<meta property=\"article:published_time\" content=\"2020-08-28T13:03:10+00:00\" \/>\n<meta property=\"article:modified_time\" content=\"2024-04-29T10:24:09+00:00\" \/>\n<meta property=\"og:image\" content=\"https:\/\/zaimovic.com.hr\/wp-content\/uploads\/2020\/08\/Draga-zeno.jpg\" \/>\n\t<meta property=\"og:image:width\" content=\"956\" \/>\n\t<meta property=\"og:image:height\" content=\"514\" \/>\n\t<meta property=\"og:image:type\" content=\"image\/jpeg\" \/>\n<meta name=\"author\" content=\"Iva Zaimovi\u0107\" \/>\n<meta name=\"twitter:card\" content=\"summary_large_image\" \/>\n<meta name=\"twitter:label1\" content=\"Napisao\/la\" \/>\n\t<meta name=\"twitter:data1\" content=\"Iva Zaimovi\u0107\" \/>\n\t<meta name=\"twitter:label2\" content=\"Procijenjeno vrijeme \u010ditanja\" \/>\n\t<meta name=\"twitter:data2\" content=\"1 minuta\" \/>\n<script type=\"application\/ld+json\" class=\"yoast-schema-graph\">{\"@context\":\"https:\/\/schema.org\",\"@graph\":[{\"@type\":\"WebPage\",\"@id\":\"https:\/\/zaimovic.com.hr\/index.php\/2020\/08\/28\/draga-zeno\/\",\"url\":\"https:\/\/zaimovic.com.hr\/index.php\/2020\/08\/28\/draga-zeno\/\",\"name\":\"Stihovi nadahnuti \u017eenama - Iva Zaimovi\u0107\",\"isPartOf\":{\"@id\":\"https:\/\/zaimovic.com.hr\/#website\"},\"primaryImageOfPage\":{\"@id\":\"https:\/\/zaimovic.com.hr\/index.php\/2020\/08\/28\/draga-zeno\/#primaryimage\"},\"image\":{\"@id\":\"https:\/\/zaimovic.com.hr\/index.php\/2020\/08\/28\/draga-zeno\/#primaryimage\"},\"thumbnailUrl\":\"https:\/\/zaimovic.com.hr\/wp-content\/uploads\/2020\/08\/Draga-zeno.jpg\",\"datePublished\":\"2020-08-28T13:03:10+00:00\",\"dateModified\":\"2024-04-29T10:24:09+00:00\",\"author\":{\"@id\":\"https:\/\/zaimovic.com.hr\/#\/schema\/person\/46635fda1b928c40087a65c50fda63ec\"},\"description\":\"Draga \u017eeno, skriva\u0161 li se od djece na kratkoj pu\u0161-pi\u0161 pauzi ili poskrive\u010dki \u010dita\u0161 odlomak knjige koju nikako ne uspijeva\u0161 pro\u010ditati do kraja?\",\"breadcrumb\":{\"@id\":\"https:\/\/zaimovic.com.hr\/index.php\/2020\/08\/28\/draga-zeno\/#breadcrumb\"},\"inLanguage\":\"hr\",\"potentialAction\":[{\"@type\":\"ReadAction\",\"target\":[\"https:\/\/zaimovic.com.hr\/index.php\/2020\/08\/28\/draga-zeno\/\"]}]},{\"@type\":\"ImageObject\",\"inLanguage\":\"hr\",\"@id\":\"https:\/\/zaimovic.com.hr\/index.php\/2020\/08\/28\/draga-zeno\/#primaryimage\",\"url\":\"https:\/\/zaimovic.com.hr\/wp-content\/uploads\/2020\/08\/Draga-zeno.jpg\",\"contentUrl\":\"https:\/\/zaimovic.com.hr\/wp-content\/uploads\/2020\/08\/Draga-zeno.jpg\",\"width\":956,\"height\":514},{\"@type\":\"BreadcrumbList\",\"@id\":\"https:\/\/zaimovic.com.hr\/index.php\/2020\/08\/28\/draga-zeno\/#breadcrumb\",\"itemListElement\":[{\"@type\":\"ListItem\",\"position\":1,\"name\":\"Po\u010detna stranica\",\"item\":\"https:\/\/zaimovic.com.hr\/\"},{\"@type\":\"ListItem\",\"position\":2,\"name\":\"Stihovi nadahnuti \u017eenama\"}]},{\"@type\":\"WebSite\",\"@id\":\"https:\/\/zaimovic.com.hr\/#website\",\"url\":\"https:\/\/zaimovic.com.hr\/\",\"name\":\"Iva Zaimovi\u0107\",\"description\":\"Osna\u017dena - balans, ljubav i rast\",\"potentialAction\":[{\"@type\":\"SearchAction\",\"target\":{\"@type\":\"EntryPoint\",\"urlTemplate\":\"https:\/\/zaimovic.com.hr\/?s={search_term_string}\"},\"query-input\":{\"@type\":\"PropertyValueSpecification\",\"valueRequired\":true,\"valueName\":\"search_term_string\"}}],\"inLanguage\":\"hr\"},{\"@type\":\"Person\",\"@id\":\"https:\/\/zaimovic.com.hr\/#\/schema\/person\/46635fda1b928c40087a65c50fda63ec\",\"name\":\"Iva Zaimovi\u0107\",\"image\":{\"@type\":\"ImageObject\",\"inLanguage\":\"hr\",\"@id\":\"https:\/\/zaimovic.com.hr\/#\/schema\/person\/image\/\",\"url\":\"https:\/\/secure.gravatar.com\/avatar\/f945de162461501123845d3f733fe63d?s=96&d=mm&r=g\",\"contentUrl\":\"https:\/\/secure.gravatar.com\/avatar\/f945de162461501123845d3f733fe63d?s=96&d=mm&r=g\",\"caption\":\"Iva Zaimovi\u0107\"},\"sameAs\":[\"https:\/\/zaimovic.com.hr\",\"https:\/\/www.facebook.com\/velikeimalemisli\",\"https:\/\/www.instagram.com\/ivazaimovic\/\"],\"url\":\"https:\/\/zaimovic.com.hr\/index.php\/author\/yrcqptp1bb\/\"}]}<\/script>\n<!-- \/ Yoast SEO plugin. -->","yoast_head_json":{"title":"Stihovi nadahnuti \u017eenama - Iva Zaimovi\u0107","description":"Draga \u017eeno, skriva\u0161 li se od djece na kratkoj pu\u0161-pi\u0161 pauzi ili poskrive\u010dki \u010dita\u0161 odlomak knjige koju nikako ne uspijeva\u0161 pro\u010ditati do kraja?","robots":{"index":"index","follow":"follow","max-snippet":"max-snippet:-1","max-image-preview":"max-image-preview:large","max-video-preview":"max-video-preview:-1"},"canonical":"https:\/\/zaimovic.com.hr\/index.php\/2020\/08\/28\/draga-zeno\/","og_locale":"hr_HR","og_type":"article","og_title":"Stihovi nadahnuti \u017eenama - Iva Zaimovi\u0107","og_description":"Draga \u017eeno, skriva\u0161 li se od djece na kratkoj pu\u0161-pi\u0161 pauzi ili poskrive\u010dki \u010dita\u0161 odlomak knjige koju nikako ne uspijeva\u0161 pro\u010ditati do kraja?","og_url":"https:\/\/zaimovic.com.hr\/index.php\/2020\/08\/28\/draga-zeno\/","og_site_name":"Iva Zaimovi\u0107","article_author":"https:\/\/www.facebook.com\/velikeimalemisli","article_published_time":"2020-08-28T13:03:10+00:00","article_modified_time":"2024-04-29T10:24:09+00:00","og_image":[{"width":956,"height":514,"url":"https:\/\/zaimovic.com.hr\/wp-content\/uploads\/2020\/08\/Draga-zeno.jpg","type":"image\/jpeg"}],"author":"Iva Zaimovi\u0107","twitter_card":"summary_large_image","twitter_misc":{"Napisao\/la":"Iva Zaimovi\u0107","Procijenjeno vrijeme \u010ditanja":"1 minuta"},"schema":{"@context":"https:\/\/schema.org","@graph":[{"@type":"WebPage","@id":"https:\/\/zaimovic.com.hr\/index.php\/2020\/08\/28\/draga-zeno\/","url":"https:\/\/zaimovic.com.hr\/index.php\/2020\/08\/28\/draga-zeno\/","name":"Stihovi nadahnuti \u017eenama - Iva Zaimovi\u0107","isPartOf":{"@id":"https:\/\/zaimovic.com.hr\/#website"},"primaryImageOfPage":{"@id":"https:\/\/zaimovic.com.hr\/index.php\/2020\/08\/28\/draga-zeno\/#primaryimage"},"image":{"@id":"https:\/\/zaimovic.com.hr\/index.php\/2020\/08\/28\/draga-zeno\/#primaryimage"},"thumbnailUrl":"https:\/\/zaimovic.com.hr\/wp-content\/uploads\/2020\/08\/Draga-zeno.jpg","datePublished":"2020-08-28T13:03:10+00:00","dateModified":"2024-04-29T10:24:09+00:00","author":{"@id":"https:\/\/zaimovic.com.hr\/#\/schema\/person\/46635fda1b928c40087a65c50fda63ec"},"description":"Draga \u017eeno, skriva\u0161 li se od djece na kratkoj pu\u0161-pi\u0161 pauzi ili poskrive\u010dki \u010dita\u0161 odlomak knjige koju nikako ne uspijeva\u0161 pro\u010ditati do kraja?","breadcrumb":{"@id":"https:\/\/zaimovic.com.hr\/index.php\/2020\/08\/28\/draga-zeno\/#breadcrumb"},"inLanguage":"hr","potentialAction":[{"@type":"ReadAction","target":["https:\/\/zaimovic.com.hr\/index.php\/2020\/08\/28\/draga-zeno\/"]}]},{"@type":"ImageObject","inLanguage":"hr","@id":"https:\/\/zaimovic.com.hr\/index.php\/2020\/08\/28\/draga-zeno\/#primaryimage","url":"https:\/\/zaimovic.com.hr\/wp-content\/uploads\/2020\/08\/Draga-zeno.jpg","contentUrl":"https:\/\/zaimovic.com.hr\/wp-content\/uploads\/2020\/08\/Draga-zeno.jpg","width":956,"height":514},{"@type":"BreadcrumbList","@id":"https:\/\/zaimovic.com.hr\/index.php\/2020\/08\/28\/draga-zeno\/#breadcrumb","itemListElement":[{"@type":"ListItem","position":1,"name":"Po\u010detna stranica","item":"https:\/\/zaimovic.com.hr\/"},{"@type":"ListItem","position":2,"name":"Stihovi nadahnuti \u017eenama"}]},{"@type":"WebSite","@id":"https:\/\/zaimovic.com.hr\/#website","url":"https:\/\/zaimovic.com.hr\/","name":"Iva Zaimovi\u0107","description":"Osna\u017dena - balans, ljubav i rast","potentialAction":[{"@type":"SearchAction","target":{"@type":"EntryPoint","urlTemplate":"https:\/\/zaimovic.com.hr\/?s={search_term_string}"},"query-input":{"@type":"PropertyValueSpecification","valueRequired":true,"valueName":"search_term_string"}}],"inLanguage":"hr"},{"@type":"Person","@id":"https:\/\/zaimovic.com.hr\/#\/schema\/person\/46635fda1b928c40087a65c50fda63ec","name":"Iva Zaimovi\u0107","image":{"@type":"ImageObject","inLanguage":"hr","@id":"https:\/\/zaimovic.com.hr\/#\/schema\/person\/image\/","url":"https:\/\/secure.gravatar.com\/avatar\/f945de162461501123845d3f733fe63d?s=96&d=mm&r=g","contentUrl":"https:\/\/secure.gravatar.com\/avatar\/f945de162461501123845d3f733fe63d?s=96&d=mm&r=g","caption":"Iva Zaimovi\u0107"},"sameAs":["https:\/\/zaimovic.com.hr","https:\/\/www.facebook.com\/velikeimalemisli","https:\/\/www.instagram.com\/ivazaimovic\/"],"url":"https:\/\/zaimovic.com.hr\/index.php\/author\/yrcqptp1bb\/"}]}},"blog_post_layout_featured_media_urls":{"thumbnail":["https:\/\/zaimovic.com.hr\/wp-content\/uploads\/2020\/08\/Draga-zeno-150x150.jpg",150,150,true],"full":["https:\/\/zaimovic.com.hr\/wp-content\/uploads\/2020\/08\/Draga-zeno.jpg",956,514,false]},"categories_names":{"69":{"name":"Pri\u010de i stihovi","link":"https:\/\/zaimovic.com.hr\/index.php\/category\/blog\/price-i-stihovi\/"}},"tags_names":[],"comments_number":"0","_links":{"self":[{"href":"https:\/\/zaimovic.com.hr\/index.php\/wp-json\/wp\/v2\/posts\/178"}],"collection":[{"href":"https:\/\/zaimovic.com.hr\/index.php\/wp-json\/wp\/v2\/posts"}],"about":[{"href":"https:\/\/zaimovic.com.hr\/index.php\/wp-json\/wp\/v2\/types\/post"}],"author":[{"embeddable":true,"href":"https:\/\/zaimovic.com.hr\/index.php\/wp-json\/wp\/v2\/users\/1"}],"replies":[{"embeddable":true,"href":"https:\/\/zaimovic.com.hr\/index.php\/wp-json\/wp\/v2\/comments?post=178"}],"version-history":[{"count":4,"href":"https:\/\/zaimovic.com.hr\/index.php\/wp-json\/wp\/v2\/posts\/178\/revisions"}],"predecessor-version":[{"id":284,"href":"https:\/\/zaimovic.com.hr\/index.php\/wp-json\/wp\/v2\/posts\/178\/revisions\/284"}],"wp:featuredmedia":[{"embeddable":true,"href":"https:\/\/zaimovic.com.hr\/index.php\/wp-json\/wp\/v2\/media\/180"}],"wp:attachment":[{"href":"https:\/\/zaimovic.com.hr\/index.php\/wp-json\/wp\/v2\/media?parent=178"}],"wp:term":[{"taxonomy":"category","embeddable":true,"href":"https:\/\/zaimovic.com.hr\/index.php\/wp-json\/wp\/v2\/categories?post=178"},{"taxonomy":"post_tag","embeddable":true,"href":"https:\/\/zaimovic.com.hr\/index.php\/wp-json\/wp\/v2\/tags?post=178"}],"curies":[{"name":"wp","href":"https:\/\/api.w.org\/{rel}","templated":true}]}}