{"id":184,"date":"2020-08-28T13:37:50","date_gmt":"2020-08-28T13:37:50","guid":{"rendered":"http:\/\/zaimovic.com.hr\/?p=184"},"modified":"2024-04-29T10:33:29","modified_gmt":"2024-04-29T10:33:29","slug":"izgubljena-i-sama","status":"publish","type":"post","link":"https:\/\/zaimovic.com.hr\/index.php\/2020\/08\/28\/izgubljena-i-sama\/","title":{"rendered":"Izgubljena i sama"},"content":{"rendered":"\n<p>Polako kora\u010dam.<\/p>\n\n\n\n<p>Noga ispred noge, mislim si.<\/p>\n\n\n\n<p>Jedan, dva.<\/p>\n\n\n\n<p>Ili pak jedan, dva, tri, \u010detiri\u2026<\/p>\n\n\n\n<p>Sve samo da uspijem progurati ovaj dan. Da uspijem pre\u017eivjeti jo\u0161 jedan dan, a da se moja tuga ne prelije po povr\u0161ini. Imam osje\u0107aj, da ako to dopustim, da se vi\u0161e nikad ne\u0107u oporaviti.<br>Da nikad ne\u0107u prestati plakati. Ili mo\u017eda budem, ali ne dok moje suze ne napune jedan novi ocean.<\/p>\n\n\n\n<p>Kako \u0107u onda dalje? Kako \u0107u se svaki dan ustati i spremiti se za posao? Kako \u0107u se brinuti za na\u0161u, odnosno sada, za moju djecu? Kako \u0107u se brinuti za njih, ako se ne mogu brinuti ni za sebe? Ne mogu podnijeti njihova mala zabrinuta lica, lica s upitnikom iznad malenih glavica jer ne shva\u0107aju \u0161to se doga\u0111a.<\/p>\n\n\n\n<p>Meni, njima, nama.<\/p>\n\n\n\n<p>Izgubljena sam&#8230;<\/p>\n\n\n\n<p>Iskreno, niti ja jo\u0161 ne razumijem \u0161to se doga\u0111a i kako \u0107u dalje. Ne znam ni \u017eelim li uop\u0107e razumjeti.<br>Za sad znam, da ako prestanem kora\u010dati, ako prestanem stavljati nogu ispred noge, obvezu ispred obveze, da \u0107u se raspasti. Moj krevet \u0107e biti natopljen tugom koju vi\u0161e ne\u0107u mo\u0107i staviti pod klju\u010d.<\/p>\n\n\n\n<p>A \u0161to \u0107u onda?<\/p>\n\n\n\n<div class=\"wp-block-group\"><div class=\"wp-block-group__inner-container is-layout-flow wp-block-group-is-layout-flow\">\n<div class=\"wp-block-group\"><div class=\"wp-block-group__inner-container is-layout-flow wp-block-group-is-layout-flow\">\n<figure class=\"wp-block-gallery aligncenter columns-2 is-cropped wp-block-gallery-1 is-layout-flex wp-block-gallery-is-layout-flex\"><ul class=\"blocks-gallery-grid\"><li class=\"blocks-gallery-item\"><figure><img fetchpriority=\"high\" decoding=\"async\" width=\"1024\" height=\"683\" src=\"http:\/\/zaimovic.com.hr\/wp-content\/uploads\/2020\/07\/women-with-flowers-1024x683.jpg\" alt=\"\" data-id=\"85\" data-full-url=\"http:\/\/zaimovic.com.hr\/wp-content\/uploads\/2020\/07\/women-with-flowers.jpg\" data-link=\"http:\/\/zaimovic.com.hr\/index.php\/2020\/07\/08\/accepting-and-appreciating-yourself__trashed\/women-with-flowers\/\" class=\"wp-image-85\" srcset=\"https:\/\/zaimovic.com.hr\/wp-content\/uploads\/2020\/07\/women-with-flowers-1024x683.jpg 1024w, https:\/\/zaimovic.com.hr\/wp-content\/uploads\/2020\/07\/women-with-flowers-300x200.jpg 300w, https:\/\/zaimovic.com.hr\/wp-content\/uploads\/2020\/07\/women-with-flowers-768x512.jpg 768w, https:\/\/zaimovic.com.hr\/wp-content\/uploads\/2020\/07\/women-with-flowers.jpg 1200w\" sizes=\"(max-width: 1024px) 100vw, 1024px\" \/><\/figure><\/li><li class=\"blocks-gallery-item\"><figure><img decoding=\"async\" width=\"1024\" height=\"683\" src=\"http:\/\/zaimovic.com.hr\/wp-content\/uploads\/2020\/07\/tatto-girl-1024x683.jpg\" alt=\"\" data-id=\"61\" data-full-url=\"http:\/\/zaimovic.com.hr\/wp-content\/uploads\/2020\/07\/tatto-girl.jpg\" data-link=\"http:\/\/zaimovic.com.hr\/index.php\/2020\/07\/08\/importance-of-self-love-and-care__trashed\/tatto-girl\/\" class=\"wp-image-61\" srcset=\"https:\/\/zaimovic.com.hr\/wp-content\/uploads\/2020\/07\/tatto-girl-1024x683.jpg 1024w, https:\/\/zaimovic.com.hr\/wp-content\/uploads\/2020\/07\/tatto-girl-300x200.jpg 300w, https:\/\/zaimovic.com.hr\/wp-content\/uploads\/2020\/07\/tatto-girl-768x512.jpg 768w, https:\/\/zaimovic.com.hr\/wp-content\/uploads\/2020\/07\/tatto-girl.jpg 1200w\" sizes=\"(max-width: 1024px) 100vw, 1024px\" \/><\/figure><\/li><\/ul><\/figure>\n<\/div><\/div>\n<\/div><\/div>\n\n\n\n<p><\/p>\n\n\n\n<p>\u201eDraga, je li toliko lo\u0161e biti izgubljena, za sada, ispustiti i otpustiti svoju tugu? Otklju\u010dati klju\u010danicu koju pa\u017eljivo \u010duva\u0161, koja te u isto vrijeme tje\u0161i i polako ubija. Je li toliko lo\u0161e isplakati toliko suza pa da napuni\u0161 jedan novi ocean? Mogu\u0107e da je. Znam da pati\u0161, da si izgubljena, da se tako osje\u0107a\u0161, da si usamljena, vjerujem da je te\u0161ko, jebeno te\u0161ko. Toliko te\u0161ko koliko nisi ni sanjala da \u0107e biti. Nisi mislila da \u0107e\u0161 morati prolaziti kroz sve ovo, barem ne ovako mlada. Ali nisi sama. Zna\u0161 li to? \u010cak i ako misli\u0161 da jesi, nisi. Vjeruj mi. Potra\u017ei podr\u0161ku, potra\u017ei rame za plakanje, sobu za plakanje, osobu za plakanje. Osobu koja \u0107e biti dovoljno \u010dvrsta, ali i dovoljno meka da, ne samo da izdr\u017ei tvoje suze, nego da ti pomogne obrisati ih. Da ti pomogne pre\u017eivjeti ono najgore. Gubitak je ono najgore, posebno prerani gubitak, neo\u010dekivani gubitak.<\/p>\n\n\n\n<p>S poznatim, bliskim osobama \u010desto postane te\u0161ko nakon nekog vremena. Kao da tugovanje ima neki rok trajanja koji kad pro\u0111e, mora\u0161 se zaustaviti. Kako god zna\u0161. No, stvarni \u017eivot nije takav, ali ipak, ne \u017eeli\u0161 da te bliski ljudi gledaju kako pati\u0161, pa na sebe navla\u010di\u0161, ve\u0107 sada dobro ti poznatu, masku koja govori da si dobro, da si krenula dalje, da mo\u017ee\u0161 sama. \u017deli\u0161 biti hrabra i jaka za svoju djecu, pokazati im da se nemaju \u010dega bojati i ponuditi im svoje, ujedno \u010dvrsto i meko, rame za plakanje, kad za to do\u0111e vrijeme. I to je u redu.<\/p>\n\n\n\n<p>Ohrabri se potra\u017eiti onu pomo\u0107 za koju nisi mislila da \u0107e ti trebati. Pomo\u0107 stru\u010dne, ujedno \u010dvrste i meke, osobe koja \u0107e ti pomo\u0107i pro\u0107i kroz sva sranja tugovanja koja jednostavno mora\u0161 pro\u0107i. To nije slabost, to je najve\u0107a hrabrost. Vjeruj mi, probala sam i isplakala du\u0161u svaki put.\u201c<\/p>\n","protected":false},"excerpt":{"rendered":"<p>Polako kora\u010dam. Noga ispred noge, mislim si. Jedan, dva. Ili pak jedan, dva, tri, \u010detiri\u2026 Sve samo da uspijem progurati ovaj dan. Da uspijem pre\u017eivjeti jo\u0161 jedan dan, a da se moja tuga ne prelije po povr\u0161ini. Imam osje\u0107aj, da ako to dopustim, da se vi\u0161e nikad ne\u0107u oporaviti.Da nikad ne\u0107u prestati plakati. Ili mo\u017eda&hellip;&nbsp;<a href=\"https:\/\/zaimovic.com.hr\/index.php\/2020\/08\/28\/izgubljena-i-sama\/\" rel=\"bookmark\">Read More &raquo;<span class=\"screen-reader-text\">Izgubljena i sama<\/span><\/a><\/p>\n","protected":false},"author":1,"featured_media":186,"comment_status":"open","ping_status":"open","sticky":false,"template":"","format":"standard","meta":{"neve_meta_sidebar":"","neve_meta_container":"","neve_meta_enable_content_width":"","neve_meta_content_width":0,"neve_meta_title_alignment":"","neve_meta_author_avatar":"","neve_post_elements_order":"","neve_meta_disable_header":"","neve_meta_disable_footer":"","neve_meta_disable_title":"","footnotes":""},"categories":[69],"tags":[],"yoast_head":"<!-- This site is optimized with the Yoast SEO plugin v24.5 - https:\/\/yoast.com\/wordpress\/plugins\/seo\/ -->\n<title>Izgubljena i sama - Iva Zaimovi\u0107<\/title>\n<meta name=\"description\" content=\"Izgubljena sam i sama. Znam da ako prestanem kora\u010dati, ako prestanem stavljati nogu ispred noge, obvezu ispred obveze, da \u0107u se raspasti.\" \/>\n<meta name=\"robots\" content=\"index, follow, max-snippet:-1, max-image-preview:large, max-video-preview:-1\" \/>\n<link rel=\"canonical\" href=\"https:\/\/zaimovic.com.hr\/index.php\/2020\/08\/28\/izgubljena-i-sama\/\" \/>\n<meta property=\"og:locale\" content=\"hr_HR\" \/>\n<meta property=\"og:type\" content=\"article\" \/>\n<meta property=\"og:title\" content=\"Izgubljena i sama - Iva Zaimovi\u0107\" \/>\n<meta property=\"og:description\" content=\"Izgubljena sam i sama. Znam da ako prestanem kora\u010dati, ako prestanem stavljati nogu ispred noge, obvezu ispred obveze, da \u0107u se raspasti.\" \/>\n<meta property=\"og:url\" content=\"https:\/\/zaimovic.com.hr\/index.php\/2020\/08\/28\/izgubljena-i-sama\/\" \/>\n<meta property=\"og:site_name\" content=\"Iva Zaimovi\u0107\" \/>\n<meta property=\"article:author\" content=\"https:\/\/www.facebook.com\/velikeimalemisli\" \/>\n<meta property=\"article:published_time\" content=\"2020-08-28T13:37:50+00:00\" \/>\n<meta property=\"article:modified_time\" content=\"2024-04-29T10:33:29+00:00\" \/>\n<meta property=\"og:image\" content=\"https:\/\/zaimovic.com.hr\/wp-content\/uploads\/2020\/08\/Izgubljena-i-sama.jpg\" \/>\n\t<meta property=\"og:image:width\" content=\"960\" \/>\n\t<meta property=\"og:image:height\" content=\"509\" \/>\n\t<meta property=\"og:image:type\" content=\"image\/jpeg\" \/>\n<meta name=\"author\" content=\"Iva Zaimovi\u0107\" \/>\n<meta name=\"twitter:card\" content=\"summary_large_image\" \/>\n<meta name=\"twitter:label1\" content=\"Napisao\/la\" \/>\n\t<meta name=\"twitter:data1\" content=\"Iva Zaimovi\u0107\" \/>\n\t<meta name=\"twitter:label2\" content=\"Procijenjeno vrijeme \u010ditanja\" \/>\n\t<meta name=\"twitter:data2\" content=\"3 minute\" \/>\n<script type=\"application\/ld+json\" class=\"yoast-schema-graph\">{\"@context\":\"https:\/\/schema.org\",\"@graph\":[{\"@type\":\"WebPage\",\"@id\":\"https:\/\/zaimovic.com.hr\/index.php\/2020\/08\/28\/izgubljena-i-sama\/\",\"url\":\"https:\/\/zaimovic.com.hr\/index.php\/2020\/08\/28\/izgubljena-i-sama\/\",\"name\":\"Izgubljena i sama - Iva Zaimovi\u0107\",\"isPartOf\":{\"@id\":\"https:\/\/zaimovic.com.hr\/#website\"},\"primaryImageOfPage\":{\"@id\":\"https:\/\/zaimovic.com.hr\/index.php\/2020\/08\/28\/izgubljena-i-sama\/#primaryimage\"},\"image\":{\"@id\":\"https:\/\/zaimovic.com.hr\/index.php\/2020\/08\/28\/izgubljena-i-sama\/#primaryimage\"},\"thumbnailUrl\":\"https:\/\/zaimovic.com.hr\/wp-content\/uploads\/2020\/08\/Izgubljena-i-sama.jpg\",\"datePublished\":\"2020-08-28T13:37:50+00:00\",\"dateModified\":\"2024-04-29T10:33:29+00:00\",\"author\":{\"@id\":\"https:\/\/zaimovic.com.hr\/#\/schema\/person\/46635fda1b928c40087a65c50fda63ec\"},\"description\":\"Izgubljena sam i sama. Znam da ako prestanem kora\u010dati, ako prestanem stavljati nogu ispred noge, obvezu ispred obveze, da \u0107u se raspasti.\",\"breadcrumb\":{\"@id\":\"https:\/\/zaimovic.com.hr\/index.php\/2020\/08\/28\/izgubljena-i-sama\/#breadcrumb\"},\"inLanguage\":\"hr\",\"potentialAction\":[{\"@type\":\"ReadAction\",\"target\":[\"https:\/\/zaimovic.com.hr\/index.php\/2020\/08\/28\/izgubljena-i-sama\/\"]}]},{\"@type\":\"ImageObject\",\"inLanguage\":\"hr\",\"@id\":\"https:\/\/zaimovic.com.hr\/index.php\/2020\/08\/28\/izgubljena-i-sama\/#primaryimage\",\"url\":\"https:\/\/zaimovic.com.hr\/wp-content\/uploads\/2020\/08\/Izgubljena-i-sama.jpg\",\"contentUrl\":\"https:\/\/zaimovic.com.hr\/wp-content\/uploads\/2020\/08\/Izgubljena-i-sama.jpg\",\"width\":960,\"height\":509},{\"@type\":\"BreadcrumbList\",\"@id\":\"https:\/\/zaimovic.com.hr\/index.php\/2020\/08\/28\/izgubljena-i-sama\/#breadcrumb\",\"itemListElement\":[{\"@type\":\"ListItem\",\"position\":1,\"name\":\"Po\u010detna stranica\",\"item\":\"https:\/\/zaimovic.com.hr\/\"},{\"@type\":\"ListItem\",\"position\":2,\"name\":\"Izgubljena i sama\"}]},{\"@type\":\"WebSite\",\"@id\":\"https:\/\/zaimovic.com.hr\/#website\",\"url\":\"https:\/\/zaimovic.com.hr\/\",\"name\":\"Iva Zaimovi\u0107\",\"description\":\"Osna\u017dena - balans, ljubav i rast\",\"potentialAction\":[{\"@type\":\"SearchAction\",\"target\":{\"@type\":\"EntryPoint\",\"urlTemplate\":\"https:\/\/zaimovic.com.hr\/?s={search_term_string}\"},\"query-input\":{\"@type\":\"PropertyValueSpecification\",\"valueRequired\":true,\"valueName\":\"search_term_string\"}}],\"inLanguage\":\"hr\"},{\"@type\":\"Person\",\"@id\":\"https:\/\/zaimovic.com.hr\/#\/schema\/person\/46635fda1b928c40087a65c50fda63ec\",\"name\":\"Iva Zaimovi\u0107\",\"image\":{\"@type\":\"ImageObject\",\"inLanguage\":\"hr\",\"@id\":\"https:\/\/zaimovic.com.hr\/#\/schema\/person\/image\/\",\"url\":\"https:\/\/secure.gravatar.com\/avatar\/f945de162461501123845d3f733fe63d?s=96&d=mm&r=g\",\"contentUrl\":\"https:\/\/secure.gravatar.com\/avatar\/f945de162461501123845d3f733fe63d?s=96&d=mm&r=g\",\"caption\":\"Iva Zaimovi\u0107\"},\"sameAs\":[\"https:\/\/zaimovic.com.hr\",\"https:\/\/www.facebook.com\/velikeimalemisli\",\"https:\/\/www.instagram.com\/ivazaimovic\/\"],\"url\":\"https:\/\/zaimovic.com.hr\/index.php\/author\/yrcqptp1bb\/\"}]}<\/script>\n<!-- \/ Yoast SEO plugin. -->","yoast_head_json":{"title":"Izgubljena i sama - Iva Zaimovi\u0107","description":"Izgubljena sam i sama. Znam da ako prestanem kora\u010dati, ako prestanem stavljati nogu ispred noge, obvezu ispred obveze, da \u0107u se raspasti.","robots":{"index":"index","follow":"follow","max-snippet":"max-snippet:-1","max-image-preview":"max-image-preview:large","max-video-preview":"max-video-preview:-1"},"canonical":"https:\/\/zaimovic.com.hr\/index.php\/2020\/08\/28\/izgubljena-i-sama\/","og_locale":"hr_HR","og_type":"article","og_title":"Izgubljena i sama - Iva Zaimovi\u0107","og_description":"Izgubljena sam i sama. Znam da ako prestanem kora\u010dati, ako prestanem stavljati nogu ispred noge, obvezu ispred obveze, da \u0107u se raspasti.","og_url":"https:\/\/zaimovic.com.hr\/index.php\/2020\/08\/28\/izgubljena-i-sama\/","og_site_name":"Iva Zaimovi\u0107","article_author":"https:\/\/www.facebook.com\/velikeimalemisli","article_published_time":"2020-08-28T13:37:50+00:00","article_modified_time":"2024-04-29T10:33:29+00:00","og_image":[{"width":960,"height":509,"url":"https:\/\/zaimovic.com.hr\/wp-content\/uploads\/2020\/08\/Izgubljena-i-sama.jpg","type":"image\/jpeg"}],"author":"Iva Zaimovi\u0107","twitter_card":"summary_large_image","twitter_misc":{"Napisao\/la":"Iva Zaimovi\u0107","Procijenjeno vrijeme \u010ditanja":"3 minute"},"schema":{"@context":"https:\/\/schema.org","@graph":[{"@type":"WebPage","@id":"https:\/\/zaimovic.com.hr\/index.php\/2020\/08\/28\/izgubljena-i-sama\/","url":"https:\/\/zaimovic.com.hr\/index.php\/2020\/08\/28\/izgubljena-i-sama\/","name":"Izgubljena i sama - Iva Zaimovi\u0107","isPartOf":{"@id":"https:\/\/zaimovic.com.hr\/#website"},"primaryImageOfPage":{"@id":"https:\/\/zaimovic.com.hr\/index.php\/2020\/08\/28\/izgubljena-i-sama\/#primaryimage"},"image":{"@id":"https:\/\/zaimovic.com.hr\/index.php\/2020\/08\/28\/izgubljena-i-sama\/#primaryimage"},"thumbnailUrl":"https:\/\/zaimovic.com.hr\/wp-content\/uploads\/2020\/08\/Izgubljena-i-sama.jpg","datePublished":"2020-08-28T13:37:50+00:00","dateModified":"2024-04-29T10:33:29+00:00","author":{"@id":"https:\/\/zaimovic.com.hr\/#\/schema\/person\/46635fda1b928c40087a65c50fda63ec"},"description":"Izgubljena sam i sama. Znam da ako prestanem kora\u010dati, ako prestanem stavljati nogu ispred noge, obvezu ispred obveze, da \u0107u se raspasti.","breadcrumb":{"@id":"https:\/\/zaimovic.com.hr\/index.php\/2020\/08\/28\/izgubljena-i-sama\/#breadcrumb"},"inLanguage":"hr","potentialAction":[{"@type":"ReadAction","target":["https:\/\/zaimovic.com.hr\/index.php\/2020\/08\/28\/izgubljena-i-sama\/"]}]},{"@type":"ImageObject","inLanguage":"hr","@id":"https:\/\/zaimovic.com.hr\/index.php\/2020\/08\/28\/izgubljena-i-sama\/#primaryimage","url":"https:\/\/zaimovic.com.hr\/wp-content\/uploads\/2020\/08\/Izgubljena-i-sama.jpg","contentUrl":"https:\/\/zaimovic.com.hr\/wp-content\/uploads\/2020\/08\/Izgubljena-i-sama.jpg","width":960,"height":509},{"@type":"BreadcrumbList","@id":"https:\/\/zaimovic.com.hr\/index.php\/2020\/08\/28\/izgubljena-i-sama\/#breadcrumb","itemListElement":[{"@type":"ListItem","position":1,"name":"Po\u010detna stranica","item":"https:\/\/zaimovic.com.hr\/"},{"@type":"ListItem","position":2,"name":"Izgubljena i sama"}]},{"@type":"WebSite","@id":"https:\/\/zaimovic.com.hr\/#website","url":"https:\/\/zaimovic.com.hr\/","name":"Iva Zaimovi\u0107","description":"Osna\u017dena - balans, ljubav i rast","potentialAction":[{"@type":"SearchAction","target":{"@type":"EntryPoint","urlTemplate":"https:\/\/zaimovic.com.hr\/?s={search_term_string}"},"query-input":{"@type":"PropertyValueSpecification","valueRequired":true,"valueName":"search_term_string"}}],"inLanguage":"hr"},{"@type":"Person","@id":"https:\/\/zaimovic.com.hr\/#\/schema\/person\/46635fda1b928c40087a65c50fda63ec","name":"Iva Zaimovi\u0107","image":{"@type":"ImageObject","inLanguage":"hr","@id":"https:\/\/zaimovic.com.hr\/#\/schema\/person\/image\/","url":"https:\/\/secure.gravatar.com\/avatar\/f945de162461501123845d3f733fe63d?s=96&d=mm&r=g","contentUrl":"https:\/\/secure.gravatar.com\/avatar\/f945de162461501123845d3f733fe63d?s=96&d=mm&r=g","caption":"Iva Zaimovi\u0107"},"sameAs":["https:\/\/zaimovic.com.hr","https:\/\/www.facebook.com\/velikeimalemisli","https:\/\/www.instagram.com\/ivazaimovic\/"],"url":"https:\/\/zaimovic.com.hr\/index.php\/author\/yrcqptp1bb\/"}]}},"blog_post_layout_featured_media_urls":{"thumbnail":["https:\/\/zaimovic.com.hr\/wp-content\/uploads\/2020\/08\/Izgubljena-i-sama-150x150.jpg",150,150,true],"full":["https:\/\/zaimovic.com.hr\/wp-content\/uploads\/2020\/08\/Izgubljena-i-sama.jpg",960,509,false]},"categories_names":{"69":{"name":"Pri\u010de i stihovi","link":"https:\/\/zaimovic.com.hr\/index.php\/category\/blog\/price-i-stihovi\/"}},"tags_names":[],"comments_number":"0","_links":{"self":[{"href":"https:\/\/zaimovic.com.hr\/index.php\/wp-json\/wp\/v2\/posts\/184"}],"collection":[{"href":"https:\/\/zaimovic.com.hr\/index.php\/wp-json\/wp\/v2\/posts"}],"about":[{"href":"https:\/\/zaimovic.com.hr\/index.php\/wp-json\/wp\/v2\/types\/post"}],"author":[{"embeddable":true,"href":"https:\/\/zaimovic.com.hr\/index.php\/wp-json\/wp\/v2\/users\/1"}],"replies":[{"embeddable":true,"href":"https:\/\/zaimovic.com.hr\/index.php\/wp-json\/wp\/v2\/comments?post=184"}],"version-history":[{"count":2,"href":"https:\/\/zaimovic.com.hr\/index.php\/wp-json\/wp\/v2\/posts\/184\/revisions"}],"predecessor-version":[{"id":215,"href":"https:\/\/zaimovic.com.hr\/index.php\/wp-json\/wp\/v2\/posts\/184\/revisions\/215"}],"wp:featuredmedia":[{"embeddable":true,"href":"https:\/\/zaimovic.com.hr\/index.php\/wp-json\/wp\/v2\/media\/186"}],"wp:attachment":[{"href":"https:\/\/zaimovic.com.hr\/index.php\/wp-json\/wp\/v2\/media?parent=184"}],"wp:term":[{"taxonomy":"category","embeddable":true,"href":"https:\/\/zaimovic.com.hr\/index.php\/wp-json\/wp\/v2\/categories?post=184"},{"taxonomy":"post_tag","embeddable":true,"href":"https:\/\/zaimovic.com.hr\/index.php\/wp-json\/wp\/v2\/tags?post=184"}],"curies":[{"name":"wp","href":"https:\/\/api.w.org\/{rel}","templated":true}]}}