{"id":218,"date":"2020-08-31T10:52:05","date_gmt":"2020-08-31T10:52:05","guid":{"rendered":"http:\/\/zaimovic.com.hr\/?p=218"},"modified":"2024-04-29T10:33:18","modified_gmt":"2024-04-29T10:33:18","slug":"djeca-i-mladi-iz-skrbi","status":"publish","type":"post","link":"https:\/\/zaimovic.com.hr\/index.php\/2020\/08\/31\/djeca-i-mladi-iz-skrbi\/","title":{"rendered":"Djeca i mladi iz skrbi: &#8220;Ono kad je toliko rane da se ne mo\u017ee ni igrati&#8221;"},"content":{"rendered":"\n<p>Gledam je kako luta dvori\u0161tem, dok se meni srce slama. Mislim si, od kud mi pravo da se meni slama srce, kad nisam do\u017eivjela ni\u0161ta \u0161to je do\u017eivjela ona. A ona ima tek osam godina.<\/p>\n\n\n\n<p>Ali, iskreno me boli \u0161to nema djetinjstvo kao svako drugo dijete. Te\u0161ko mi je prihvatiti da su neka djeca jednostavno obilje\u017eena, krhka, fragilna, na oprezu, upla\u0161ena, stalno \u010dekaju\u0107i, stalno u obrani. Ona se boji dati svoje povjerenje jer ga je ve\u0107 jednom dala, bezuvjetno, ve\u0107 je jednom pru\u017eila svoje srce na dlanu. Onima koji su je trebali \u010duvati i \u0161tititi, ali to nipo\u0161to nisu radili. Naprotiv, ignorirali su je kao da nije tu pored njih, tik do njihovih golih nogu. \u017deljna ljubavi i maj\u010dine pa\u017enje, stajala je ona, u mokrim pelenama mokrih obraza. <strong>Majka, ako se tako mo\u017ee nazvati, vi\u0161e je pa\u017enje pridavala boci alkohola nego k\u0107eri.<\/strong><\/p>\n\n\n\n<p>Ona je to s godinama shvatila, ali i dalje nije prihvatila, kako bi i mogla. Krivnju preuzima na sebe. <em>\u201eDa barem nisam otvorila vrata tim tetama.\u201c<\/em>, govori misle\u0107i na policiju i socijalne radnice. Jer naj\u010de\u0161\u0107e se upravo to dogodi, vrata otvori ili alkoholizirana majka ili poluodjeveno dijete. Ili nitko. Pa se vrata moraju razbiti kako bi odrasli u\u0161li na silu. To je neizbje\u017eno i potrebno. No, krivnja je i dalje tu, u njezinu srcu koje vi\u0161e ne daje nikome.<\/p>\n\n\n\n<p>Te\u0161ko je prihvatiti da nemamo kontrolu nad drugima, nad situacijama i zbivanjima oko nas. <strong>Te\u0161ko je bilo kome, a posebno kad su u pitanju djeca i mladi iz skrbi. <\/strong>To su mladi koji su odrastali osje\u0107aju\u0107i krivnju jer nisu bili bolji. Misle da su nekako to sve mogli sprije\u010diti, misle da je sve to nekako njihova krivica, da su previ\u0161e zahtijevali, previ\u0161e plakali, bili previ\u0161e glasni. Misle da su tu jer su odali tajnu nekoj teti, jer su napokon progovorili. <\/p>\n\n\n\n<p><strong>Boje se, znaju da su donijeli dobru odluku, ali krivnja je i dalje tu<\/strong> jer \u010duvaju toliko tajni u svom srcu, tajni koje ih ti\u0161te i truju. Nemaju snage i taj dio sebe dati nekome drugome, nekome tko im \u017eeli pomo\u0107i, nekome tko \u017eeli njegovati to povrije\u0111eno srce.<\/p>\n\n\n\n<p>Briga je to,<br>velika briga i bojazan<br>\u0161to \u0107e biti s onima<br>koji su ih trebali paziti i \u0161tititi,<br>a to nisu u stanju bili.<\/p>\n\n\n\n<p><\/p>\n\n\n\n<p class=\"has-text-align-right\">Objavljeno: 31.8.2020.<\/p>\n\n\n\n<p><\/p>\n\n\n\n<p>PS. Vrlo rado \u0107u pro\u010ditati va\u0161e komentare na ovu temu. \ud83d\ude42<\/p>\n","protected":false},"excerpt":{"rendered":"<p>Gledam je kako luta dvori\u0161tem, dok se meni srce slama. Mislim si, od kud mi pravo da se meni slama srce, kad nisam do\u017eivjela ni\u0161ta \u0161to je do\u017eivjela ona. A ona ima tek osam godina. Ali, iskreno me boli \u0161to nema djetinjstvo kao svako drugo dijete. Te\u0161ko mi je prihvatiti da su neka djeca jednostavno&hellip;&nbsp;<a href=\"https:\/\/zaimovic.com.hr\/index.php\/2020\/08\/31\/djeca-i-mladi-iz-skrbi\/\" rel=\"bookmark\">Read More &raquo;<span class=\"screen-reader-text\">Djeca i mladi iz skrbi: &#8220;Ono kad je toliko rane da se ne mo\u017ee ni igrati&#8221;<\/span><\/a><\/p>\n","protected":false},"author":1,"featured_media":219,"comment_status":"open","ping_status":"open","sticky":false,"template":"","format":"standard","meta":{"neve_meta_sidebar":"","neve_meta_container":"","neve_meta_enable_content_width":"","neve_meta_content_width":0,"neve_meta_title_alignment":"","neve_meta_author_avatar":"","neve_post_elements_order":"","neve_meta_disable_header":"","neve_meta_disable_footer":"","neve_meta_disable_title":"","footnotes":""},"categories":[69],"tags":[],"yoast_head":"<!-- This site is optimized with the Yoast SEO plugin v24.5 - https:\/\/yoast.com\/wordpress\/plugins\/seo\/ -->\n<title>Djeca i mladi iz skrbi: &quot;Ono kad je toliko rane da se ne mo\u017ee ni igrati&quot; - Iva Zaimovi\u0107<\/title>\n<meta name=\"description\" content=\"Te\u0161ko je prihvatiti da nemamo kontrolu nad drugima i okolnostima. Te\u0161ko je bilo kome, a posebno je te\u0161ko kad su u pitanju djeca i mladi iz skrbi.\" \/>\n<meta name=\"robots\" content=\"index, follow, max-snippet:-1, max-image-preview:large, max-video-preview:-1\" \/>\n<link rel=\"canonical\" href=\"https:\/\/zaimovic.com.hr\/index.php\/2020\/08\/31\/djeca-i-mladi-iz-skrbi\/\" \/>\n<meta property=\"og:locale\" content=\"hr_HR\" \/>\n<meta property=\"og:type\" content=\"article\" \/>\n<meta property=\"og:title\" content=\"Djeca i mladi iz skrbi: &quot;Ono kad je toliko rane da se ne mo\u017ee ni igrati&quot; - Iva Zaimovi\u0107\" \/>\n<meta property=\"og:description\" content=\"Te\u0161ko je prihvatiti da nemamo kontrolu nad drugima i okolnostima. Te\u0161ko je bilo kome, a posebno je te\u0161ko kad su u pitanju djeca i mladi iz skrbi.\" \/>\n<meta property=\"og:url\" content=\"https:\/\/zaimovic.com.hr\/index.php\/2020\/08\/31\/djeca-i-mladi-iz-skrbi\/\" \/>\n<meta property=\"og:site_name\" content=\"Iva Zaimovi\u0107\" \/>\n<meta property=\"article:author\" content=\"https:\/\/www.facebook.com\/velikeimalemisli\" \/>\n<meta property=\"article:published_time\" content=\"2020-08-31T10:52:05+00:00\" \/>\n<meta property=\"article:modified_time\" content=\"2024-04-29T10:33:18+00:00\" \/>\n<meta property=\"og:image\" content=\"https:\/\/zaimovic.com.hr\/wp-content\/uploads\/2020\/08\/naslovna-djeca.jpg\" \/>\n\t<meta property=\"og:image:width\" content=\"959\" \/>\n\t<meta property=\"og:image:height\" content=\"468\" \/>\n\t<meta property=\"og:image:type\" content=\"image\/jpeg\" \/>\n<meta name=\"author\" content=\"Iva Zaimovi\u0107\" \/>\n<meta name=\"twitter:card\" content=\"summary_large_image\" \/>\n<meta name=\"twitter:label1\" content=\"Napisao\/la\" \/>\n\t<meta name=\"twitter:data1\" content=\"Iva Zaimovi\u0107\" \/>\n\t<meta name=\"twitter:label2\" content=\"Procijenjeno vrijeme \u010ditanja\" \/>\n\t<meta name=\"twitter:data2\" content=\"2 minute\" \/>\n<script type=\"application\/ld+json\" class=\"yoast-schema-graph\">{\"@context\":\"https:\/\/schema.org\",\"@graph\":[{\"@type\":\"WebPage\",\"@id\":\"https:\/\/zaimovic.com.hr\/index.php\/2020\/08\/31\/djeca-i-mladi-iz-skrbi\/\",\"url\":\"https:\/\/zaimovic.com.hr\/index.php\/2020\/08\/31\/djeca-i-mladi-iz-skrbi\/\",\"name\":\"Djeca i mladi iz skrbi: \\\"Ono kad je toliko rane da se ne mo\u017ee ni igrati\\\" - Iva Zaimovi\u0107\",\"isPartOf\":{\"@id\":\"https:\/\/zaimovic.com.hr\/#website\"},\"primaryImageOfPage\":{\"@id\":\"https:\/\/zaimovic.com.hr\/index.php\/2020\/08\/31\/djeca-i-mladi-iz-skrbi\/#primaryimage\"},\"image\":{\"@id\":\"https:\/\/zaimovic.com.hr\/index.php\/2020\/08\/31\/djeca-i-mladi-iz-skrbi\/#primaryimage\"},\"thumbnailUrl\":\"https:\/\/zaimovic.com.hr\/wp-content\/uploads\/2020\/08\/naslovna-djeca.jpg\",\"datePublished\":\"2020-08-31T10:52:05+00:00\",\"dateModified\":\"2024-04-29T10:33:18+00:00\",\"author\":{\"@id\":\"https:\/\/zaimovic.com.hr\/#\/schema\/person\/46635fda1b928c40087a65c50fda63ec\"},\"description\":\"Te\u0161ko je prihvatiti da nemamo kontrolu nad drugima i okolnostima. Te\u0161ko je bilo kome, a posebno je te\u0161ko kad su u pitanju djeca i mladi iz skrbi.\",\"breadcrumb\":{\"@id\":\"https:\/\/zaimovic.com.hr\/index.php\/2020\/08\/31\/djeca-i-mladi-iz-skrbi\/#breadcrumb\"},\"inLanguage\":\"hr\",\"potentialAction\":[{\"@type\":\"ReadAction\",\"target\":[\"https:\/\/zaimovic.com.hr\/index.php\/2020\/08\/31\/djeca-i-mladi-iz-skrbi\/\"]}]},{\"@type\":\"ImageObject\",\"inLanguage\":\"hr\",\"@id\":\"https:\/\/zaimovic.com.hr\/index.php\/2020\/08\/31\/djeca-i-mladi-iz-skrbi\/#primaryimage\",\"url\":\"https:\/\/zaimovic.com.hr\/wp-content\/uploads\/2020\/08\/naslovna-djeca.jpg\",\"contentUrl\":\"https:\/\/zaimovic.com.hr\/wp-content\/uploads\/2020\/08\/naslovna-djeca.jpg\",\"width\":959,\"height\":468},{\"@type\":\"BreadcrumbList\",\"@id\":\"https:\/\/zaimovic.com.hr\/index.php\/2020\/08\/31\/djeca-i-mladi-iz-skrbi\/#breadcrumb\",\"itemListElement\":[{\"@type\":\"ListItem\",\"position\":1,\"name\":\"Po\u010detna stranica\",\"item\":\"https:\/\/zaimovic.com.hr\/\"},{\"@type\":\"ListItem\",\"position\":2,\"name\":\"Djeca i mladi iz skrbi: &#8220;Ono kad je toliko rane da se ne mo\u017ee ni igrati&#8221;\"}]},{\"@type\":\"WebSite\",\"@id\":\"https:\/\/zaimovic.com.hr\/#website\",\"url\":\"https:\/\/zaimovic.com.hr\/\",\"name\":\"Iva Zaimovi\u0107\",\"description\":\"Osna\u017dena - balans, ljubav i rast\",\"potentialAction\":[{\"@type\":\"SearchAction\",\"target\":{\"@type\":\"EntryPoint\",\"urlTemplate\":\"https:\/\/zaimovic.com.hr\/?s={search_term_string}\"},\"query-input\":{\"@type\":\"PropertyValueSpecification\",\"valueRequired\":true,\"valueName\":\"search_term_string\"}}],\"inLanguage\":\"hr\"},{\"@type\":\"Person\",\"@id\":\"https:\/\/zaimovic.com.hr\/#\/schema\/person\/46635fda1b928c40087a65c50fda63ec\",\"name\":\"Iva Zaimovi\u0107\",\"image\":{\"@type\":\"ImageObject\",\"inLanguage\":\"hr\",\"@id\":\"https:\/\/zaimovic.com.hr\/#\/schema\/person\/image\/\",\"url\":\"https:\/\/secure.gravatar.com\/avatar\/f945de162461501123845d3f733fe63d?s=96&d=mm&r=g\",\"contentUrl\":\"https:\/\/secure.gravatar.com\/avatar\/f945de162461501123845d3f733fe63d?s=96&d=mm&r=g\",\"caption\":\"Iva Zaimovi\u0107\"},\"sameAs\":[\"https:\/\/zaimovic.com.hr\",\"https:\/\/www.facebook.com\/velikeimalemisli\",\"https:\/\/www.instagram.com\/ivazaimovic\/\"],\"url\":\"https:\/\/zaimovic.com.hr\/index.php\/author\/yrcqptp1bb\/\"}]}<\/script>\n<!-- \/ Yoast SEO plugin. -->","yoast_head_json":{"title":"Djeca i mladi iz skrbi: \"Ono kad je toliko rane da se ne mo\u017ee ni igrati\" - Iva Zaimovi\u0107","description":"Te\u0161ko je prihvatiti da nemamo kontrolu nad drugima i okolnostima. Te\u0161ko je bilo kome, a posebno je te\u0161ko kad su u pitanju djeca i mladi iz skrbi.","robots":{"index":"index","follow":"follow","max-snippet":"max-snippet:-1","max-image-preview":"max-image-preview:large","max-video-preview":"max-video-preview:-1"},"canonical":"https:\/\/zaimovic.com.hr\/index.php\/2020\/08\/31\/djeca-i-mladi-iz-skrbi\/","og_locale":"hr_HR","og_type":"article","og_title":"Djeca i mladi iz skrbi: \"Ono kad je toliko rane da se ne mo\u017ee ni igrati\" - Iva Zaimovi\u0107","og_description":"Te\u0161ko je prihvatiti da nemamo kontrolu nad drugima i okolnostima. Te\u0161ko je bilo kome, a posebno je te\u0161ko kad su u pitanju djeca i mladi iz skrbi.","og_url":"https:\/\/zaimovic.com.hr\/index.php\/2020\/08\/31\/djeca-i-mladi-iz-skrbi\/","og_site_name":"Iva Zaimovi\u0107","article_author":"https:\/\/www.facebook.com\/velikeimalemisli","article_published_time":"2020-08-31T10:52:05+00:00","article_modified_time":"2024-04-29T10:33:18+00:00","og_image":[{"width":959,"height":468,"url":"https:\/\/zaimovic.com.hr\/wp-content\/uploads\/2020\/08\/naslovna-djeca.jpg","type":"image\/jpeg"}],"author":"Iva Zaimovi\u0107","twitter_card":"summary_large_image","twitter_misc":{"Napisao\/la":"Iva Zaimovi\u0107","Procijenjeno vrijeme \u010ditanja":"2 minute"},"schema":{"@context":"https:\/\/schema.org","@graph":[{"@type":"WebPage","@id":"https:\/\/zaimovic.com.hr\/index.php\/2020\/08\/31\/djeca-i-mladi-iz-skrbi\/","url":"https:\/\/zaimovic.com.hr\/index.php\/2020\/08\/31\/djeca-i-mladi-iz-skrbi\/","name":"Djeca i mladi iz skrbi: \"Ono kad je toliko rane da se ne mo\u017ee ni igrati\" - Iva Zaimovi\u0107","isPartOf":{"@id":"https:\/\/zaimovic.com.hr\/#website"},"primaryImageOfPage":{"@id":"https:\/\/zaimovic.com.hr\/index.php\/2020\/08\/31\/djeca-i-mladi-iz-skrbi\/#primaryimage"},"image":{"@id":"https:\/\/zaimovic.com.hr\/index.php\/2020\/08\/31\/djeca-i-mladi-iz-skrbi\/#primaryimage"},"thumbnailUrl":"https:\/\/zaimovic.com.hr\/wp-content\/uploads\/2020\/08\/naslovna-djeca.jpg","datePublished":"2020-08-31T10:52:05+00:00","dateModified":"2024-04-29T10:33:18+00:00","author":{"@id":"https:\/\/zaimovic.com.hr\/#\/schema\/person\/46635fda1b928c40087a65c50fda63ec"},"description":"Te\u0161ko je prihvatiti da nemamo kontrolu nad drugima i okolnostima. Te\u0161ko je bilo kome, a posebno je te\u0161ko kad su u pitanju djeca i mladi iz skrbi.","breadcrumb":{"@id":"https:\/\/zaimovic.com.hr\/index.php\/2020\/08\/31\/djeca-i-mladi-iz-skrbi\/#breadcrumb"},"inLanguage":"hr","potentialAction":[{"@type":"ReadAction","target":["https:\/\/zaimovic.com.hr\/index.php\/2020\/08\/31\/djeca-i-mladi-iz-skrbi\/"]}]},{"@type":"ImageObject","inLanguage":"hr","@id":"https:\/\/zaimovic.com.hr\/index.php\/2020\/08\/31\/djeca-i-mladi-iz-skrbi\/#primaryimage","url":"https:\/\/zaimovic.com.hr\/wp-content\/uploads\/2020\/08\/naslovna-djeca.jpg","contentUrl":"https:\/\/zaimovic.com.hr\/wp-content\/uploads\/2020\/08\/naslovna-djeca.jpg","width":959,"height":468},{"@type":"BreadcrumbList","@id":"https:\/\/zaimovic.com.hr\/index.php\/2020\/08\/31\/djeca-i-mladi-iz-skrbi\/#breadcrumb","itemListElement":[{"@type":"ListItem","position":1,"name":"Po\u010detna stranica","item":"https:\/\/zaimovic.com.hr\/"},{"@type":"ListItem","position":2,"name":"Djeca i mladi iz skrbi: &#8220;Ono kad je toliko rane da se ne mo\u017ee ni igrati&#8221;"}]},{"@type":"WebSite","@id":"https:\/\/zaimovic.com.hr\/#website","url":"https:\/\/zaimovic.com.hr\/","name":"Iva Zaimovi\u0107","description":"Osna\u017dena - balans, ljubav i rast","potentialAction":[{"@type":"SearchAction","target":{"@type":"EntryPoint","urlTemplate":"https:\/\/zaimovic.com.hr\/?s={search_term_string}"},"query-input":{"@type":"PropertyValueSpecification","valueRequired":true,"valueName":"search_term_string"}}],"inLanguage":"hr"},{"@type":"Person","@id":"https:\/\/zaimovic.com.hr\/#\/schema\/person\/46635fda1b928c40087a65c50fda63ec","name":"Iva Zaimovi\u0107","image":{"@type":"ImageObject","inLanguage":"hr","@id":"https:\/\/zaimovic.com.hr\/#\/schema\/person\/image\/","url":"https:\/\/secure.gravatar.com\/avatar\/f945de162461501123845d3f733fe63d?s=96&d=mm&r=g","contentUrl":"https:\/\/secure.gravatar.com\/avatar\/f945de162461501123845d3f733fe63d?s=96&d=mm&r=g","caption":"Iva Zaimovi\u0107"},"sameAs":["https:\/\/zaimovic.com.hr","https:\/\/www.facebook.com\/velikeimalemisli","https:\/\/www.instagram.com\/ivazaimovic\/"],"url":"https:\/\/zaimovic.com.hr\/index.php\/author\/yrcqptp1bb\/"}]}},"blog_post_layout_featured_media_urls":{"thumbnail":["https:\/\/zaimovic.com.hr\/wp-content\/uploads\/2020\/08\/naslovna-djeca-150x150.jpg",150,150,true],"full":["https:\/\/zaimovic.com.hr\/wp-content\/uploads\/2020\/08\/naslovna-djeca.jpg",959,468,false]},"categories_names":{"69":{"name":"Pri\u010de i stihovi","link":"https:\/\/zaimovic.com.hr\/index.php\/category\/blog\/price-i-stihovi\/"}},"tags_names":[],"comments_number":"0","_links":{"self":[{"href":"https:\/\/zaimovic.com.hr\/index.php\/wp-json\/wp\/v2\/posts\/218"}],"collection":[{"href":"https:\/\/zaimovic.com.hr\/index.php\/wp-json\/wp\/v2\/posts"}],"about":[{"href":"https:\/\/zaimovic.com.hr\/index.php\/wp-json\/wp\/v2\/types\/post"}],"author":[{"embeddable":true,"href":"https:\/\/zaimovic.com.hr\/index.php\/wp-json\/wp\/v2\/users\/1"}],"replies":[{"embeddable":true,"href":"https:\/\/zaimovic.com.hr\/index.php\/wp-json\/wp\/v2\/comments?post=218"}],"version-history":[{"count":2,"href":"https:\/\/zaimovic.com.hr\/index.php\/wp-json\/wp\/v2\/posts\/218\/revisions"}],"predecessor-version":[{"id":221,"href":"https:\/\/zaimovic.com.hr\/index.php\/wp-json\/wp\/v2\/posts\/218\/revisions\/221"}],"wp:featuredmedia":[{"embeddable":true,"href":"https:\/\/zaimovic.com.hr\/index.php\/wp-json\/wp\/v2\/media\/219"}],"wp:attachment":[{"href":"https:\/\/zaimovic.com.hr\/index.php\/wp-json\/wp\/v2\/media?parent=218"}],"wp:term":[{"taxonomy":"category","embeddable":true,"href":"https:\/\/zaimovic.com.hr\/index.php\/wp-json\/wp\/v2\/categories?post=218"},{"taxonomy":"post_tag","embeddable":true,"href":"https:\/\/zaimovic.com.hr\/index.php\/wp-json\/wp\/v2\/tags?post=218"}],"curies":[{"name":"wp","href":"https:\/\/api.w.org\/{rel}","templated":true}]}}