{"id":273,"date":"2020-09-08T12:20:22","date_gmt":"2020-09-08T12:20:22","guid":{"rendered":"https:\/\/zaimovic.com.hr\/?p=273"},"modified":"2024-04-29T10:32:56","modified_gmt":"2024-04-29T10:32:56","slug":"stihovi-za-zene","status":"publish","type":"post","link":"https:\/\/zaimovic.com.hr\/index.php\/2020\/09\/08\/stihovi-za-zene\/","title":{"rendered":"Stihovi nadahnuti \u017eenama"},"content":{"rendered":"\n<h2 class=\"wp-block-heading\"><strong>\u017divi\u0161 li prebrzo, draga \u017eeno?<\/strong><\/h2>\n\n\n\n<pre class=\"wp-block-verse\">Draga, \nProvedi vrijeme <strong>u ti\u0161ini<\/strong>, dobro \u0107e ti do\u0107i. \nImam osje\u0107aj da se gu\u0161imo pod pra\u0161inom tehnologije. \nStalno nam je neki oblik ekrana u rukama, pred o\u010dima. \nImam osje\u0107aj da postajemo toliko zagu\u0161eni da smo \nRijetko sami <strong>sa svojim mislima<\/strong>, \nSami u ti\u0161ini.\n\nOd sve te pra\u0161ine ili ako \u017eeli\u0161, buke,\nKao da smo zaboravili oslu\u0161kivati svoje misli,\nSvoje <strong>\u017eelje i potrebe<\/strong>.\nPolako po\u010dinjemo sve podrazumijevati,\nUmjesto da razgovaramo s osobom do sebe.\n\nKad si zadnji put <strong>svjesno<\/strong> jela\nBez brzog trpanja u usta, \u017evakanja i gutanja?\nKad si zadnji put svjesno <strong>osjetila i u\u017eivala<\/strong> u raznim okusima\nI mirisima koji pro\u017eimaju tu hranu?\nJesi li zaboravila da hrana mo\u017ee biti\nVi\u0161e od pukog pre\u017eivljavanja?\n\nA \u0161to je s <strong>poljupcima i zagrljajima<\/strong>?\nObavlja\u0161 li i to na brzinu, usput ili\nPak svjesno nekome uz dodir pokloni\u0161\nI svoje misli, cijelo svoje bi\u0107e?\n\n<strong>Zaustavi se, uspori, posveti se onome \u0161to radi\u0161,<\/strong>\nOsobi s kojom pri\u010da\u0161, s kojom \u017eivi\u0161,\nSada i ovdje.\n\nU tome <strong>ne zaboravljaj na sebe<\/strong>.\nOd sebe ne mo\u017ee\u0161 pobje\u0107i,\n<strong>Tvoje misli su samo tvoje<\/strong>.\nTi si ta koja dr\u017ei\u0161 konce u svojim rukama.\n\nNaravno,\n<strong>Ako to \u017eeli\u0161 i ako si spremna<\/strong>.<\/pre>\n","protected":false},"excerpt":{"rendered":"<p>\u017divi\u0161 li prebrzo, draga \u017eeno? Draga, Provedi vrijeme u ti\u0161ini, dobro \u0107e ti do\u0107i. Imam osje\u0107aj da se gu\u0161imo pod pra\u0161inom tehnologije. Stalno nam je neki oblik ekrana u rukama, pred o\u010dima. Imam osje\u0107aj da postajemo toliko zagu\u0161eni da smo Rijetko sami sa svojim mislima, Sami u ti\u0161ini. Od sve te pra\u0161ine ili ako \u017eeli\u0161,&hellip;&nbsp;<a href=\"https:\/\/zaimovic.com.hr\/index.php\/2020\/09\/08\/stihovi-za-zene\/\" rel=\"bookmark\">Read More &raquo;<span class=\"screen-reader-text\">Stihovi nadahnuti \u017eenama<\/span><\/a><\/p>\n","protected":false},"author":1,"featured_media":277,"comment_status":"open","ping_status":"open","sticky":false,"template":"","format":"standard","meta":{"neve_meta_sidebar":"","neve_meta_container":"","neve_meta_enable_content_width":"","neve_meta_content_width":0,"neve_meta_title_alignment":"","neve_meta_author_avatar":"","neve_post_elements_order":"","neve_meta_disable_header":"","neve_meta_disable_footer":"","neve_meta_disable_title":"","footnotes":""},"categories":[69],"tags":[],"yoast_head":"<!-- This site is optimized with the Yoast SEO plugin v24.5 - https:\/\/yoast.com\/wordpress\/plugins\/seo\/ -->\n<title>Stihovi nadahnuti \u017eenama - Iva Zaimovi\u0107<\/title>\n<meta name=\"description\" content=\"Stihovi nadahnuti \u017eenama, od \u017eene za \u017eene. Vjerujem da \u0107e svaka prona\u0107i ne\u0161to za sebe.\" \/>\n<meta name=\"robots\" content=\"index, follow, max-snippet:-1, max-image-preview:large, max-video-preview:-1\" \/>\n<link rel=\"canonical\" href=\"https:\/\/zaimovic.com.hr\/index.php\/2020\/09\/08\/stihovi-za-zene\/\" \/>\n<meta property=\"og:locale\" content=\"hr_HR\" \/>\n<meta property=\"og:type\" content=\"article\" \/>\n<meta property=\"og:title\" content=\"Stihovi nadahnuti \u017eenama - Iva Zaimovi\u0107\" \/>\n<meta property=\"og:description\" content=\"Stihovi nadahnuti \u017eenama, od \u017eene za \u017eene. Vjerujem da \u0107e svaka prona\u0107i ne\u0161to za sebe.\" \/>\n<meta property=\"og:url\" content=\"https:\/\/zaimovic.com.hr\/index.php\/2020\/09\/08\/stihovi-za-zene\/\" \/>\n<meta property=\"og:site_name\" content=\"Iva Zaimovi\u0107\" \/>\n<meta property=\"article:author\" content=\"https:\/\/www.facebook.com\/velikeimalemisli\" \/>\n<meta property=\"article:published_time\" content=\"2020-09-08T12:20:22+00:00\" \/>\n<meta property=\"article:modified_time\" content=\"2024-04-29T10:32:56+00:00\" \/>\n<meta property=\"og:image\" content=\"https:\/\/zaimovic.com.hr\/wp-content\/uploads\/2020\/09\/stihovi-za-zene.jpg\" \/>\n\t<meta property=\"og:image:width\" content=\"960\" \/>\n\t<meta property=\"og:image:height\" content=\"640\" \/>\n\t<meta property=\"og:image:type\" content=\"image\/jpeg\" \/>\n<meta name=\"author\" content=\"Iva Zaimovi\u0107\" \/>\n<meta name=\"twitter:card\" content=\"summary_large_image\" \/>\n<meta name=\"twitter:label1\" content=\"Napisao\/la\" \/>\n\t<meta name=\"twitter:data1\" content=\"Iva Zaimovi\u0107\" \/>\n\t<meta name=\"twitter:label2\" content=\"Procijenjeno vrijeme \u010ditanja\" \/>\n\t<meta name=\"twitter:data2\" content=\"1 minuta\" \/>\n<script type=\"application\/ld+json\" class=\"yoast-schema-graph\">{\"@context\":\"https:\/\/schema.org\",\"@graph\":[{\"@type\":\"WebPage\",\"@id\":\"https:\/\/zaimovic.com.hr\/index.php\/2020\/09\/08\/stihovi-za-zene\/\",\"url\":\"https:\/\/zaimovic.com.hr\/index.php\/2020\/09\/08\/stihovi-za-zene\/\",\"name\":\"Stihovi nadahnuti \u017eenama - Iva Zaimovi\u0107\",\"isPartOf\":{\"@id\":\"https:\/\/zaimovic.com.hr\/#website\"},\"primaryImageOfPage\":{\"@id\":\"https:\/\/zaimovic.com.hr\/index.php\/2020\/09\/08\/stihovi-za-zene\/#primaryimage\"},\"image\":{\"@id\":\"https:\/\/zaimovic.com.hr\/index.php\/2020\/09\/08\/stihovi-za-zene\/#primaryimage\"},\"thumbnailUrl\":\"https:\/\/zaimovic.com.hr\/wp-content\/uploads\/2020\/09\/stihovi-za-zene.jpg\",\"datePublished\":\"2020-09-08T12:20:22+00:00\",\"dateModified\":\"2024-04-29T10:32:56+00:00\",\"author\":{\"@id\":\"https:\/\/zaimovic.com.hr\/#\/schema\/person\/46635fda1b928c40087a65c50fda63ec\"},\"description\":\"Stihovi nadahnuti \u017eenama, od \u017eene za \u017eene. Vjerujem da \u0107e svaka prona\u0107i ne\u0161to za sebe.\",\"breadcrumb\":{\"@id\":\"https:\/\/zaimovic.com.hr\/index.php\/2020\/09\/08\/stihovi-za-zene\/#breadcrumb\"},\"inLanguage\":\"hr\",\"potentialAction\":[{\"@type\":\"ReadAction\",\"target\":[\"https:\/\/zaimovic.com.hr\/index.php\/2020\/09\/08\/stihovi-za-zene\/\"]}]},{\"@type\":\"ImageObject\",\"inLanguage\":\"hr\",\"@id\":\"https:\/\/zaimovic.com.hr\/index.php\/2020\/09\/08\/stihovi-za-zene\/#primaryimage\",\"url\":\"https:\/\/zaimovic.com.hr\/wp-content\/uploads\/2020\/09\/stihovi-za-zene.jpg\",\"contentUrl\":\"https:\/\/zaimovic.com.hr\/wp-content\/uploads\/2020\/09\/stihovi-za-zene.jpg\",\"width\":960,\"height\":640},{\"@type\":\"BreadcrumbList\",\"@id\":\"https:\/\/zaimovic.com.hr\/index.php\/2020\/09\/08\/stihovi-za-zene\/#breadcrumb\",\"itemListElement\":[{\"@type\":\"ListItem\",\"position\":1,\"name\":\"Po\u010detna stranica\",\"item\":\"https:\/\/zaimovic.com.hr\/\"},{\"@type\":\"ListItem\",\"position\":2,\"name\":\"Stihovi nadahnuti \u017eenama\"}]},{\"@type\":\"WebSite\",\"@id\":\"https:\/\/zaimovic.com.hr\/#website\",\"url\":\"https:\/\/zaimovic.com.hr\/\",\"name\":\"Iva Zaimovi\u0107\",\"description\":\"Osna\u017dena - balans, ljubav i rast\",\"potentialAction\":[{\"@type\":\"SearchAction\",\"target\":{\"@type\":\"EntryPoint\",\"urlTemplate\":\"https:\/\/zaimovic.com.hr\/?s={search_term_string}\"},\"query-input\":{\"@type\":\"PropertyValueSpecification\",\"valueRequired\":true,\"valueName\":\"search_term_string\"}}],\"inLanguage\":\"hr\"},{\"@type\":\"Person\",\"@id\":\"https:\/\/zaimovic.com.hr\/#\/schema\/person\/46635fda1b928c40087a65c50fda63ec\",\"name\":\"Iva Zaimovi\u0107\",\"image\":{\"@type\":\"ImageObject\",\"inLanguage\":\"hr\",\"@id\":\"https:\/\/zaimovic.com.hr\/#\/schema\/person\/image\/\",\"url\":\"https:\/\/secure.gravatar.com\/avatar\/f945de162461501123845d3f733fe63d?s=96&d=mm&r=g\",\"contentUrl\":\"https:\/\/secure.gravatar.com\/avatar\/f945de162461501123845d3f733fe63d?s=96&d=mm&r=g\",\"caption\":\"Iva Zaimovi\u0107\"},\"sameAs\":[\"https:\/\/zaimovic.com.hr\",\"https:\/\/www.facebook.com\/velikeimalemisli\",\"https:\/\/www.instagram.com\/ivazaimovic\/\"],\"url\":\"https:\/\/zaimovic.com.hr\/index.php\/author\/yrcqptp1bb\/\"}]}<\/script>\n<!-- \/ Yoast SEO plugin. -->","yoast_head_json":{"title":"Stihovi nadahnuti \u017eenama - Iva Zaimovi\u0107","description":"Stihovi nadahnuti \u017eenama, od \u017eene za \u017eene. Vjerujem da \u0107e svaka prona\u0107i ne\u0161to za sebe.","robots":{"index":"index","follow":"follow","max-snippet":"max-snippet:-1","max-image-preview":"max-image-preview:large","max-video-preview":"max-video-preview:-1"},"canonical":"https:\/\/zaimovic.com.hr\/index.php\/2020\/09\/08\/stihovi-za-zene\/","og_locale":"hr_HR","og_type":"article","og_title":"Stihovi nadahnuti \u017eenama - Iva Zaimovi\u0107","og_description":"Stihovi nadahnuti \u017eenama, od \u017eene za \u017eene. Vjerujem da \u0107e svaka prona\u0107i ne\u0161to za sebe.","og_url":"https:\/\/zaimovic.com.hr\/index.php\/2020\/09\/08\/stihovi-za-zene\/","og_site_name":"Iva Zaimovi\u0107","article_author":"https:\/\/www.facebook.com\/velikeimalemisli","article_published_time":"2020-09-08T12:20:22+00:00","article_modified_time":"2024-04-29T10:32:56+00:00","og_image":[{"width":960,"height":640,"url":"https:\/\/zaimovic.com.hr\/wp-content\/uploads\/2020\/09\/stihovi-za-zene.jpg","type":"image\/jpeg"}],"author":"Iva Zaimovi\u0107","twitter_card":"summary_large_image","twitter_misc":{"Napisao\/la":"Iva Zaimovi\u0107","Procijenjeno vrijeme \u010ditanja":"1 minuta"},"schema":{"@context":"https:\/\/schema.org","@graph":[{"@type":"WebPage","@id":"https:\/\/zaimovic.com.hr\/index.php\/2020\/09\/08\/stihovi-za-zene\/","url":"https:\/\/zaimovic.com.hr\/index.php\/2020\/09\/08\/stihovi-za-zene\/","name":"Stihovi nadahnuti \u017eenama - Iva Zaimovi\u0107","isPartOf":{"@id":"https:\/\/zaimovic.com.hr\/#website"},"primaryImageOfPage":{"@id":"https:\/\/zaimovic.com.hr\/index.php\/2020\/09\/08\/stihovi-za-zene\/#primaryimage"},"image":{"@id":"https:\/\/zaimovic.com.hr\/index.php\/2020\/09\/08\/stihovi-za-zene\/#primaryimage"},"thumbnailUrl":"https:\/\/zaimovic.com.hr\/wp-content\/uploads\/2020\/09\/stihovi-za-zene.jpg","datePublished":"2020-09-08T12:20:22+00:00","dateModified":"2024-04-29T10:32:56+00:00","author":{"@id":"https:\/\/zaimovic.com.hr\/#\/schema\/person\/46635fda1b928c40087a65c50fda63ec"},"description":"Stihovi nadahnuti \u017eenama, od \u017eene za \u017eene. Vjerujem da \u0107e svaka prona\u0107i ne\u0161to za sebe.","breadcrumb":{"@id":"https:\/\/zaimovic.com.hr\/index.php\/2020\/09\/08\/stihovi-za-zene\/#breadcrumb"},"inLanguage":"hr","potentialAction":[{"@type":"ReadAction","target":["https:\/\/zaimovic.com.hr\/index.php\/2020\/09\/08\/stihovi-za-zene\/"]}]},{"@type":"ImageObject","inLanguage":"hr","@id":"https:\/\/zaimovic.com.hr\/index.php\/2020\/09\/08\/stihovi-za-zene\/#primaryimage","url":"https:\/\/zaimovic.com.hr\/wp-content\/uploads\/2020\/09\/stihovi-za-zene.jpg","contentUrl":"https:\/\/zaimovic.com.hr\/wp-content\/uploads\/2020\/09\/stihovi-za-zene.jpg","width":960,"height":640},{"@type":"BreadcrumbList","@id":"https:\/\/zaimovic.com.hr\/index.php\/2020\/09\/08\/stihovi-za-zene\/#breadcrumb","itemListElement":[{"@type":"ListItem","position":1,"name":"Po\u010detna stranica","item":"https:\/\/zaimovic.com.hr\/"},{"@type":"ListItem","position":2,"name":"Stihovi nadahnuti \u017eenama"}]},{"@type":"WebSite","@id":"https:\/\/zaimovic.com.hr\/#website","url":"https:\/\/zaimovic.com.hr\/","name":"Iva Zaimovi\u0107","description":"Osna\u017dena - balans, ljubav i rast","potentialAction":[{"@type":"SearchAction","target":{"@type":"EntryPoint","urlTemplate":"https:\/\/zaimovic.com.hr\/?s={search_term_string}"},"query-input":{"@type":"PropertyValueSpecification","valueRequired":true,"valueName":"search_term_string"}}],"inLanguage":"hr"},{"@type":"Person","@id":"https:\/\/zaimovic.com.hr\/#\/schema\/person\/46635fda1b928c40087a65c50fda63ec","name":"Iva Zaimovi\u0107","image":{"@type":"ImageObject","inLanguage":"hr","@id":"https:\/\/zaimovic.com.hr\/#\/schema\/person\/image\/","url":"https:\/\/secure.gravatar.com\/avatar\/f945de162461501123845d3f733fe63d?s=96&d=mm&r=g","contentUrl":"https:\/\/secure.gravatar.com\/avatar\/f945de162461501123845d3f733fe63d?s=96&d=mm&r=g","caption":"Iva Zaimovi\u0107"},"sameAs":["https:\/\/zaimovic.com.hr","https:\/\/www.facebook.com\/velikeimalemisli","https:\/\/www.instagram.com\/ivazaimovic\/"],"url":"https:\/\/zaimovic.com.hr\/index.php\/author\/yrcqptp1bb\/"}]}},"blog_post_layout_featured_media_urls":{"thumbnail":["https:\/\/zaimovic.com.hr\/wp-content\/uploads\/2020\/09\/stihovi-za-zene-150x150.jpg",150,150,true],"full":["https:\/\/zaimovic.com.hr\/wp-content\/uploads\/2020\/09\/stihovi-za-zene.jpg",960,640,false]},"categories_names":{"69":{"name":"Pri\u010de i stihovi","link":"https:\/\/zaimovic.com.hr\/index.php\/category\/blog\/price-i-stihovi\/"}},"tags_names":[],"comments_number":"0","_links":{"self":[{"href":"https:\/\/zaimovic.com.hr\/index.php\/wp-json\/wp\/v2\/posts\/273"}],"collection":[{"href":"https:\/\/zaimovic.com.hr\/index.php\/wp-json\/wp\/v2\/posts"}],"about":[{"href":"https:\/\/zaimovic.com.hr\/index.php\/wp-json\/wp\/v2\/types\/post"}],"author":[{"embeddable":true,"href":"https:\/\/zaimovic.com.hr\/index.php\/wp-json\/wp\/v2\/users\/1"}],"replies":[{"embeddable":true,"href":"https:\/\/zaimovic.com.hr\/index.php\/wp-json\/wp\/v2\/comments?post=273"}],"version-history":[{"count":3,"href":"https:\/\/zaimovic.com.hr\/index.php\/wp-json\/wp\/v2\/posts\/273\/revisions"}],"predecessor-version":[{"id":279,"href":"https:\/\/zaimovic.com.hr\/index.php\/wp-json\/wp\/v2\/posts\/273\/revisions\/279"}],"wp:featuredmedia":[{"embeddable":true,"href":"https:\/\/zaimovic.com.hr\/index.php\/wp-json\/wp\/v2\/media\/277"}],"wp:attachment":[{"href":"https:\/\/zaimovic.com.hr\/index.php\/wp-json\/wp\/v2\/media?parent=273"}],"wp:term":[{"taxonomy":"category","embeddable":true,"href":"https:\/\/zaimovic.com.hr\/index.php\/wp-json\/wp\/v2\/categories?post=273"},{"taxonomy":"post_tag","embeddable":true,"href":"https:\/\/zaimovic.com.hr\/index.php\/wp-json\/wp\/v2\/tags?post=273"}],"curies":[{"name":"wp","href":"https:\/\/api.w.org\/{rel}","templated":true}]}}