{"id":299,"date":"2020-09-17T15:36:14","date_gmt":"2020-09-17T15:36:14","guid":{"rendered":"https:\/\/zaimovic.com.hr\/?p=299"},"modified":"2024-04-29T10:37:59","modified_gmt":"2024-04-29T10:37:59","slug":"socijalni-pedagog-znas-li-kakav-je-to-strucnjak","status":"publish","type":"post","link":"https:\/\/zaimovic.com.hr\/index.php\/2020\/09\/17\/socijalni-pedagog-znas-li-kakav-je-to-strucnjak\/","title":{"rendered":"Socijalni pedagog &#8211; zna\u0161 li kakav je to stru\u010dnjak?"},"content":{"rendered":"\n<p>Socijalni pedagog nije ni psiholog ni pedagog, a ni socijalni radnik. To su naj\u010de\u0161\u0107e struke s kojima nas ljudi mije\u0161aju. Ne zamjeram im jer svi imamo zajedni\u010dku okosnicu \u2013 <strong>pomaga\u010dka zanimanja<\/strong>. To su zanimanja kojima je cilj pomaganje drugima \u2013 djeci, mladima, odraslima, parovima i obiteljima.<\/p>\n\n\n\n<p>Specifi\u010dno, ono \u0161to socijalnog pedagoga razlikuje od drugih gore navedenih struka je da je socijalni pedagog magistrirao na Edukacijsko \u2013 rehabilitacijskom fakultetu i stekao sposobnosti za znanstveno \u2013 istra\u017eiva\u010dki te prakti\u010dan rad na:<\/p>\n\n\n\n<ul><li>prevenciji,<\/li><li>detekciji,<\/li><li>procjeni i<\/li><li>tretmanu djece, mladih i odraslih osoba s rizikom za razvoj poreme\u0107aja ili s poreme\u0107ajima u pona\u0161anju, kao i njihovim socijalnim okru\u017eenjem, u funkciji odgoja, socijalizacije, rehabilitacije i integracije.<\/li><\/ul>\n\n\n\n<p class=\"has-background\" style=\"background-color:#e7cad4\"><strong>Sa svim tim znanjima socijalni pedagog se mo\u017ee zaposliti u:<\/strong><\/p>\n\n\n\n<ul><li>&nbsp;institucijama socijalne skrbi (centri za socijalnu skrb, domovi za djecu i mlade, savjetovali\u0161ta),<\/li><li>institucijama pravosu\u0111a (dr\u017eavna odvjetni\u0161tva, sudovi, odgojni zavodi, kaznionice, zatvori)<\/li><li>institucijama odgoja i obrazovanja (pred\u0161kolske ustanove, osnovne i srednje \u0161kole, \u0111a\u010dki domovi)<\/li><li>ustrojstvenim jedinicama Ministarstva unutarnjih poslova<\/li><li>institucijama u podru\u010dju zdravstva (domovi zdravlja, bolnice, centri za mentalno zdravlje, psihijatrijske klinike, centri za ovisnost\u2026)<\/li><li>institucijama u lokalnoj zajednici (privatna praksa, obiteljski centri, nevladine organizacije \u2013 udruge\u2026).<\/li><\/ul>\n\n\n\n<p class=\"has-background\" style=\"background-color:#e7cad4\"><strong>Za\u0161to je socijalni pedagog tako poseban?<\/strong><\/p>\n\n\n\n<p>Socijalna pedagogija je znanstvena disciplina koja obuhva\u0107a poznavanje <strong>razvojnih karakteristika<\/strong> pojedinca, <strong>individualnih razlika<\/strong> va\u017enih za u\u010denje, okru\u017eenja u kojem se u\u010di i socijalne interakcije, <strong>poreme\u0107aja u pona\u0161anju<\/strong> pojedinca, bio-psiho-socijalne strukture pojedinca kao osnove za razvoj poreme\u0107aja u pona\u0161anju \u0161to uklju\u010duje i poznavanje <strong>delikata, delinkvenata, \u017ertava<\/strong> delinkventnog pona\u0161anja, kriminaliteta kao dru\u0161tvene pojave, kao i odgovora dru\u0161tva na taj &nbsp;kriminalitet.&nbsp;Ona je <strong>splet raznih drugih znanosti<\/strong> zbog kojih socijalni pedagog ima \u0161irok dijapazon znanja i vje\u0161tina \u2013 pedagogija, psihologija, kriminologija, sociologija, penologija kao najva\u017enije.<\/p>\n\n\n\n<div class=\"wp-block-group\"><div class=\"wp-block-group__inner-container is-layout-flow wp-block-group-is-layout-flow\">\n<div class=\"wp-block-group\"><div class=\"wp-block-group__inner-container is-layout-flow wp-block-group-is-layout-flow\">\n<div class=\"wp-block-group\"><div class=\"wp-block-group__inner-container is-layout-flow wp-block-group-is-layout-flow\">\n<div class=\"wp-block-group\"><div class=\"wp-block-group__inner-container is-layout-flow wp-block-group-is-layout-flow\">\n<div class=\"wp-block-group\"><div class=\"wp-block-group__inner-container is-layout-flow wp-block-group-is-layout-flow\">\n<div class=\"wp-block-group\"><div class=\"wp-block-group__inner-container is-layout-flow wp-block-group-is-layout-flow\">\n<div class=\"wp-block-group\"><div class=\"wp-block-group__inner-container is-layout-flow wp-block-group-is-layout-flow\">\n<div class=\"wp-block-group\"><div class=\"wp-block-group__inner-container is-layout-flow wp-block-group-is-layout-flow\">\n<div class=\"wp-block-group\"><div class=\"wp-block-group__inner-container is-layout-flow wp-block-group-is-layout-flow\">\n<div class=\"wp-block-group\"><div class=\"wp-block-group__inner-container is-layout-flow wp-block-group-is-layout-flow\">\n<div class=\"wp-block-group\"><div class=\"wp-block-group__inner-container is-layout-flow wp-block-group-is-layout-flow\">\n<div class=\"wp-block-group\"><div class=\"wp-block-group__inner-container is-layout-flow wp-block-group-is-layout-flow\">\n<figure class=\"wp-block-gallery columns-2 is-cropped wp-block-gallery-1 is-layout-flex wp-block-gallery-is-layout-flex\"><ul class=\"blocks-gallery-grid\"><li class=\"blocks-gallery-item\"><figure><img fetchpriority=\"high\" decoding=\"async\" width=\"960\" height=\"636\" src=\"https:\/\/zaimovic.com.hr\/wp-content\/uploads\/2020\/09\/kid.jpg\" alt=\"\" data-id=\"304\" data-full-url=\"https:\/\/zaimovic.com.hr\/wp-content\/uploads\/2020\/09\/kid.jpg\" data-link=\"https:\/\/zaimovic.com.hr\/?attachment_id=304\" class=\"wp-image-304\" srcset=\"https:\/\/zaimovic.com.hr\/wp-content\/uploads\/2020\/09\/kid.jpg 960w, https:\/\/zaimovic.com.hr\/wp-content\/uploads\/2020\/09\/kid-300x199.jpg 300w, https:\/\/zaimovic.com.hr\/wp-content\/uploads\/2020\/09\/kid-768x509.jpg 768w, https:\/\/zaimovic.com.hr\/wp-content\/uploads\/2020\/09\/kid-180x120.jpg 180w\" sizes=\"(max-width: 960px) 100vw, 960px\" \/><\/figure><\/li><li class=\"blocks-gallery-item\"><figure><img decoding=\"async\" width=\"960\" height=\"639\" src=\"https:\/\/zaimovic.com.hr\/wp-content\/uploads\/2020\/09\/prijatelji.jpg\" alt=\"\" data-id=\"303\" data-full-url=\"https:\/\/zaimovic.com.hr\/wp-content\/uploads\/2020\/09\/prijatelji.jpg\" data-link=\"https:\/\/zaimovic.com.hr\/?attachment_id=303\" class=\"wp-image-303\" srcset=\"https:\/\/zaimovic.com.hr\/wp-content\/uploads\/2020\/09\/prijatelji.jpg 960w, https:\/\/zaimovic.com.hr\/wp-content\/uploads\/2020\/09\/prijatelji-300x200.jpg 300w, https:\/\/zaimovic.com.hr\/wp-content\/uploads\/2020\/09\/prijatelji-768x511.jpg 768w, https:\/\/zaimovic.com.hr\/wp-content\/uploads\/2020\/09\/prijatelji-180x120.jpg 180w\" sizes=\"(max-width: 960px) 100vw, 960px\" \/><\/figure><\/li><\/ul><\/figure>\n\n\n\n<div class=\"wp-block-group is-layout-flow wp-block-group-is-layout-flow\"><div class=\"wp-block-group__inner-container\"><\/div><\/div>\n<\/div><\/div>\n<\/div><\/div>\n<\/div><\/div>\n<\/div><\/div>\n\n\n\n<div class=\"wp-block-group is-layout-flow wp-block-group-is-layout-flow\"><div class=\"wp-block-group__inner-container\"><\/div><\/div>\n<\/div><\/div>\n<\/div><\/div>\n<\/div><\/div>\n<\/div><\/div>\n<\/div><\/div>\n<\/div><\/div>\n<\/div><\/div>\n\n\n\n<div class=\"wp-block-group\"><div class=\"wp-block-group__inner-container is-layout-flow wp-block-group-is-layout-flow\">\n<div class=\"wp-block-group\"><div class=\"wp-block-group__inner-container is-layout-flow wp-block-group-is-layout-flow\">\n<div class=\"wp-block-group\"><div class=\"wp-block-group__inner-container is-layout-flow wp-block-group-is-layout-flow\">\n<div class=\"wp-block-group\"><div class=\"wp-block-group__inner-container is-layout-flow wp-block-group-is-layout-flow\">\n<div class=\"wp-block-group is-layout-flow wp-block-group-is-layout-flow\"><div class=\"wp-block-group__inner-container\"><\/div><\/div>\n<\/div><\/div>\n<\/div><\/div>\n\n\n\n<p><\/p>\n<\/div><\/div>\n<\/div><\/div>\n<\/div><\/div>\n\n\n\n<p class=\"has-background\" style=\"background-color:#e7cad4\"><strong>Tko sam ja kao socijalni pedagog?<\/strong><\/p>\n\n\n\n<p>Da trebam ponovo birati svoju struku, to bi opet bila socijalna pedagogija. <strong>Oduvijek sam \u017eeljela raditi s ljudima<\/strong>, a kao malena sam ma\u0161tala da \u0107u postati u\u010diteljica. Dje\u010da\u010dki san ili ne\u0161to vi\u0161e, odveo me do psihologije, a onda skrenuo na specifi\u010dne probleme u pona\u0161anju. Kad radim, mogu za sebe re\u0107i da sam <strong>u\u010diteljica, odgajateljica, savjetnica, majka, teta, pa i starija sestra<\/strong>. Sve to u jednom, ovisno s kime u tom trenu radim i na kojem radnom mjestu.<\/p>\n\n\n\n<p><strong>Socijalni pedagog sam cijelim svojim srcem.<\/strong> Volim pomagati ljudima, ali s vremenom sam nau\u010dila da ne mogu pomo\u0107i svima i ne onda kad sam si ja to zamislila. Nau\u010dila sam da ljudima nudim svoju pomo\u0107 i podr\u0161ku, a na njima je koliko od toga i ho\u0107e li uop\u0107e ne\u0161to uzeti za sebe. Svatko je spreman za promjenu onda kad vidi neki smisao u tome. Ne kad mi odlu\u010dimo da treba promijeniti pona\u0161anje, bilo neki stru\u010dnjak ili pak sud odredbom neke mjere.<\/p>\n\n\n\n<p>Mladi koji su razvili poreme\u0107aje, odnosno probleme u pona\u0161anju su zapravo <strong>nesretni, neshva\u0107eni mladi ljudi bez korijena i bez svoje sigurne luke<\/strong>. Naj\u010de\u0161\u0107e nisu imali dobre roditelje, bili su zanemareni i zlostavljani, a svoje uto\u010di\u0161te pronalazili na ulici, s dru\u0161tvom, a utjehu pronalazili u opojnim sredstvima. Neki su za\u0161li i u kriminalnu stranu cijele pri\u010de. Ovo nije pravilo, ali \u010desto je tako. Osim <strong>eksternaliziranih poreme\u0107aja u pona\u0161anju<\/strong>, ona koja u najve\u0107oj mjeri \u0161tete drugima, ali i samoj osobi, tu su i <strong>internalizirani poreme\u0107aji<\/strong> koji su u najve\u0107oj mjeri \u0161tetni za samu osobu i usmjereni su prema osobi (depresija, anksioznost, samoozlje\u0111ivanje\u2026) <\/p>\n\n\n\n<p>\u010cak i ako ih je sustav izdvojio na vrijeme, ako su prona\u0161li uto\u010di\u0161te u domu ili udomiteljskoj obitelji (znam puno je to ako), mo\u017eda ne\u0107e biti toliko lo\u0161e. Ali sigurno \u0107e u neku ruku imati rupu u srcu, traumu koju imaju u sebi zbog doga\u0111aja iz pro\u0161losti. <strong>A pro\u0161lost ne mo\u017eemo promijeniti.<\/strong> Zbog toga sigurno trebaju pomo\u0107 i podr\u0161ku stru\u010dnjaka kako bi bili bolje danas, bez obzira na pro\u0161lost, ali sa svjesno\u0161\u0107u \u0161to se sve doga\u0111alo.<\/p>\n\n\n\n<blockquote class=\"wp-block-quote is-style-large is-layout-flow wp-block-quote-is-layout-flow\"><p>Najgore mi je kad ljudi osu\u0111uju mlade koji \u010dine kaznena djela. Pa nisu preko no\u0107i postali \u201ekriminalci\u201c. Puno je tu jada, tuge, bijesa, anksioznosti, ljubomore i spleta drugih emocija u pozadini. To naravno nije opravdanje, ali imajmo svijest i ne osu\u0111ujmo druge prije nego \u0161to smo se stavili u njihove cipele.<\/p><\/blockquote>\n\n\n\n<p><\/p>\n\n\n\n<p>PS. Ako te jo\u0161 ne\u0161to zanima o socijalnoj pedagogiji slobodno pi\u0161i ili posjeti web stranicu <a href=\"http:\/\/www.erf.unizg.hr\/hr\/\">Edukacijsko &#8211; rehabilitacijskog fakulteta<\/a>. <\/p>\n","protected":false},"excerpt":{"rendered":"<p>Socijalni pedagog nije ni psiholog ni pedagog, a ni socijalni radnik. To su naj\u010de\u0161\u0107e struke s kojima nas ljudi mije\u0161aju. Ne zamjeram im jer svi imamo zajedni\u010dku okosnicu \u2013 pomaga\u010dka zanimanja. To su zanimanja kojima je cilj pomaganje drugima \u2013 djeci, mladima, odraslima, parovima i obiteljima. Specifi\u010dno, ono \u0161to socijalnog pedagoga razlikuje od drugih gore&hellip;&nbsp;<a href=\"https:\/\/zaimovic.com.hr\/index.php\/2020\/09\/17\/socijalni-pedagog-znas-li-kakav-je-to-strucnjak\/\" rel=\"bookmark\">Read More &raquo;<span class=\"screen-reader-text\">Socijalni pedagog &#8211; zna\u0161 li kakav je to stru\u010dnjak?<\/span><\/a><\/p>\n","protected":false},"author":1,"featured_media":302,"comment_status":"open","ping_status":"open","sticky":false,"template":"","format":"standard","meta":{"neve_meta_sidebar":"","neve_meta_container":"","neve_meta_enable_content_width":"","neve_meta_content_width":0,"neve_meta_title_alignment":"","neve_meta_author_avatar":"","neve_post_elements_order":"","neve_meta_disable_header":"","neve_meta_disable_footer":"","neve_meta_disable_title":"","footnotes":""},"categories":[31,65],"tags":[],"yoast_head":"<!-- This site is optimized with the Yoast SEO plugin v24.5 - https:\/\/yoast.com\/wordpress\/plugins\/seo\/ -->\n<title>Socijalni pedagog - zna\u0161 li kakav je to stru\u010dnjak? - Iva Zaimovi\u0107<\/title>\n<meta name=\"description\" content=\"Socijalni pedagog nije ni psiholog ni pedagog. To su naj\u010de\u0161\u0107e struke s kojima nas ljudi mije\u0161aju, a svima je zajedni\u010dko pomaganje.\" \/>\n<meta name=\"robots\" content=\"index, follow, max-snippet:-1, max-image-preview:large, max-video-preview:-1\" \/>\n<link rel=\"canonical\" href=\"https:\/\/zaimovic.com.hr\/index.php\/2020\/09\/17\/socijalni-pedagog-znas-li-kakav-je-to-strucnjak\/\" \/>\n<meta property=\"og:locale\" content=\"hr_HR\" \/>\n<meta property=\"og:type\" content=\"article\" \/>\n<meta property=\"og:title\" content=\"Socijalni pedagog - zna\u0161 li kakav je to stru\u010dnjak? - Iva Zaimovi\u0107\" \/>\n<meta property=\"og:description\" content=\"Socijalni pedagog nije ni psiholog ni pedagog. To su naj\u010de\u0161\u0107e struke s kojima nas ljudi mije\u0161aju, a svima je zajedni\u010dko pomaganje.\" \/>\n<meta property=\"og:url\" content=\"https:\/\/zaimovic.com.hr\/index.php\/2020\/09\/17\/socijalni-pedagog-znas-li-kakav-je-to-strucnjak\/\" \/>\n<meta property=\"og:site_name\" content=\"Iva Zaimovi\u0107\" \/>\n<meta property=\"article:author\" content=\"https:\/\/www.facebook.com\/velikeimalemisli\" \/>\n<meta property=\"article:published_time\" content=\"2020-09-17T15:36:14+00:00\" \/>\n<meta property=\"article:modified_time\" content=\"2024-04-29T10:37:59+00:00\" \/>\n<meta property=\"og:image\" content=\"https:\/\/zaimovic.com.hr\/wp-content\/uploads\/2020\/09\/socijalni-pedagog.jpg\" \/>\n\t<meta property=\"og:image:width\" content=\"946\" \/>\n\t<meta property=\"og:image:height\" content=\"465\" \/>\n\t<meta property=\"og:image:type\" content=\"image\/jpeg\" \/>\n<meta name=\"author\" content=\"Iva Zaimovi\u0107\" \/>\n<meta name=\"twitter:card\" content=\"summary_large_image\" \/>\n<meta name=\"twitter:label1\" content=\"Napisao\/la\" \/>\n\t<meta name=\"twitter:data1\" content=\"Iva Zaimovi\u0107\" \/>\n\t<meta name=\"twitter:label2\" content=\"Procijenjeno vrijeme \u010ditanja\" \/>\n\t<meta name=\"twitter:data2\" content=\"4 minute\" \/>\n<script type=\"application\/ld+json\" class=\"yoast-schema-graph\">{\"@context\":\"https:\/\/schema.org\",\"@graph\":[{\"@type\":\"WebPage\",\"@id\":\"https:\/\/zaimovic.com.hr\/index.php\/2020\/09\/17\/socijalni-pedagog-znas-li-kakav-je-to-strucnjak\/\",\"url\":\"https:\/\/zaimovic.com.hr\/index.php\/2020\/09\/17\/socijalni-pedagog-znas-li-kakav-je-to-strucnjak\/\",\"name\":\"Socijalni pedagog - zna\u0161 li kakav je to stru\u010dnjak? - Iva Zaimovi\u0107\",\"isPartOf\":{\"@id\":\"https:\/\/zaimovic.com.hr\/#website\"},\"primaryImageOfPage\":{\"@id\":\"https:\/\/zaimovic.com.hr\/index.php\/2020\/09\/17\/socijalni-pedagog-znas-li-kakav-je-to-strucnjak\/#primaryimage\"},\"image\":{\"@id\":\"https:\/\/zaimovic.com.hr\/index.php\/2020\/09\/17\/socijalni-pedagog-znas-li-kakav-je-to-strucnjak\/#primaryimage\"},\"thumbnailUrl\":\"https:\/\/zaimovic.com.hr\/wp-content\/uploads\/2020\/09\/socijalni-pedagog.jpg\",\"datePublished\":\"2020-09-17T15:36:14+00:00\",\"dateModified\":\"2024-04-29T10:37:59+00:00\",\"author\":{\"@id\":\"https:\/\/zaimovic.com.hr\/#\/schema\/person\/46635fda1b928c40087a65c50fda63ec\"},\"description\":\"Socijalni pedagog nije ni psiholog ni pedagog. To su naj\u010de\u0161\u0107e struke s kojima nas ljudi mije\u0161aju, a svima je zajedni\u010dko pomaganje.\",\"breadcrumb\":{\"@id\":\"https:\/\/zaimovic.com.hr\/index.php\/2020\/09\/17\/socijalni-pedagog-znas-li-kakav-je-to-strucnjak\/#breadcrumb\"},\"inLanguage\":\"hr\",\"potentialAction\":[{\"@type\":\"ReadAction\",\"target\":[\"https:\/\/zaimovic.com.hr\/index.php\/2020\/09\/17\/socijalni-pedagog-znas-li-kakav-je-to-strucnjak\/\"]}]},{\"@type\":\"ImageObject\",\"inLanguage\":\"hr\",\"@id\":\"https:\/\/zaimovic.com.hr\/index.php\/2020\/09\/17\/socijalni-pedagog-znas-li-kakav-je-to-strucnjak\/#primaryimage\",\"url\":\"https:\/\/zaimovic.com.hr\/wp-content\/uploads\/2020\/09\/socijalni-pedagog.jpg\",\"contentUrl\":\"https:\/\/zaimovic.com.hr\/wp-content\/uploads\/2020\/09\/socijalni-pedagog.jpg\",\"width\":946,\"height\":465},{\"@type\":\"BreadcrumbList\",\"@id\":\"https:\/\/zaimovic.com.hr\/index.php\/2020\/09\/17\/socijalni-pedagog-znas-li-kakav-je-to-strucnjak\/#breadcrumb\",\"itemListElement\":[{\"@type\":\"ListItem\",\"position\":1,\"name\":\"Po\u010detna stranica\",\"item\":\"https:\/\/zaimovic.com.hr\/\"},{\"@type\":\"ListItem\",\"position\":2,\"name\":\"Socijalni pedagog &#8211; zna\u0161 li kakav je to stru\u010dnjak?\"}]},{\"@type\":\"WebSite\",\"@id\":\"https:\/\/zaimovic.com.hr\/#website\",\"url\":\"https:\/\/zaimovic.com.hr\/\",\"name\":\"Iva Zaimovi\u0107\",\"description\":\"Osna\u017dena - balans, ljubav i rast\",\"potentialAction\":[{\"@type\":\"SearchAction\",\"target\":{\"@type\":\"EntryPoint\",\"urlTemplate\":\"https:\/\/zaimovic.com.hr\/?s={search_term_string}\"},\"query-input\":{\"@type\":\"PropertyValueSpecification\",\"valueRequired\":true,\"valueName\":\"search_term_string\"}}],\"inLanguage\":\"hr\"},{\"@type\":\"Person\",\"@id\":\"https:\/\/zaimovic.com.hr\/#\/schema\/person\/46635fda1b928c40087a65c50fda63ec\",\"name\":\"Iva Zaimovi\u0107\",\"image\":{\"@type\":\"ImageObject\",\"inLanguage\":\"hr\",\"@id\":\"https:\/\/zaimovic.com.hr\/#\/schema\/person\/image\/\",\"url\":\"https:\/\/secure.gravatar.com\/avatar\/f945de162461501123845d3f733fe63d?s=96&d=mm&r=g\",\"contentUrl\":\"https:\/\/secure.gravatar.com\/avatar\/f945de162461501123845d3f733fe63d?s=96&d=mm&r=g\",\"caption\":\"Iva Zaimovi\u0107\"},\"sameAs\":[\"https:\/\/zaimovic.com.hr\",\"https:\/\/www.facebook.com\/velikeimalemisli\",\"https:\/\/www.instagram.com\/ivazaimovic\/\"],\"url\":\"https:\/\/zaimovic.com.hr\/index.php\/author\/yrcqptp1bb\/\"}]}<\/script>\n<!-- \/ Yoast SEO plugin. -->","yoast_head_json":{"title":"Socijalni pedagog - zna\u0161 li kakav je to stru\u010dnjak? - Iva Zaimovi\u0107","description":"Socijalni pedagog nije ni psiholog ni pedagog. To su naj\u010de\u0161\u0107e struke s kojima nas ljudi mije\u0161aju, a svima je zajedni\u010dko pomaganje.","robots":{"index":"index","follow":"follow","max-snippet":"max-snippet:-1","max-image-preview":"max-image-preview:large","max-video-preview":"max-video-preview:-1"},"canonical":"https:\/\/zaimovic.com.hr\/index.php\/2020\/09\/17\/socijalni-pedagog-znas-li-kakav-je-to-strucnjak\/","og_locale":"hr_HR","og_type":"article","og_title":"Socijalni pedagog - zna\u0161 li kakav je to stru\u010dnjak? - Iva Zaimovi\u0107","og_description":"Socijalni pedagog nije ni psiholog ni pedagog. To su naj\u010de\u0161\u0107e struke s kojima nas ljudi mije\u0161aju, a svima je zajedni\u010dko pomaganje.","og_url":"https:\/\/zaimovic.com.hr\/index.php\/2020\/09\/17\/socijalni-pedagog-znas-li-kakav-je-to-strucnjak\/","og_site_name":"Iva Zaimovi\u0107","article_author":"https:\/\/www.facebook.com\/velikeimalemisli","article_published_time":"2020-09-17T15:36:14+00:00","article_modified_time":"2024-04-29T10:37:59+00:00","og_image":[{"width":946,"height":465,"url":"https:\/\/zaimovic.com.hr\/wp-content\/uploads\/2020\/09\/socijalni-pedagog.jpg","type":"image\/jpeg"}],"author":"Iva Zaimovi\u0107","twitter_card":"summary_large_image","twitter_misc":{"Napisao\/la":"Iva Zaimovi\u0107","Procijenjeno vrijeme \u010ditanja":"4 minute"},"schema":{"@context":"https:\/\/schema.org","@graph":[{"@type":"WebPage","@id":"https:\/\/zaimovic.com.hr\/index.php\/2020\/09\/17\/socijalni-pedagog-znas-li-kakav-je-to-strucnjak\/","url":"https:\/\/zaimovic.com.hr\/index.php\/2020\/09\/17\/socijalni-pedagog-znas-li-kakav-je-to-strucnjak\/","name":"Socijalni pedagog - zna\u0161 li kakav je to stru\u010dnjak? - Iva Zaimovi\u0107","isPartOf":{"@id":"https:\/\/zaimovic.com.hr\/#website"},"primaryImageOfPage":{"@id":"https:\/\/zaimovic.com.hr\/index.php\/2020\/09\/17\/socijalni-pedagog-znas-li-kakav-je-to-strucnjak\/#primaryimage"},"image":{"@id":"https:\/\/zaimovic.com.hr\/index.php\/2020\/09\/17\/socijalni-pedagog-znas-li-kakav-je-to-strucnjak\/#primaryimage"},"thumbnailUrl":"https:\/\/zaimovic.com.hr\/wp-content\/uploads\/2020\/09\/socijalni-pedagog.jpg","datePublished":"2020-09-17T15:36:14+00:00","dateModified":"2024-04-29T10:37:59+00:00","author":{"@id":"https:\/\/zaimovic.com.hr\/#\/schema\/person\/46635fda1b928c40087a65c50fda63ec"},"description":"Socijalni pedagog nije ni psiholog ni pedagog. To su naj\u010de\u0161\u0107e struke s kojima nas ljudi mije\u0161aju, a svima je zajedni\u010dko pomaganje.","breadcrumb":{"@id":"https:\/\/zaimovic.com.hr\/index.php\/2020\/09\/17\/socijalni-pedagog-znas-li-kakav-je-to-strucnjak\/#breadcrumb"},"inLanguage":"hr","potentialAction":[{"@type":"ReadAction","target":["https:\/\/zaimovic.com.hr\/index.php\/2020\/09\/17\/socijalni-pedagog-znas-li-kakav-je-to-strucnjak\/"]}]},{"@type":"ImageObject","inLanguage":"hr","@id":"https:\/\/zaimovic.com.hr\/index.php\/2020\/09\/17\/socijalni-pedagog-znas-li-kakav-je-to-strucnjak\/#primaryimage","url":"https:\/\/zaimovic.com.hr\/wp-content\/uploads\/2020\/09\/socijalni-pedagog.jpg","contentUrl":"https:\/\/zaimovic.com.hr\/wp-content\/uploads\/2020\/09\/socijalni-pedagog.jpg","width":946,"height":465},{"@type":"BreadcrumbList","@id":"https:\/\/zaimovic.com.hr\/index.php\/2020\/09\/17\/socijalni-pedagog-znas-li-kakav-je-to-strucnjak\/#breadcrumb","itemListElement":[{"@type":"ListItem","position":1,"name":"Po\u010detna stranica","item":"https:\/\/zaimovic.com.hr\/"},{"@type":"ListItem","position":2,"name":"Socijalni pedagog &#8211; zna\u0161 li kakav je to stru\u010dnjak?"}]},{"@type":"WebSite","@id":"https:\/\/zaimovic.com.hr\/#website","url":"https:\/\/zaimovic.com.hr\/","name":"Iva Zaimovi\u0107","description":"Osna\u017dena - balans, ljubav i rast","potentialAction":[{"@type":"SearchAction","target":{"@type":"EntryPoint","urlTemplate":"https:\/\/zaimovic.com.hr\/?s={search_term_string}"},"query-input":{"@type":"PropertyValueSpecification","valueRequired":true,"valueName":"search_term_string"}}],"inLanguage":"hr"},{"@type":"Person","@id":"https:\/\/zaimovic.com.hr\/#\/schema\/person\/46635fda1b928c40087a65c50fda63ec","name":"Iva Zaimovi\u0107","image":{"@type":"ImageObject","inLanguage":"hr","@id":"https:\/\/zaimovic.com.hr\/#\/schema\/person\/image\/","url":"https:\/\/secure.gravatar.com\/avatar\/f945de162461501123845d3f733fe63d?s=96&d=mm&r=g","contentUrl":"https:\/\/secure.gravatar.com\/avatar\/f945de162461501123845d3f733fe63d?s=96&d=mm&r=g","caption":"Iva Zaimovi\u0107"},"sameAs":["https:\/\/zaimovic.com.hr","https:\/\/www.facebook.com\/velikeimalemisli","https:\/\/www.instagram.com\/ivazaimovic\/"],"url":"https:\/\/zaimovic.com.hr\/index.php\/author\/yrcqptp1bb\/"}]}},"blog_post_layout_featured_media_urls":{"thumbnail":["https:\/\/zaimovic.com.hr\/wp-content\/uploads\/2020\/09\/socijalni-pedagog-150x150.jpg",150,150,true],"full":["https:\/\/zaimovic.com.hr\/wp-content\/uploads\/2020\/09\/socijalni-pedagog.jpg",946,465,false]},"categories_names":{"31":{"name":"O meni","link":"https:\/\/zaimovic.com.hr\/index.php\/category\/o-meni\/"},"65":{"name":"Osobni razvoj","link":"https:\/\/zaimovic.com.hr\/index.php\/category\/osobni-razvoj\/"}},"tags_names":[],"comments_number":"0","_links":{"self":[{"href":"https:\/\/zaimovic.com.hr\/index.php\/wp-json\/wp\/v2\/posts\/299"}],"collection":[{"href":"https:\/\/zaimovic.com.hr\/index.php\/wp-json\/wp\/v2\/posts"}],"about":[{"href":"https:\/\/zaimovic.com.hr\/index.php\/wp-json\/wp\/v2\/types\/post"}],"author":[{"embeddable":true,"href":"https:\/\/zaimovic.com.hr\/index.php\/wp-json\/wp\/v2\/users\/1"}],"replies":[{"embeddable":true,"href":"https:\/\/zaimovic.com.hr\/index.php\/wp-json\/wp\/v2\/comments?post=299"}],"version-history":[{"count":5,"href":"https:\/\/zaimovic.com.hr\/index.php\/wp-json\/wp\/v2\/posts\/299\/revisions"}],"predecessor-version":[{"id":307,"href":"https:\/\/zaimovic.com.hr\/index.php\/wp-json\/wp\/v2\/posts\/299\/revisions\/307"}],"wp:featuredmedia":[{"embeddable":true,"href":"https:\/\/zaimovic.com.hr\/index.php\/wp-json\/wp\/v2\/media\/302"}],"wp:attachment":[{"href":"https:\/\/zaimovic.com.hr\/index.php\/wp-json\/wp\/v2\/media?parent=299"}],"wp:term":[{"taxonomy":"category","embeddable":true,"href":"https:\/\/zaimovic.com.hr\/index.php\/wp-json\/wp\/v2\/categories?post=299"},{"taxonomy":"post_tag","embeddable":true,"href":"https:\/\/zaimovic.com.hr\/index.php\/wp-json\/wp\/v2\/tags?post=299"}],"curies":[{"name":"wp","href":"https:\/\/api.w.org\/{rel}","templated":true}]}}