{"id":336,"date":"2020-11-09T18:27:37","date_gmt":"2020-11-09T18:27:37","guid":{"rendered":"https:\/\/zaimovic.com.hr\/?p=336"},"modified":"2024-04-29T10:18:52","modified_gmt":"2024-04-29T10:18:52","slug":"trudnica-ima-li-pravo-prednosti","status":"publish","type":"post","link":"https:\/\/zaimovic.com.hr\/index.php\/2020\/11\/09\/trudnica-ima-li-pravo-prednosti\/","title":{"rendered":"Ima li trudnica pravo prednosti i gdje je nestala briga?"},"content":{"rendered":"\n<p>S vremena na vrijeme se na raznim portalima pojavljuju \u201enove\u201c vijesti kako netko negdje nije mogao\/\u017eelio ustupiti mjesto trudnici, a naj\u010de\u0161\u0107e mjesto doga\u0111aja je javni prijevoz. Nekad sam se pitala od kud novinarima toliko detalja tko se ustao, tko nije, tko je \u0161to komentirao, \u0161to je rekla trudnica, a \u0161to osoba koja se nije ustala, a trebala je. Sada se vi\u0161e to ne pitam jer je o\u010dito reciklirani materijal koji se izvla\u010di svako malo, s nekoliko druga\u010dijih detalja, samo da bi ljudima bilo zanimljivije. Vijesti ne otvaram jer nisu nikakve vijesti, ali pro\u010ditam poneki komentar kako bi, na svoju \u017ealost, vidjela <strong>kakvi su ljudi oko mene, kakve su im vrijednosti i od \u010dega polaze u \u017eivotu.<\/strong><\/p>\n\n\n\n<p>Prije dru\u0161tvenih mre\u017ea \u017eivjeli smo u bla\u017eenom neznanju i varanju da je ve\u0107ina ljudi zapravo dobra. No, od kad su i stari i mladi napravili profile na dru\u0161tvenim mre\u017eama, ponajprije je starija generacija na Facebooku (tu ve\u0107 ubrajam i svoju generaciju), svakodnevno se \u0161iri otrov u komentarima. <strong>Otrov, ru\u017ene rije\u010di, komentari koje apsolutno nitko nikome ne bi rekao u lice, na cesti, poznatome ili nepoznatome.<\/strong> No, dru\u0161tvene mre\u017ee o\u010dito, koliko god neanonimne bile, daju neku hrabrost ljudima da se pona\u0161aju kao zadnji pokvarenjaci. \u010citam i ne vjerujem, odrasle osobe u godinama, \u017eenske i mu\u0161ke, govore stvari koje nisam u \u017eivotu o nikome pomislila. <strong>Pitam se od kuda takva mr\u017enja prema drugima<\/strong>, takvo osu\u0111ivanje i klevetanje. Od kud bilo kome pravo da komentira ne\u010diji izgled ili postupak?<\/p>\n\n\n\n<p><strong>Svatko ima pravo na svoje mi\u0161ljenje, no to ne zna\u010di da su svi u pravu i da je mi\u0161ljenje na mjestu.<\/strong> Postoje kulturni i odgojeni i o\u010dito nekulturni i neodgojeni ljudi. Trnci me prolaze kad vidim koliko je nekulture me\u0111u mla\u0111ima i starijima. Pa mi ovi mla\u0111i i nisu toliko za\u010du\u0111uju\u0107i, kad vidim kakvi su stariji, jer stariji su ih odgojili.<\/p>\n\n\n\n<p><strong>Da se vratim na trudnicu?<\/strong> Ono \u0161to o \u010demu velika ve\u0107ina komentira ide nekako ovako: <em>trudnica nije bolesna, meni se nije nitko trebao ustati, sve sam radila do zadnjeg dana, na dan poroda sam radila inventuru pa me nitko ni\u0161ta nije pitao, nikad ne tra\u017eim prednost ni da idem preko reda, ni s djecom ni s trbuhom<\/em> i tako dalje bez kraja.<\/p>\n\n\n\n<p>Moram vas podsjetiti na sljede\u0107e. <strong>Da, trudnica nije bolesna, ali je u drugom stanju<\/strong>, ono \u0161to mo\u017ee napraviti zdrav \u010dovjek (odraditi fizi\u010dki te\u0161ku smjenu od 8-10h) trudnici predstavlja veliki napor jer hrani maleno bi\u0107e u svom tijelu, bi\u0107e koje se razvija u \u010dovjeka. Na svojoj kralje\u017enici i svojim nogama nosi barem jo\u0161 1-5 kila. Da ne spominjem da <strong>svaka trudnica ne mora biti zdrava<\/strong>, u trudno\u0107i dolazi do raznih problema, a neke jednostavno <strong>nemaju drugog izbora <\/strong>nego oti\u0107i javnim prijevozom tamo gdje moraju, jer eto \u017eiva je jo\u0161 uvijek.<\/p>\n\n\n\n<p><strong>No, najva\u017enije, u javnom prijevozu trudnica mora biti SIGURNA!<\/strong> U slu\u010daju da voza\u010d naglo zako\u010di \u2013 djeca, osobe s invaliditetom i trudnice \u2013 lete na pod, na druge ljude, na \u0161ipke za koje se dr\u017ee. Uslijed svega toga mo\u017ee se povrijediti i mo\u017ee se ne\u0161to dogoditi bebi. Evo, ne razumijem za\u0161to netko propituje tko se kome i za\u0161to mora ustati, kad je sve jasno, nije to nitko izmislio niti odredio bez nekog razloga. <strong>Sigurnost na prvom mjestu, pa \u010dak i kad ona sama ne \u017eeli sjesti.<\/strong><\/p>\n\n\n\n<p><strong>Druga pri\u010da je prednost u redu.<\/strong> Uop\u0107e ne \u017eelim spominjati trenutnu situaciju s COVID-19 i za\u0161to bi se trudnica \u0161to prije trebala maknuti iz reda. Prije su bile (o\u010dito vi\u0161e nisu) druge zarazne bolesti od kojih se trudnica treba \u0161tititi, ponekad je te\u0161ko disati i stajati, a ponekad jednostavno mjehur ne mo\u017ee izdr\u017eati toliko dugo.<\/p>\n\n\n\n<p><strong>Gdje je nestala sva briga o ljudima koji su pored nas. Gdje je nestala briga za \u010dovjeka? A posebno, gdje je nestala briga za \u017eenu, za \u017eenu koja u sebi prehranjuje i omogu\u0107ava \u017eivot novom ljudskom \u017eivotu?<\/strong><\/p>\n","protected":false},"excerpt":{"rendered":"<p>S vremena na vrijeme se na raznim portalima pojavljuju \u201enove\u201c vijesti kako netko negdje nije mogao\/\u017eelio ustupiti mjesto trudnici, a naj\u010de\u0161\u0107e mjesto doga\u0111aja je javni prijevoz. Nekad sam se pitala od kud novinarima toliko detalja tko se ustao, tko nije, tko je \u0161to komentirao, \u0161to je rekla trudnica, a \u0161to osoba koja se nije ustala,&hellip;&nbsp;<a href=\"https:\/\/zaimovic.com.hr\/index.php\/2020\/11\/09\/trudnica-ima-li-pravo-prednosti\/\" rel=\"bookmark\">Read More &raquo;<span class=\"screen-reader-text\">Ima li trudnica pravo prednosti i gdje je nestala briga?<\/span><\/a><\/p>\n","protected":false},"author":1,"featured_media":338,"comment_status":"open","ping_status":"open","sticky":false,"template":"","format":"standard","meta":{"neve_meta_sidebar":"","neve_meta_container":"","neve_meta_enable_content_width":"","neve_meta_content_width":0,"neve_meta_title_alignment":"","neve_meta_author_avatar":"","neve_post_elements_order":"","neve_meta_disable_header":"","neve_meta_disable_footer":"","neve_meta_disable_title":"","footnotes":""},"categories":[64,46],"tags":[],"yoast_head":"<!-- This site is optimized with the Yoast SEO plugin v24.5 - https:\/\/yoast.com\/wordpress\/plugins\/seo\/ -->\n<title>Ima li trudnica pravo prednosti i gdje je nestala briga? - Iva Zaimovi\u0107<\/title>\n<meta name=\"description\" content=\"Trudnica nije bolesna, ali je u drugom stanju, hrani maleno bi\u0107e u svom tijelu, Pitam se gdje je nestala briga za \u010dovjeka, djecu i trudnice.\" \/>\n<meta name=\"robots\" content=\"index, follow, max-snippet:-1, max-image-preview:large, max-video-preview:-1\" \/>\n<link rel=\"canonical\" href=\"https:\/\/zaimovic.com.hr\/index.php\/2020\/11\/09\/trudnica-ima-li-pravo-prednosti\/\" \/>\n<meta property=\"og:locale\" content=\"hr_HR\" \/>\n<meta property=\"og:type\" content=\"article\" \/>\n<meta property=\"og:title\" content=\"Ima li trudnica pravo prednosti i gdje je nestala briga? - Iva Zaimovi\u0107\" \/>\n<meta property=\"og:description\" content=\"Trudnica nije bolesna, ali je u drugom stanju, hrani maleno bi\u0107e u svom tijelu, Pitam se gdje je nestala briga za \u010dovjeka, djecu i trudnice.\" \/>\n<meta property=\"og:url\" content=\"https:\/\/zaimovic.com.hr\/index.php\/2020\/11\/09\/trudnica-ima-li-pravo-prednosti\/\" \/>\n<meta property=\"og:site_name\" content=\"Iva Zaimovi\u0107\" \/>\n<meta property=\"article:author\" content=\"https:\/\/www.facebook.com\/velikeimalemisli\" \/>\n<meta property=\"article:published_time\" content=\"2020-11-09T18:27:37+00:00\" \/>\n<meta property=\"article:modified_time\" content=\"2024-04-29T10:18:52+00:00\" \/>\n<meta property=\"og:image\" content=\"https:\/\/zaimovic.com.hr\/wp-content\/uploads\/2020\/11\/pregnant-woman-1512961_960_720.jpg\" \/>\n\t<meta property=\"og:image:width\" content=\"960\" \/>\n\t<meta property=\"og:image:height\" content=\"640\" \/>\n\t<meta property=\"og:image:type\" content=\"image\/jpeg\" \/>\n<meta name=\"author\" content=\"Iva Zaimovi\u0107\" \/>\n<meta name=\"twitter:card\" content=\"summary_large_image\" \/>\n<meta name=\"twitter:label1\" content=\"Napisao\/la\" \/>\n\t<meta name=\"twitter:data1\" content=\"Iva Zaimovi\u0107\" \/>\n\t<meta name=\"twitter:label2\" content=\"Procijenjeno vrijeme \u010ditanja\" \/>\n\t<meta name=\"twitter:data2\" content=\"3 minute\" \/>\n<script type=\"application\/ld+json\" class=\"yoast-schema-graph\">{\"@context\":\"https:\/\/schema.org\",\"@graph\":[{\"@type\":\"WebPage\",\"@id\":\"https:\/\/zaimovic.com.hr\/index.php\/2020\/11\/09\/trudnica-ima-li-pravo-prednosti\/\",\"url\":\"https:\/\/zaimovic.com.hr\/index.php\/2020\/11\/09\/trudnica-ima-li-pravo-prednosti\/\",\"name\":\"Ima li trudnica pravo prednosti i gdje je nestala briga? - Iva Zaimovi\u0107\",\"isPartOf\":{\"@id\":\"https:\/\/zaimovic.com.hr\/#website\"},\"primaryImageOfPage\":{\"@id\":\"https:\/\/zaimovic.com.hr\/index.php\/2020\/11\/09\/trudnica-ima-li-pravo-prednosti\/#primaryimage\"},\"image\":{\"@id\":\"https:\/\/zaimovic.com.hr\/index.php\/2020\/11\/09\/trudnica-ima-li-pravo-prednosti\/#primaryimage\"},\"thumbnailUrl\":\"https:\/\/zaimovic.com.hr\/wp-content\/uploads\/2020\/11\/pregnant-woman-1512961_960_720.jpg\",\"datePublished\":\"2020-11-09T18:27:37+00:00\",\"dateModified\":\"2024-04-29T10:18:52+00:00\",\"author\":{\"@id\":\"https:\/\/zaimovic.com.hr\/#\/schema\/person\/46635fda1b928c40087a65c50fda63ec\"},\"description\":\"Trudnica nije bolesna, ali je u drugom stanju, hrani maleno bi\u0107e u svom tijelu, Pitam se gdje je nestala briga za \u010dovjeka, djecu i trudnice.\",\"breadcrumb\":{\"@id\":\"https:\/\/zaimovic.com.hr\/index.php\/2020\/11\/09\/trudnica-ima-li-pravo-prednosti\/#breadcrumb\"},\"inLanguage\":\"hr\",\"potentialAction\":[{\"@type\":\"ReadAction\",\"target\":[\"https:\/\/zaimovic.com.hr\/index.php\/2020\/11\/09\/trudnica-ima-li-pravo-prednosti\/\"]}]},{\"@type\":\"ImageObject\",\"inLanguage\":\"hr\",\"@id\":\"https:\/\/zaimovic.com.hr\/index.php\/2020\/11\/09\/trudnica-ima-li-pravo-prednosti\/#primaryimage\",\"url\":\"https:\/\/zaimovic.com.hr\/wp-content\/uploads\/2020\/11\/pregnant-woman-1512961_960_720.jpg\",\"contentUrl\":\"https:\/\/zaimovic.com.hr\/wp-content\/uploads\/2020\/11\/pregnant-woman-1512961_960_720.jpg\",\"width\":960,\"height\":640},{\"@type\":\"BreadcrumbList\",\"@id\":\"https:\/\/zaimovic.com.hr\/index.php\/2020\/11\/09\/trudnica-ima-li-pravo-prednosti\/#breadcrumb\",\"itemListElement\":[{\"@type\":\"ListItem\",\"position\":1,\"name\":\"Po\u010detna stranica\",\"item\":\"https:\/\/zaimovic.com.hr\/\"},{\"@type\":\"ListItem\",\"position\":2,\"name\":\"Ima li trudnica pravo prednosti i gdje je nestala briga?\"}]},{\"@type\":\"WebSite\",\"@id\":\"https:\/\/zaimovic.com.hr\/#website\",\"url\":\"https:\/\/zaimovic.com.hr\/\",\"name\":\"Iva Zaimovi\u0107\",\"description\":\"Osna\u017dena - balans, ljubav i rast\",\"potentialAction\":[{\"@type\":\"SearchAction\",\"target\":{\"@type\":\"EntryPoint\",\"urlTemplate\":\"https:\/\/zaimovic.com.hr\/?s={search_term_string}\"},\"query-input\":{\"@type\":\"PropertyValueSpecification\",\"valueRequired\":true,\"valueName\":\"search_term_string\"}}],\"inLanguage\":\"hr\"},{\"@type\":\"Person\",\"@id\":\"https:\/\/zaimovic.com.hr\/#\/schema\/person\/46635fda1b928c40087a65c50fda63ec\",\"name\":\"Iva Zaimovi\u0107\",\"image\":{\"@type\":\"ImageObject\",\"inLanguage\":\"hr\",\"@id\":\"https:\/\/zaimovic.com.hr\/#\/schema\/person\/image\/\",\"url\":\"https:\/\/secure.gravatar.com\/avatar\/f945de162461501123845d3f733fe63d?s=96&d=mm&r=g\",\"contentUrl\":\"https:\/\/secure.gravatar.com\/avatar\/f945de162461501123845d3f733fe63d?s=96&d=mm&r=g\",\"caption\":\"Iva Zaimovi\u0107\"},\"sameAs\":[\"https:\/\/zaimovic.com.hr\",\"https:\/\/www.facebook.com\/velikeimalemisli\",\"https:\/\/www.instagram.com\/ivazaimovic\/\"],\"url\":\"https:\/\/zaimovic.com.hr\/index.php\/author\/yrcqptp1bb\/\"}]}<\/script>\n<!-- \/ Yoast SEO plugin. -->","yoast_head_json":{"title":"Ima li trudnica pravo prednosti i gdje je nestala briga? - Iva Zaimovi\u0107","description":"Trudnica nije bolesna, ali je u drugom stanju, hrani maleno bi\u0107e u svom tijelu, Pitam se gdje je nestala briga za \u010dovjeka, djecu i trudnice.","robots":{"index":"index","follow":"follow","max-snippet":"max-snippet:-1","max-image-preview":"max-image-preview:large","max-video-preview":"max-video-preview:-1"},"canonical":"https:\/\/zaimovic.com.hr\/index.php\/2020\/11\/09\/trudnica-ima-li-pravo-prednosti\/","og_locale":"hr_HR","og_type":"article","og_title":"Ima li trudnica pravo prednosti i gdje je nestala briga? - Iva Zaimovi\u0107","og_description":"Trudnica nije bolesna, ali je u drugom stanju, hrani maleno bi\u0107e u svom tijelu, Pitam se gdje je nestala briga za \u010dovjeka, djecu i trudnice.","og_url":"https:\/\/zaimovic.com.hr\/index.php\/2020\/11\/09\/trudnica-ima-li-pravo-prednosti\/","og_site_name":"Iva Zaimovi\u0107","article_author":"https:\/\/www.facebook.com\/velikeimalemisli","article_published_time":"2020-11-09T18:27:37+00:00","article_modified_time":"2024-04-29T10:18:52+00:00","og_image":[{"width":960,"height":640,"url":"https:\/\/zaimovic.com.hr\/wp-content\/uploads\/2020\/11\/pregnant-woman-1512961_960_720.jpg","type":"image\/jpeg"}],"author":"Iva Zaimovi\u0107","twitter_card":"summary_large_image","twitter_misc":{"Napisao\/la":"Iva Zaimovi\u0107","Procijenjeno vrijeme \u010ditanja":"3 minute"},"schema":{"@context":"https:\/\/schema.org","@graph":[{"@type":"WebPage","@id":"https:\/\/zaimovic.com.hr\/index.php\/2020\/11\/09\/trudnica-ima-li-pravo-prednosti\/","url":"https:\/\/zaimovic.com.hr\/index.php\/2020\/11\/09\/trudnica-ima-li-pravo-prednosti\/","name":"Ima li trudnica pravo prednosti i gdje je nestala briga? - Iva Zaimovi\u0107","isPartOf":{"@id":"https:\/\/zaimovic.com.hr\/#website"},"primaryImageOfPage":{"@id":"https:\/\/zaimovic.com.hr\/index.php\/2020\/11\/09\/trudnica-ima-li-pravo-prednosti\/#primaryimage"},"image":{"@id":"https:\/\/zaimovic.com.hr\/index.php\/2020\/11\/09\/trudnica-ima-li-pravo-prednosti\/#primaryimage"},"thumbnailUrl":"https:\/\/zaimovic.com.hr\/wp-content\/uploads\/2020\/11\/pregnant-woman-1512961_960_720.jpg","datePublished":"2020-11-09T18:27:37+00:00","dateModified":"2024-04-29T10:18:52+00:00","author":{"@id":"https:\/\/zaimovic.com.hr\/#\/schema\/person\/46635fda1b928c40087a65c50fda63ec"},"description":"Trudnica nije bolesna, ali je u drugom stanju, hrani maleno bi\u0107e u svom tijelu, Pitam se gdje je nestala briga za \u010dovjeka, djecu i trudnice.","breadcrumb":{"@id":"https:\/\/zaimovic.com.hr\/index.php\/2020\/11\/09\/trudnica-ima-li-pravo-prednosti\/#breadcrumb"},"inLanguage":"hr","potentialAction":[{"@type":"ReadAction","target":["https:\/\/zaimovic.com.hr\/index.php\/2020\/11\/09\/trudnica-ima-li-pravo-prednosti\/"]}]},{"@type":"ImageObject","inLanguage":"hr","@id":"https:\/\/zaimovic.com.hr\/index.php\/2020\/11\/09\/trudnica-ima-li-pravo-prednosti\/#primaryimage","url":"https:\/\/zaimovic.com.hr\/wp-content\/uploads\/2020\/11\/pregnant-woman-1512961_960_720.jpg","contentUrl":"https:\/\/zaimovic.com.hr\/wp-content\/uploads\/2020\/11\/pregnant-woman-1512961_960_720.jpg","width":960,"height":640},{"@type":"BreadcrumbList","@id":"https:\/\/zaimovic.com.hr\/index.php\/2020\/11\/09\/trudnica-ima-li-pravo-prednosti\/#breadcrumb","itemListElement":[{"@type":"ListItem","position":1,"name":"Po\u010detna stranica","item":"https:\/\/zaimovic.com.hr\/"},{"@type":"ListItem","position":2,"name":"Ima li trudnica pravo prednosti i gdje je nestala briga?"}]},{"@type":"WebSite","@id":"https:\/\/zaimovic.com.hr\/#website","url":"https:\/\/zaimovic.com.hr\/","name":"Iva Zaimovi\u0107","description":"Osna\u017dena - balans, ljubav i rast","potentialAction":[{"@type":"SearchAction","target":{"@type":"EntryPoint","urlTemplate":"https:\/\/zaimovic.com.hr\/?s={search_term_string}"},"query-input":{"@type":"PropertyValueSpecification","valueRequired":true,"valueName":"search_term_string"}}],"inLanguage":"hr"},{"@type":"Person","@id":"https:\/\/zaimovic.com.hr\/#\/schema\/person\/46635fda1b928c40087a65c50fda63ec","name":"Iva Zaimovi\u0107","image":{"@type":"ImageObject","inLanguage":"hr","@id":"https:\/\/zaimovic.com.hr\/#\/schema\/person\/image\/","url":"https:\/\/secure.gravatar.com\/avatar\/f945de162461501123845d3f733fe63d?s=96&d=mm&r=g","contentUrl":"https:\/\/secure.gravatar.com\/avatar\/f945de162461501123845d3f733fe63d?s=96&d=mm&r=g","caption":"Iva Zaimovi\u0107"},"sameAs":["https:\/\/zaimovic.com.hr","https:\/\/www.facebook.com\/velikeimalemisli","https:\/\/www.instagram.com\/ivazaimovic\/"],"url":"https:\/\/zaimovic.com.hr\/index.php\/author\/yrcqptp1bb\/"}]}},"blog_post_layout_featured_media_urls":{"thumbnail":["https:\/\/zaimovic.com.hr\/wp-content\/uploads\/2020\/11\/pregnant-woman-1512961_960_720-150x150.jpg",150,150,true],"full":["https:\/\/zaimovic.com.hr\/wp-content\/uploads\/2020\/11\/pregnant-woman-1512961_960_720.jpg",960,640,false]},"categories_names":{"64":{"name":"BLOG","link":"https:\/\/zaimovic.com.hr\/index.php\/category\/blog\/"},"46":{"name":"Iskreno o maj\u010dinstvu","link":"https:\/\/zaimovic.com.hr\/index.php\/category\/kutak-za-roditelje\/iskreno-o-majcinstvu\/"}},"tags_names":[],"comments_number":"0","_links":{"self":[{"href":"https:\/\/zaimovic.com.hr\/index.php\/wp-json\/wp\/v2\/posts\/336"}],"collection":[{"href":"https:\/\/zaimovic.com.hr\/index.php\/wp-json\/wp\/v2\/posts"}],"about":[{"href":"https:\/\/zaimovic.com.hr\/index.php\/wp-json\/wp\/v2\/types\/post"}],"author":[{"embeddable":true,"href":"https:\/\/zaimovic.com.hr\/index.php\/wp-json\/wp\/v2\/users\/1"}],"replies":[{"embeddable":true,"href":"https:\/\/zaimovic.com.hr\/index.php\/wp-json\/wp\/v2\/comments?post=336"}],"version-history":[{"count":1,"href":"https:\/\/zaimovic.com.hr\/index.php\/wp-json\/wp\/v2\/posts\/336\/revisions"}],"predecessor-version":[{"id":337,"href":"https:\/\/zaimovic.com.hr\/index.php\/wp-json\/wp\/v2\/posts\/336\/revisions\/337"}],"wp:featuredmedia":[{"embeddable":true,"href":"https:\/\/zaimovic.com.hr\/index.php\/wp-json\/wp\/v2\/media\/338"}],"wp:attachment":[{"href":"https:\/\/zaimovic.com.hr\/index.php\/wp-json\/wp\/v2\/media?parent=336"}],"wp:term":[{"taxonomy":"category","embeddable":true,"href":"https:\/\/zaimovic.com.hr\/index.php\/wp-json\/wp\/v2\/categories?post=336"},{"taxonomy":"post_tag","embeddable":true,"href":"https:\/\/zaimovic.com.hr\/index.php\/wp-json\/wp\/v2\/tags?post=336"}],"curies":[{"name":"wp","href":"https:\/\/api.w.org\/{rel}","templated":true}]}}