{"id":366,"date":"2021-02-15T19:26:07","date_gmt":"2021-02-15T19:26:07","guid":{"rendered":"https:\/\/zaimovic.com.hr\/?p=366"},"modified":"2024-04-29T10:31:48","modified_gmt":"2024-04-29T10:31:48","slug":"ljubav-slavimo-li-u-dovoljnoj-mjeri","status":"publish","type":"post","link":"https:\/\/zaimovic.com.hr\/index.php\/2021\/02\/15\/ljubav-slavimo-li-u-dovoljnoj-mjeri\/","title":{"rendered":"Ljubav"},"content":{"rendered":"\n<p>Slavimo li ljubav u dovoljnoj mjeri? Slavimo li ljubav samo jedan dan ili nekoliko dana godi\u0161nje \u2013 na Valentinovo, na vjen\u010danju, godi\u0161njice?<\/p>\n\n\n\n<p>Po meni nedovoljno.<\/p>\n\n\n\n<p>Ljubav je ne\u0161to \u0161to nas okru\u017euje na svakom koraku, samo trebamo otvoriti o\u010di, ali i srce. Mi smo bi\u0107a iz kojih mo\u017ee i trebala bi zra\u010diti ljubav cijelom svojom puninom. Ne bi li svijet bio ljep\u0161e mjesto kad bi svi na\u0161i postupci bili iz ljubavi i za nju?<\/p>\n\n\n\n<p>Svi mi imamo potrebu za ljubavlju utkanu u na\u0161e bi\u0107e od samog ro\u0111enja. Odavno se, po meni bespotrebno, lome koplja je li ljubav davanje ili primanje. Rekla bih da mora biti uzajamno, ali kad volimo sebe, kad sve oko sebe gledamo o\u010dima punim ljubavi, bez osu\u0111ivanja i predrasuda, onda je to jednostavno davanje i to nam je dovoljno. Kad dajemo, privla\u010dimo ljubav k sebi i ona \u0107e nam i do\u0107i. Bez puno truda, pitanja i nedoumica.<\/p>\n\n\n\n<p>Ne smijemo je slaviti samo nekoliko puta godi\u0161nje, a sigurno je ne smijemo slaviti samo na dan vjen\u010danja iako je ono kruna koju stavljamo na odnos ljubavi.\u00a0 Mo\u017eda tad i dolazi do svog vrhunca, ali nikako ne smijemo dopustiti da po\u010dne opadati. Uspomene na vjen\u010danje brzo blijede, a dok se sa sre\u0107om u srcu prisje\u0107amo tog dana, od neizmjerne va\u017enosti su nam fotografije. <a href=\"https:\/\/goranpirs.photo\/\">Fotografije<\/a> koje \u0107e nam ugrijati srce i probuditi ono uzbu\u0111enje koje je kolalo u nama taj dan.<\/p>\n\n\n\n<p>Ljubav prema sebi, prema partneru, obitelji, prijateljima, prirodi, svemu \u0161to nas okru\u017euje i \u0161to mi okru\u017eujemo je ono zaista bitno. A mi smo ti koji upravljamo tom ljubavi.<\/p>\n\n\n\n<p>Jeste li danas i koliko puta poljubili partnera, dijete? Zagrlili ih? \u010cinite to \u010de\u0161\u0107e. Pritom ne pitam jesu li oni to isto dali vama, nego jeste li vi svoju ljubav pokazali njima? Mislite si, skuhao\/la sam ru\u010dak, oprao\/la odje\u0107u&#8230;to je dovoljan pokazatelj ljubavi, ali je li doista? Vide li uku\u0107ani te postupke kao izraz ljubavi ili im ipak treba taj zagrljaj? Svi mi pokazujemo ljubav na druga\u010diji na\u010din, a ponekad zaboravimo vidjeti ljubav u malim stvarima, ponekad nam je potreban i druga\u010diji izraz ljubavi. <\/p>\n\n\n\n<p>Kad ste zadnji put partneru ili djetetu rekli da ga volite? <\/p>\n\n\n\n<p>\u010cinite to \u010de\u0161\u0107e.<\/p>\n\n\n\n<p>Vi\u0161e od svega, volite sebe. <\/p>\n","protected":false},"excerpt":{"rendered":"<p>Slavimo li ljubav u dovoljnoj mjeri? Slavimo li ljubav samo jedan dan ili nekoliko dana godi\u0161nje \u2013 na Valentinovo, na vjen\u010danju, godi\u0161njice? Po meni nedovoljno. Ljubav je ne\u0161to \u0161to nas okru\u017euje na svakom koraku, samo trebamo otvoriti o\u010di, ali i srce. Mi smo bi\u0107a iz kojih mo\u017ee i trebala bi zra\u010diti ljubav cijelom svojom puninom.&hellip;&nbsp;<a href=\"https:\/\/zaimovic.com.hr\/index.php\/2021\/02\/15\/ljubav-slavimo-li-u-dovoljnoj-mjeri\/\" rel=\"bookmark\">Read More &raquo;<span class=\"screen-reader-text\">Ljubav<\/span><\/a><\/p>\n","protected":false},"author":1,"featured_media":368,"comment_status":"open","ping_status":"open","sticky":false,"template":"","format":"standard","meta":{"neve_meta_sidebar":"","neve_meta_container":"","neve_meta_enable_content_width":"","neve_meta_content_width":0,"neve_meta_title_alignment":"","neve_meta_author_avatar":"","neve_post_elements_order":"","neve_meta_disable_header":"","neve_meta_disable_footer":"","neve_meta_disable_title":"","footnotes":""},"categories":[64,69],"tags":[],"yoast_head":"<!-- This site is optimized with the Yoast SEO plugin v24.5 - https:\/\/yoast.com\/wordpress\/plugins\/seo\/ -->\n<title>Ljubav - Iva Zaimovi\u0107<\/title>\n<meta name=\"description\" content=\"Ljubav ne smijemo slaviti samo nekoliko puta godi\u0161nje, a sigurno je ne smijemo slaviti samo na dan vjen\u010danja.\" \/>\n<meta name=\"robots\" content=\"index, follow, max-snippet:-1, max-image-preview:large, max-video-preview:-1\" \/>\n<link rel=\"canonical\" href=\"https:\/\/zaimovic.com.hr\/index.php\/2021\/02\/15\/ljubav-slavimo-li-u-dovoljnoj-mjeri\/\" \/>\n<meta property=\"og:locale\" content=\"hr_HR\" \/>\n<meta property=\"og:type\" content=\"article\" \/>\n<meta property=\"og:title\" content=\"Ljubav - Iva Zaimovi\u0107\" \/>\n<meta property=\"og:description\" content=\"Ljubav ne smijemo slaviti samo nekoliko puta godi\u0161nje, a sigurno je ne smijemo slaviti samo na dan vjen\u010danja.\" \/>\n<meta property=\"og:url\" content=\"https:\/\/zaimovic.com.hr\/index.php\/2021\/02\/15\/ljubav-slavimo-li-u-dovoljnoj-mjeri\/\" \/>\n<meta property=\"og:site_name\" content=\"Iva Zaimovi\u0107\" \/>\n<meta property=\"article:author\" content=\"https:\/\/www.facebook.com\/velikeimalemisli\" \/>\n<meta property=\"article:published_time\" content=\"2021-02-15T19:26:07+00:00\" \/>\n<meta property=\"article:modified_time\" content=\"2024-04-29T10:31:48+00:00\" \/>\n<meta property=\"og:image\" content=\"https:\/\/zaimovic.com.hr\/wp-content\/uploads\/2021\/02\/love-3061483_1920.jpg\" \/>\n\t<meta property=\"og:image:width\" content=\"1920\" \/>\n\t<meta property=\"og:image:height\" content=\"1278\" \/>\n\t<meta property=\"og:image:type\" content=\"image\/jpeg\" \/>\n<meta name=\"author\" content=\"Iva Zaimovi\u0107\" \/>\n<meta name=\"twitter:card\" content=\"summary_large_image\" \/>\n<meta name=\"twitter:label1\" content=\"Napisao\/la\" \/>\n\t<meta name=\"twitter:data1\" content=\"Iva Zaimovi\u0107\" \/>\n\t<meta name=\"twitter:label2\" content=\"Procijenjeno vrijeme \u010ditanja\" \/>\n\t<meta name=\"twitter:data2\" content=\"2 minute\" \/>\n<script type=\"application\/ld+json\" class=\"yoast-schema-graph\">{\"@context\":\"https:\/\/schema.org\",\"@graph\":[{\"@type\":\"WebPage\",\"@id\":\"https:\/\/zaimovic.com.hr\/index.php\/2021\/02\/15\/ljubav-slavimo-li-u-dovoljnoj-mjeri\/\",\"url\":\"https:\/\/zaimovic.com.hr\/index.php\/2021\/02\/15\/ljubav-slavimo-li-u-dovoljnoj-mjeri\/\",\"name\":\"Ljubav - Iva Zaimovi\u0107\",\"isPartOf\":{\"@id\":\"https:\/\/zaimovic.com.hr\/#website\"},\"primaryImageOfPage\":{\"@id\":\"https:\/\/zaimovic.com.hr\/index.php\/2021\/02\/15\/ljubav-slavimo-li-u-dovoljnoj-mjeri\/#primaryimage\"},\"image\":{\"@id\":\"https:\/\/zaimovic.com.hr\/index.php\/2021\/02\/15\/ljubav-slavimo-li-u-dovoljnoj-mjeri\/#primaryimage\"},\"thumbnailUrl\":\"https:\/\/zaimovic.com.hr\/wp-content\/uploads\/2021\/02\/love-3061483_1920.jpg\",\"datePublished\":\"2021-02-15T19:26:07+00:00\",\"dateModified\":\"2024-04-29T10:31:48+00:00\",\"author\":{\"@id\":\"https:\/\/zaimovic.com.hr\/#\/schema\/person\/46635fda1b928c40087a65c50fda63ec\"},\"description\":\"Ljubav ne smijemo slaviti samo nekoliko puta godi\u0161nje, a sigurno je ne smijemo slaviti samo na dan vjen\u010danja.\",\"breadcrumb\":{\"@id\":\"https:\/\/zaimovic.com.hr\/index.php\/2021\/02\/15\/ljubav-slavimo-li-u-dovoljnoj-mjeri\/#breadcrumb\"},\"inLanguage\":\"hr\",\"potentialAction\":[{\"@type\":\"ReadAction\",\"target\":[\"https:\/\/zaimovic.com.hr\/index.php\/2021\/02\/15\/ljubav-slavimo-li-u-dovoljnoj-mjeri\/\"]}]},{\"@type\":\"ImageObject\",\"inLanguage\":\"hr\",\"@id\":\"https:\/\/zaimovic.com.hr\/index.php\/2021\/02\/15\/ljubav-slavimo-li-u-dovoljnoj-mjeri\/#primaryimage\",\"url\":\"https:\/\/zaimovic.com.hr\/wp-content\/uploads\/2021\/02\/love-3061483_1920.jpg\",\"contentUrl\":\"https:\/\/zaimovic.com.hr\/wp-content\/uploads\/2021\/02\/love-3061483_1920.jpg\",\"width\":1920,\"height\":1278,\"caption\":\"www.pixabay.com\"},{\"@type\":\"BreadcrumbList\",\"@id\":\"https:\/\/zaimovic.com.hr\/index.php\/2021\/02\/15\/ljubav-slavimo-li-u-dovoljnoj-mjeri\/#breadcrumb\",\"itemListElement\":[{\"@type\":\"ListItem\",\"position\":1,\"name\":\"Po\u010detna stranica\",\"item\":\"https:\/\/zaimovic.com.hr\/\"},{\"@type\":\"ListItem\",\"position\":2,\"name\":\"Ljubav\"}]},{\"@type\":\"WebSite\",\"@id\":\"https:\/\/zaimovic.com.hr\/#website\",\"url\":\"https:\/\/zaimovic.com.hr\/\",\"name\":\"Iva Zaimovi\u0107\",\"description\":\"Osna\u017dena - balans, ljubav i rast\",\"potentialAction\":[{\"@type\":\"SearchAction\",\"target\":{\"@type\":\"EntryPoint\",\"urlTemplate\":\"https:\/\/zaimovic.com.hr\/?s={search_term_string}\"},\"query-input\":{\"@type\":\"PropertyValueSpecification\",\"valueRequired\":true,\"valueName\":\"search_term_string\"}}],\"inLanguage\":\"hr\"},{\"@type\":\"Person\",\"@id\":\"https:\/\/zaimovic.com.hr\/#\/schema\/person\/46635fda1b928c40087a65c50fda63ec\",\"name\":\"Iva Zaimovi\u0107\",\"image\":{\"@type\":\"ImageObject\",\"inLanguage\":\"hr\",\"@id\":\"https:\/\/zaimovic.com.hr\/#\/schema\/person\/image\/\",\"url\":\"https:\/\/secure.gravatar.com\/avatar\/f945de162461501123845d3f733fe63d?s=96&d=mm&r=g\",\"contentUrl\":\"https:\/\/secure.gravatar.com\/avatar\/f945de162461501123845d3f733fe63d?s=96&d=mm&r=g\",\"caption\":\"Iva Zaimovi\u0107\"},\"sameAs\":[\"https:\/\/zaimovic.com.hr\",\"https:\/\/www.facebook.com\/velikeimalemisli\",\"https:\/\/www.instagram.com\/ivazaimovic\/\"],\"url\":\"https:\/\/zaimovic.com.hr\/index.php\/author\/yrcqptp1bb\/\"}]}<\/script>\n<!-- \/ Yoast SEO plugin. -->","yoast_head_json":{"title":"Ljubav - Iva Zaimovi\u0107","description":"Ljubav ne smijemo slaviti samo nekoliko puta godi\u0161nje, a sigurno je ne smijemo slaviti samo na dan vjen\u010danja.","robots":{"index":"index","follow":"follow","max-snippet":"max-snippet:-1","max-image-preview":"max-image-preview:large","max-video-preview":"max-video-preview:-1"},"canonical":"https:\/\/zaimovic.com.hr\/index.php\/2021\/02\/15\/ljubav-slavimo-li-u-dovoljnoj-mjeri\/","og_locale":"hr_HR","og_type":"article","og_title":"Ljubav - Iva Zaimovi\u0107","og_description":"Ljubav ne smijemo slaviti samo nekoliko puta godi\u0161nje, a sigurno je ne smijemo slaviti samo na dan vjen\u010danja.","og_url":"https:\/\/zaimovic.com.hr\/index.php\/2021\/02\/15\/ljubav-slavimo-li-u-dovoljnoj-mjeri\/","og_site_name":"Iva Zaimovi\u0107","article_author":"https:\/\/www.facebook.com\/velikeimalemisli","article_published_time":"2021-02-15T19:26:07+00:00","article_modified_time":"2024-04-29T10:31:48+00:00","og_image":[{"width":1920,"height":1278,"url":"https:\/\/zaimovic.com.hr\/wp-content\/uploads\/2021\/02\/love-3061483_1920.jpg","type":"image\/jpeg"}],"author":"Iva Zaimovi\u0107","twitter_card":"summary_large_image","twitter_misc":{"Napisao\/la":"Iva Zaimovi\u0107","Procijenjeno vrijeme \u010ditanja":"2 minute"},"schema":{"@context":"https:\/\/schema.org","@graph":[{"@type":"WebPage","@id":"https:\/\/zaimovic.com.hr\/index.php\/2021\/02\/15\/ljubav-slavimo-li-u-dovoljnoj-mjeri\/","url":"https:\/\/zaimovic.com.hr\/index.php\/2021\/02\/15\/ljubav-slavimo-li-u-dovoljnoj-mjeri\/","name":"Ljubav - Iva Zaimovi\u0107","isPartOf":{"@id":"https:\/\/zaimovic.com.hr\/#website"},"primaryImageOfPage":{"@id":"https:\/\/zaimovic.com.hr\/index.php\/2021\/02\/15\/ljubav-slavimo-li-u-dovoljnoj-mjeri\/#primaryimage"},"image":{"@id":"https:\/\/zaimovic.com.hr\/index.php\/2021\/02\/15\/ljubav-slavimo-li-u-dovoljnoj-mjeri\/#primaryimage"},"thumbnailUrl":"https:\/\/zaimovic.com.hr\/wp-content\/uploads\/2021\/02\/love-3061483_1920.jpg","datePublished":"2021-02-15T19:26:07+00:00","dateModified":"2024-04-29T10:31:48+00:00","author":{"@id":"https:\/\/zaimovic.com.hr\/#\/schema\/person\/46635fda1b928c40087a65c50fda63ec"},"description":"Ljubav ne smijemo slaviti samo nekoliko puta godi\u0161nje, a sigurno je ne smijemo slaviti samo na dan vjen\u010danja.","breadcrumb":{"@id":"https:\/\/zaimovic.com.hr\/index.php\/2021\/02\/15\/ljubav-slavimo-li-u-dovoljnoj-mjeri\/#breadcrumb"},"inLanguage":"hr","potentialAction":[{"@type":"ReadAction","target":["https:\/\/zaimovic.com.hr\/index.php\/2021\/02\/15\/ljubav-slavimo-li-u-dovoljnoj-mjeri\/"]}]},{"@type":"ImageObject","inLanguage":"hr","@id":"https:\/\/zaimovic.com.hr\/index.php\/2021\/02\/15\/ljubav-slavimo-li-u-dovoljnoj-mjeri\/#primaryimage","url":"https:\/\/zaimovic.com.hr\/wp-content\/uploads\/2021\/02\/love-3061483_1920.jpg","contentUrl":"https:\/\/zaimovic.com.hr\/wp-content\/uploads\/2021\/02\/love-3061483_1920.jpg","width":1920,"height":1278,"caption":"www.pixabay.com"},{"@type":"BreadcrumbList","@id":"https:\/\/zaimovic.com.hr\/index.php\/2021\/02\/15\/ljubav-slavimo-li-u-dovoljnoj-mjeri\/#breadcrumb","itemListElement":[{"@type":"ListItem","position":1,"name":"Po\u010detna stranica","item":"https:\/\/zaimovic.com.hr\/"},{"@type":"ListItem","position":2,"name":"Ljubav"}]},{"@type":"WebSite","@id":"https:\/\/zaimovic.com.hr\/#website","url":"https:\/\/zaimovic.com.hr\/","name":"Iva Zaimovi\u0107","description":"Osna\u017dena - balans, ljubav i rast","potentialAction":[{"@type":"SearchAction","target":{"@type":"EntryPoint","urlTemplate":"https:\/\/zaimovic.com.hr\/?s={search_term_string}"},"query-input":{"@type":"PropertyValueSpecification","valueRequired":true,"valueName":"search_term_string"}}],"inLanguage":"hr"},{"@type":"Person","@id":"https:\/\/zaimovic.com.hr\/#\/schema\/person\/46635fda1b928c40087a65c50fda63ec","name":"Iva Zaimovi\u0107","image":{"@type":"ImageObject","inLanguage":"hr","@id":"https:\/\/zaimovic.com.hr\/#\/schema\/person\/image\/","url":"https:\/\/secure.gravatar.com\/avatar\/f945de162461501123845d3f733fe63d?s=96&d=mm&r=g","contentUrl":"https:\/\/secure.gravatar.com\/avatar\/f945de162461501123845d3f733fe63d?s=96&d=mm&r=g","caption":"Iva Zaimovi\u0107"},"sameAs":["https:\/\/zaimovic.com.hr","https:\/\/www.facebook.com\/velikeimalemisli","https:\/\/www.instagram.com\/ivazaimovic\/"],"url":"https:\/\/zaimovic.com.hr\/index.php\/author\/yrcqptp1bb\/"}]}},"blog_post_layout_featured_media_urls":{"thumbnail":["https:\/\/zaimovic.com.hr\/wp-content\/uploads\/2021\/02\/love-3061483_1920-150x150.jpg",150,150,true],"full":["https:\/\/zaimovic.com.hr\/wp-content\/uploads\/2021\/02\/love-3061483_1920.jpg",1920,1278,false]},"categories_names":{"64":{"name":"BLOG","link":"https:\/\/zaimovic.com.hr\/index.php\/category\/blog\/"},"69":{"name":"Pri\u010de i stihovi","link":"https:\/\/zaimovic.com.hr\/index.php\/category\/blog\/price-i-stihovi\/"}},"tags_names":[],"comments_number":"0","_links":{"self":[{"href":"https:\/\/zaimovic.com.hr\/index.php\/wp-json\/wp\/v2\/posts\/366"}],"collection":[{"href":"https:\/\/zaimovic.com.hr\/index.php\/wp-json\/wp\/v2\/posts"}],"about":[{"href":"https:\/\/zaimovic.com.hr\/index.php\/wp-json\/wp\/v2\/types\/post"}],"author":[{"embeddable":true,"href":"https:\/\/zaimovic.com.hr\/index.php\/wp-json\/wp\/v2\/users\/1"}],"replies":[{"embeddable":true,"href":"https:\/\/zaimovic.com.hr\/index.php\/wp-json\/wp\/v2\/comments?post=366"}],"version-history":[{"count":2,"href":"https:\/\/zaimovic.com.hr\/index.php\/wp-json\/wp\/v2\/posts\/366\/revisions"}],"predecessor-version":[{"id":369,"href":"https:\/\/zaimovic.com.hr\/index.php\/wp-json\/wp\/v2\/posts\/366\/revisions\/369"}],"wp:featuredmedia":[{"embeddable":true,"href":"https:\/\/zaimovic.com.hr\/index.php\/wp-json\/wp\/v2\/media\/368"}],"wp:attachment":[{"href":"https:\/\/zaimovic.com.hr\/index.php\/wp-json\/wp\/v2\/media?parent=366"}],"wp:term":[{"taxonomy":"category","embeddable":true,"href":"https:\/\/zaimovic.com.hr\/index.php\/wp-json\/wp\/v2\/categories?post=366"},{"taxonomy":"post_tag","embeddable":true,"href":"https:\/\/zaimovic.com.hr\/index.php\/wp-json\/wp\/v2\/tags?post=366"}],"curies":[{"name":"wp","href":"https:\/\/api.w.org\/{rel}","templated":true}]}}