{"id":396,"date":"2021-04-05T10:08:06","date_gmt":"2021-04-05T10:08:06","guid":{"rendered":"https:\/\/zaimovic.com.hr\/?p=396"},"modified":"2024-04-29T10:31:16","modified_gmt":"2024-04-29T10:31:16","slug":"jucer-je-jednoj-djevojcici-stalo-srce","status":"publish","type":"post","link":"https:\/\/zaimovic.com.hr\/index.php\/2021\/04\/05\/jucer-je-jednoj-djevojcici-stalo-srce\/","title":{"rendered":"Ju\u010der je jednoj djevoj\u010dici stalo srce"},"content":{"rendered":"\n<p>Danas je trebao biti sasvim obi\u010dan ponedjeljak i to onaj, za ve\u0107inu, neradni. Umjesto toga, ju\u010der je jednoj djevoj\u010dici stalo srce. Dodu\u0161e, vjerujem da joj je to srce stalo godinama prije, a kasnije se samo odr\u017eavalo na \u017eivotu. <strong>Ona nije jedina djevoj\u010dica, nije jedini dje\u010dak kojem se slomilo srce, koje je umrlo iznutra, a neki od njih i zaista, fizi\u010dki.<\/strong><\/p>\n\n\n\n<p>Mnoga srca gra\u0111ana su tako\u0111er pukla. Mnogi su po\u010deli, opet, razmi\u0161ljati o tome da nam trebaju promjene, da se ne\u0161to treba u\u010diniti. Pa su svakakvi aktivisti i to po\u010deli \u010diniti, <strong>ne uzimaju\u0107i u obzir da nije sve crno i bijelo, da iza svega stoji samo \u010dovjek, da stru\u010dnjak, ali i \u010dovjek, kojem je tako\u0111er prepuklo srce.<\/strong> Stoji \u010dovjek, iza kojeg ne stoji sustav. Ma, taj stru\u010dnjak i nije sam bio u tome svemu, u svemu je stru\u010dni tim koji je u tom trenu donio odluku. Te odluke nisu nimalo lake u ni jednom slu\u010daju izdvajanja i vra\u0107anja. To su te\u0161ke odluke, a promi\u0161ljanje, milijun za\u0161to i kako, stoje iza njih. Sustav, rijetko. Niti sad ga ne vidim.<\/p>\n\n\n\n<p>Odavno se zna da je na\u0161 socijalni sustav doslovno na socijali, ali ve\u0107ina gra\u0111ana to tako ne vidi u ovakvim situacijama.<\/p>\n\n\n\n<p><\/p>\n\n\n\n<blockquote class=\"wp-block-quote has-text-align-center is-layout-flow wp-block-quote-is-layout-flow\"><p><strong>Kad bi to bio samo jedini slu\u010daj, kad bi to bila samo jedna djevoj\u010dica, ali nije.<\/strong><\/p><p><\/p><\/blockquote>\n\n\n\n<p>Tu\u017ena sam i ljuta jer se jedan maleni \u017eivot ugasio. Ali ljuta sam i jer se samo govori o <strong>porastu obiteljskog nasilja<\/strong> za vrijeme korone i karantene, ali sustav nije smislio adekvatna rje\u0161enja i potrebne korake. Barem ga ja ne vidim.<\/p>\n\n\n\n<p>Tu\u017ena sam i ljuta jer su za prijavu obiteljskog nasilja modrice i dalje najve\u0107i dokaz. <strong>\u0160to je s modricama na srcu?<\/strong> Ljuta sam jer se i dalje u premalom broju prijavljuje nasilje u obitelji. Zapitajmo se je li to samo zato \u0161to nemamo rje\u0161enje ili zato \u0161to ljudi nai\u0111u na zid?<\/p>\n\n\n\n<p><strong>Tu\u017ena sam i ljuta jer je toliki broj djece, a neke sam i sama odgajala i upoznala, u domovima i odgojnim zavodima<\/strong>. Ali, ljuta sam i jer njih ljudi zapravo ne vide, ne \u010duju. Da, ponekad ih \u010duju, ali kad pogledamo \u0161iru sliku, malo tko zna \u0161to im se dogodilo, kako su oni i kako se nose s u\u017easnim djetinjstvom do kraja svog \u017eivota. <strong>A isto tako ne \u010duju da bi se velika ve\u0107ina vratila svojim biolo\u0161kim roditeljima.<\/strong><\/p>\n\n\n\n<p>Tu\u017ena sam i ljuta jer neka djeca<strong> nasilje do\u017eivljavaju i u udomiteljskim obiteljima<\/strong>. Ali ljuta sam jer, svi stru\u010dnjaci ni udomitelji, ne dobivaju adekvatnu, sveobuhvatnu podr\u0161ku.<\/p>\n\n\n\n<p>Tu\u017ena sam i ljuta jer se <strong>u preventivne programe nedovoljno ula\u017ee ili pak to obavljaju osobe koje nisu spremne<\/strong> za to, koje nisu dovoljno educirane i kojima se ne pru\u017ea podr\u0161ka. Ljuta sam jer se <strong>ponekad znanstveno dokazani preventivni programi ugase za \u010detiri godine jer \u2013 nema novaca. Novaca itekako ima!<\/strong><\/p>\n\n\n\n<p><\/p>\n\n\n\n<blockquote class=\"wp-block-quote has-text-align-center is-layout-flow wp-block-quote-is-layout-flow\"><p><strong>Tu\u017ena sam i ljuta jer su i roditelji zanemarene i zlostavljane djece vrlo vjerojatno jednom bili zlostavljana i zanemarena djeca.<\/strong> <\/p><\/blockquote>\n\n\n\n<p><\/p>\n\n\n\n<p>Krug obiteljskog nasilja nikako da se prekine, kao da ga je nemogu\u0107e prekinuti. Tu opet dolazimo do preventivnih programa \u2013 hajdemo ne\u0161to poduzeti dok se jo\u0161 nije ni dogodilo! Tu\u017ena sam jer mnoga zlostavljana i zanemarena djeca niti ne idu u vrti\u0107e kako bi se eventualno prepoznala njihova bol, nego se to tek dogodi u \u0161koli.<\/p>\n\n\n\n<p><\/p>\n\n\n\n<blockquote class=\"wp-block-quote has-text-align-center is-layout-flow wp-block-quote-is-layout-flow\"><p><strong>Tu\u017ena sam i ljuta jer jo\u0161 uvijek \u017eivimo u dru\u0161tvu u kojem je tra\u017eiti stru\u010dnu psiholo\u0161ku, socijalnopedago\u0161ku, psihoterapeutsku ili psihijatrijsku pomo\u0107 i dalje ogroman TABU! Ali kad se ovako ne\u0161to dogodi \u2013 gdje su bili stru\u010dnjaci i koliko su to oni stru\u010dni?<\/strong><\/p><p><\/p><\/blockquote>\n\n\n\n<p><strong>Tu\u017ena sam i ljuta jer se fizi\u010dko ka\u017enjavanje djece<\/strong> \u201emalo po peleni\u201c ili \u201emalo po prstima\u201c, pa do toga \u201evidjet \u0107e ona kad do\u0111emo doma\u201c, \u0161amaranja, udaranja remenom, kuha\u010dom, \u0161ibom <strong>i dalje smatra odgojnom metodom<\/strong>. \u0160to takvo dijete nau\u010di? Da su to metode kojima se posti\u017ee da bude onako kako mi \u017eelimo da bude. <strong>\u0160to \u0107e ta djeca kad postanu odrasli ljudi? <\/strong>Koristiti metode koje su nau\u010dili, a koje se smatraju normalnima. I eto nam ovakvih slu\u010dajeva. Hajdemo malo krenuti od sebe&#8230;<\/p>\n\n\n\n<p>Tu\u017ena sam i ljuta jer <strong>u istoj re\u010denici govorimo djeci da ne smijemo tu\u0107i mla\u0111e i manje od sebe, a roditelji pose\u017eu za fizi\u010dkom silom i mo\u0107i <\/strong>kad nije onako kako oni misle da treba biti, kad se dijete ne pona\u0161a onako kako \u017eele i kad se osje\u0107aju u\u017easno <strong>BESPOMO\u0106NO I NEMO\u0106NO.<\/strong><\/p>\n\n\n\n<p><\/p>\n\n\n\n<blockquote class=\"wp-block-quote has-text-align-center is-layout-flow wp-block-quote-is-layout-flow\"><p><strong>Jako sam ljuta jer bi neki i potra\u017eili pomo\u0107, ali \u2013 tabu!<\/strong><\/p><p><\/p><\/blockquote>\n\n\n\n<p>Tu\u017ena sam i ljuta jer <strong>stru\u010dnjaci rade u lo\u0161im uvjetima<\/strong> \u2013 od prostora u kojima rade, do toga da jedna osoba obuhva\u0107a prostor i u tom prostoru obitelji, koji bi trebao obuhva\u0107ati barem tri stru\u010dnjaka. Ti isti stru\u010dnjaci rade terenski, uredski i administrativni posao. <strong>Ti isti stru\u010dnjaci pregore od previ\u0161e posla, ali i osje\u0107aja nemo\u0107i jer ne mogu pomo\u0107i svima.<\/strong>  <strong>Ljuta sam jer to ne ide na van, a pitam se i bi li bilo razumijevanja. <\/strong>Ponekad i iza\u0111e u medije, ali onda nema toliko halabuke, toliko &#8220;moramo ne\u0161to poduzeti&#8221; jer nikoga ne poga\u0111a tamo gdje su najranjiviji. Da, sustav jesu ljudi, da ljudi biraju sustav, ali pod kakvim uvjetima i s kojim to\u010dno izborom?<\/p>\n\n\n\n<p><strong>Tu\u017ena sam i ljuta jer se uvijek proziva ljude, drvljem i kamenjem, prijetnji oduzimanjem licenci i otkazima, od strane ljudi koji struku ne razumiju.<\/strong> Koji ne prate probleme socijalne skrbi zadnjih trideset i vi\u0161e godina. Ljuta sam jer se proziva ne\u010dija stru\u010dnost od strane nestru\u010dnih ljudi, bez poznavanja svih \u010dinjenica samog slu\u010daja.<\/p>\n\n\n\n<p><\/p>\n\n\n\n<blockquote class=\"wp-block-quote has-text-align-center is-layout-flow wp-block-quote-is-layout-flow\"><p><strong>Jako sam ljuta jer ljudi misle da sve znaju jer su tako pro\u010ditali u novinama ili na dru\u0161tvenim mre\u017eama.<\/strong><\/p><p><\/p><\/blockquote>\n\n\n\n<p>Ljuta sam jer nam je i dalje osuda i bijes u srcima, naspram ideje pomo\u0107i i podr\u0161ke, razumijevanja i slu\u0161anja. Ako razumijevanja imamo.<\/p>\n\n\n\n<p><\/p>\n\n\n\n<p><strong>Nasilje nije odgovor na nasilje.<\/strong><\/p>\n\n\n\n<p><strong>Nikad nije bilo i nikad ne\u0107e biti.<\/strong><\/p>\n\n\n\n<p><strong>Sve dok bude, imamo ovo \u0161to imamo.<\/strong><\/p>\n\n\n\n<p><\/p>\n\n\n\n<p>Iva Zaimovi\u0107, magistra socijalne pedagogije<\/p>\n\n\n\n<p><\/p>\n\n\n\n<p class=\"has-text-align-right\">PS. Zaprati me na dru\u0161tvenim mre\u017eama:<br>FB stranica: Iva Zaimovi\u0107<br>Instagram profil: @ivazaimovic<\/p>\n","protected":false},"excerpt":{"rendered":"<p>Danas je trebao biti sasvim obi\u010dan ponedjeljak i to onaj, za ve\u0107inu, neradni. Umjesto toga, ju\u010der je jednoj djevoj\u010dici stalo srce. Dodu\u0161e, vjerujem da joj je to srce stalo godinama prije, a kasnije se samo odr\u017eavalo na \u017eivotu. Ona nije jedina djevoj\u010dica, nije jedini dje\u010dak kojem se slomilo srce, koje je umrlo iznutra, a neki&hellip;&nbsp;<a href=\"https:\/\/zaimovic.com.hr\/index.php\/2021\/04\/05\/jucer-je-jednoj-djevojcici-stalo-srce\/\" rel=\"bookmark\">Read More &raquo;<span class=\"screen-reader-text\">Ju\u010der je jednoj djevoj\u010dici stalo srce<\/span><\/a><\/p>\n","protected":false},"author":1,"featured_media":399,"comment_status":"open","ping_status":"open","sticky":false,"template":"","format":"standard","meta":{"neve_meta_sidebar":"","neve_meta_container":"","neve_meta_enable_content_width":"","neve_meta_content_width":0,"neve_meta_title_alignment":"","neve_meta_author_avatar":"","neve_post_elements_order":"","neve_meta_disable_header":"","neve_meta_disable_footer":"","neve_meta_disable_title":"","footnotes":""},"categories":[65,69],"tags":[],"yoast_head":"<!-- This site is optimized with the Yoast SEO plugin v24.5 - https:\/\/yoast.com\/wordpress\/plugins\/seo\/ -->\n<title>Ju\u010der je jednoj djevoj\u010dici stalo srce - Iva Zaimovi\u0107<\/title>\n<meta name=\"description\" content=\"Danas je trebao biti sasvim obi\u010dan ponedjeljak i to onaj, za ve\u0107inu, neradni. Umjesto toga, ju\u010der je jednoj djevoj\u010dici stalo srce. Dodu\u0161e, vjerujem da joj je to srce stalo godinama prije, a kasnije se samo odr\u017eavalo na \u017eivotu. Ona nije jedina djevoj\u010dica, nije jedini dje\u010dak kojem se slomilo srce, koje je umrlo iznutra, a neki od njih i zaista, fizi\u010dki.\" \/>\n<meta name=\"robots\" content=\"index, follow, max-snippet:-1, max-image-preview:large, max-video-preview:-1\" \/>\n<link rel=\"canonical\" href=\"https:\/\/zaimovic.com.hr\/index.php\/2021\/04\/05\/jucer-je-jednoj-djevojcici-stalo-srce\/\" \/>\n<meta property=\"og:locale\" content=\"hr_HR\" \/>\n<meta property=\"og:type\" content=\"article\" \/>\n<meta property=\"og:title\" content=\"Ju\u010der je jednoj djevoj\u010dici stalo srce - Iva Zaimovi\u0107\" \/>\n<meta property=\"og:description\" content=\"Danas je trebao biti sasvim obi\u010dan ponedjeljak i to onaj, za ve\u0107inu, neradni. Umjesto toga, ju\u010der je jednoj djevoj\u010dici stalo srce. Dodu\u0161e, vjerujem da joj je to srce stalo godinama prije, a kasnije se samo odr\u017eavalo na \u017eivotu. Ona nije jedina djevoj\u010dica, nije jedini dje\u010dak kojem se slomilo srce, koje je umrlo iznutra, a neki od njih i zaista, fizi\u010dki.\" \/>\n<meta property=\"og:url\" content=\"https:\/\/zaimovic.com.hr\/index.php\/2021\/04\/05\/jucer-je-jednoj-djevojcici-stalo-srce\/\" \/>\n<meta property=\"og:site_name\" content=\"Iva Zaimovi\u0107\" \/>\n<meta property=\"article:author\" content=\"https:\/\/www.facebook.com\/velikeimalemisli\" \/>\n<meta property=\"article:published_time\" content=\"2021-04-05T10:08:06+00:00\" \/>\n<meta property=\"article:modified_time\" content=\"2024-04-29T10:31:16+00:00\" \/>\n<meta property=\"og:image\" content=\"https:\/\/zaimovic.com.hr\/wp-content\/uploads\/2021\/04\/girl-3422711_1920.jpg\" \/>\n\t<meta property=\"og:image:width\" content=\"1920\" \/>\n\t<meta property=\"og:image:height\" content=\"1148\" \/>\n\t<meta property=\"og:image:type\" content=\"image\/jpeg\" \/>\n<meta name=\"author\" content=\"Iva Zaimovi\u0107\" \/>\n<meta name=\"twitter:card\" content=\"summary_large_image\" \/>\n<meta name=\"twitter:label1\" content=\"Napisao\/la\" \/>\n\t<meta name=\"twitter:data1\" content=\"Iva Zaimovi\u0107\" \/>\n\t<meta name=\"twitter:label2\" content=\"Procijenjeno vrijeme \u010ditanja\" \/>\n\t<meta name=\"twitter:data2\" content=\"5 minuta\" \/>\n<script type=\"application\/ld+json\" class=\"yoast-schema-graph\">{\"@context\":\"https:\/\/schema.org\",\"@graph\":[{\"@type\":\"WebPage\",\"@id\":\"https:\/\/zaimovic.com.hr\/index.php\/2021\/04\/05\/jucer-je-jednoj-djevojcici-stalo-srce\/\",\"url\":\"https:\/\/zaimovic.com.hr\/index.php\/2021\/04\/05\/jucer-je-jednoj-djevojcici-stalo-srce\/\",\"name\":\"Ju\u010der je jednoj djevoj\u010dici stalo srce - Iva Zaimovi\u0107\",\"isPartOf\":{\"@id\":\"https:\/\/zaimovic.com.hr\/#website\"},\"primaryImageOfPage\":{\"@id\":\"https:\/\/zaimovic.com.hr\/index.php\/2021\/04\/05\/jucer-je-jednoj-djevojcici-stalo-srce\/#primaryimage\"},\"image\":{\"@id\":\"https:\/\/zaimovic.com.hr\/index.php\/2021\/04\/05\/jucer-je-jednoj-djevojcici-stalo-srce\/#primaryimage\"},\"thumbnailUrl\":\"https:\/\/zaimovic.com.hr\/wp-content\/uploads\/2021\/04\/girl-3422711_1920.jpg\",\"datePublished\":\"2021-04-05T10:08:06+00:00\",\"dateModified\":\"2024-04-29T10:31:16+00:00\",\"author\":{\"@id\":\"https:\/\/zaimovic.com.hr\/#\/schema\/person\/46635fda1b928c40087a65c50fda63ec\"},\"description\":\"Danas je trebao biti sasvim obi\u010dan ponedjeljak i to onaj, za ve\u0107inu, neradni. Umjesto toga, ju\u010der je jednoj djevoj\u010dici stalo srce. Dodu\u0161e, vjerujem da joj je to srce stalo godinama prije, a kasnije se samo odr\u017eavalo na \u017eivotu. Ona nije jedina djevoj\u010dica, nije jedini dje\u010dak kojem se slomilo srce, koje je umrlo iznutra, a neki od njih i zaista, fizi\u010dki.\",\"breadcrumb\":{\"@id\":\"https:\/\/zaimovic.com.hr\/index.php\/2021\/04\/05\/jucer-je-jednoj-djevojcici-stalo-srce\/#breadcrumb\"},\"inLanguage\":\"hr\",\"potentialAction\":[{\"@type\":\"ReadAction\",\"target\":[\"https:\/\/zaimovic.com.hr\/index.php\/2021\/04\/05\/jucer-je-jednoj-djevojcici-stalo-srce\/\"]}]},{\"@type\":\"ImageObject\",\"inLanguage\":\"hr\",\"@id\":\"https:\/\/zaimovic.com.hr\/index.php\/2021\/04\/05\/jucer-je-jednoj-djevojcici-stalo-srce\/#primaryimage\",\"url\":\"https:\/\/zaimovic.com.hr\/wp-content\/uploads\/2021\/04\/girl-3422711_1920.jpg\",\"contentUrl\":\"https:\/\/zaimovic.com.hr\/wp-content\/uploads\/2021\/04\/girl-3422711_1920.jpg\",\"width\":1920,\"height\":1148},{\"@type\":\"BreadcrumbList\",\"@id\":\"https:\/\/zaimovic.com.hr\/index.php\/2021\/04\/05\/jucer-je-jednoj-djevojcici-stalo-srce\/#breadcrumb\",\"itemListElement\":[{\"@type\":\"ListItem\",\"position\":1,\"name\":\"Po\u010detna stranica\",\"item\":\"https:\/\/zaimovic.com.hr\/\"},{\"@type\":\"ListItem\",\"position\":2,\"name\":\"Ju\u010der je jednoj djevoj\u010dici stalo srce\"}]},{\"@type\":\"WebSite\",\"@id\":\"https:\/\/zaimovic.com.hr\/#website\",\"url\":\"https:\/\/zaimovic.com.hr\/\",\"name\":\"Iva Zaimovi\u0107\",\"description\":\"Osna\u017dena - balans, ljubav i rast\",\"potentialAction\":[{\"@type\":\"SearchAction\",\"target\":{\"@type\":\"EntryPoint\",\"urlTemplate\":\"https:\/\/zaimovic.com.hr\/?s={search_term_string}\"},\"query-input\":{\"@type\":\"PropertyValueSpecification\",\"valueRequired\":true,\"valueName\":\"search_term_string\"}}],\"inLanguage\":\"hr\"},{\"@type\":\"Person\",\"@id\":\"https:\/\/zaimovic.com.hr\/#\/schema\/person\/46635fda1b928c40087a65c50fda63ec\",\"name\":\"Iva Zaimovi\u0107\",\"image\":{\"@type\":\"ImageObject\",\"inLanguage\":\"hr\",\"@id\":\"https:\/\/zaimovic.com.hr\/#\/schema\/person\/image\/\",\"url\":\"https:\/\/secure.gravatar.com\/avatar\/f945de162461501123845d3f733fe63d?s=96&d=mm&r=g\",\"contentUrl\":\"https:\/\/secure.gravatar.com\/avatar\/f945de162461501123845d3f733fe63d?s=96&d=mm&r=g\",\"caption\":\"Iva Zaimovi\u0107\"},\"sameAs\":[\"https:\/\/zaimovic.com.hr\",\"https:\/\/www.facebook.com\/velikeimalemisli\",\"https:\/\/www.instagram.com\/ivazaimovic\/\"],\"url\":\"https:\/\/zaimovic.com.hr\/index.php\/author\/yrcqptp1bb\/\"}]}<\/script>\n<!-- \/ Yoast SEO plugin. -->","yoast_head_json":{"title":"Ju\u010der je jednoj djevoj\u010dici stalo srce - Iva Zaimovi\u0107","description":"Danas je trebao biti sasvim obi\u010dan ponedjeljak i to onaj, za ve\u0107inu, neradni. Umjesto toga, ju\u010der je jednoj djevoj\u010dici stalo srce. Dodu\u0161e, vjerujem da joj je to srce stalo godinama prije, a kasnije se samo odr\u017eavalo na \u017eivotu. Ona nije jedina djevoj\u010dica, nije jedini dje\u010dak kojem se slomilo srce, koje je umrlo iznutra, a neki od njih i zaista, fizi\u010dki.","robots":{"index":"index","follow":"follow","max-snippet":"max-snippet:-1","max-image-preview":"max-image-preview:large","max-video-preview":"max-video-preview:-1"},"canonical":"https:\/\/zaimovic.com.hr\/index.php\/2021\/04\/05\/jucer-je-jednoj-djevojcici-stalo-srce\/","og_locale":"hr_HR","og_type":"article","og_title":"Ju\u010der je jednoj djevoj\u010dici stalo srce - Iva Zaimovi\u0107","og_description":"Danas je trebao biti sasvim obi\u010dan ponedjeljak i to onaj, za ve\u0107inu, neradni. Umjesto toga, ju\u010der je jednoj djevoj\u010dici stalo srce. Dodu\u0161e, vjerujem da joj je to srce stalo godinama prije, a kasnije se samo odr\u017eavalo na \u017eivotu. Ona nije jedina djevoj\u010dica, nije jedini dje\u010dak kojem se slomilo srce, koje je umrlo iznutra, a neki od njih i zaista, fizi\u010dki.","og_url":"https:\/\/zaimovic.com.hr\/index.php\/2021\/04\/05\/jucer-je-jednoj-djevojcici-stalo-srce\/","og_site_name":"Iva Zaimovi\u0107","article_author":"https:\/\/www.facebook.com\/velikeimalemisli","article_published_time":"2021-04-05T10:08:06+00:00","article_modified_time":"2024-04-29T10:31:16+00:00","og_image":[{"width":1920,"height":1148,"url":"https:\/\/zaimovic.com.hr\/wp-content\/uploads\/2021\/04\/girl-3422711_1920.jpg","type":"image\/jpeg"}],"author":"Iva Zaimovi\u0107","twitter_card":"summary_large_image","twitter_misc":{"Napisao\/la":"Iva Zaimovi\u0107","Procijenjeno vrijeme \u010ditanja":"5 minuta"},"schema":{"@context":"https:\/\/schema.org","@graph":[{"@type":"WebPage","@id":"https:\/\/zaimovic.com.hr\/index.php\/2021\/04\/05\/jucer-je-jednoj-djevojcici-stalo-srce\/","url":"https:\/\/zaimovic.com.hr\/index.php\/2021\/04\/05\/jucer-je-jednoj-djevojcici-stalo-srce\/","name":"Ju\u010der je jednoj djevoj\u010dici stalo srce - Iva Zaimovi\u0107","isPartOf":{"@id":"https:\/\/zaimovic.com.hr\/#website"},"primaryImageOfPage":{"@id":"https:\/\/zaimovic.com.hr\/index.php\/2021\/04\/05\/jucer-je-jednoj-djevojcici-stalo-srce\/#primaryimage"},"image":{"@id":"https:\/\/zaimovic.com.hr\/index.php\/2021\/04\/05\/jucer-je-jednoj-djevojcici-stalo-srce\/#primaryimage"},"thumbnailUrl":"https:\/\/zaimovic.com.hr\/wp-content\/uploads\/2021\/04\/girl-3422711_1920.jpg","datePublished":"2021-04-05T10:08:06+00:00","dateModified":"2024-04-29T10:31:16+00:00","author":{"@id":"https:\/\/zaimovic.com.hr\/#\/schema\/person\/46635fda1b928c40087a65c50fda63ec"},"description":"Danas je trebao biti sasvim obi\u010dan ponedjeljak i to onaj, za ve\u0107inu, neradni. Umjesto toga, ju\u010der je jednoj djevoj\u010dici stalo srce. Dodu\u0161e, vjerujem da joj je to srce stalo godinama prije, a kasnije se samo odr\u017eavalo na \u017eivotu. Ona nije jedina djevoj\u010dica, nije jedini dje\u010dak kojem se slomilo srce, koje je umrlo iznutra, a neki od njih i zaista, fizi\u010dki.","breadcrumb":{"@id":"https:\/\/zaimovic.com.hr\/index.php\/2021\/04\/05\/jucer-je-jednoj-djevojcici-stalo-srce\/#breadcrumb"},"inLanguage":"hr","potentialAction":[{"@type":"ReadAction","target":["https:\/\/zaimovic.com.hr\/index.php\/2021\/04\/05\/jucer-je-jednoj-djevojcici-stalo-srce\/"]}]},{"@type":"ImageObject","inLanguage":"hr","@id":"https:\/\/zaimovic.com.hr\/index.php\/2021\/04\/05\/jucer-je-jednoj-djevojcici-stalo-srce\/#primaryimage","url":"https:\/\/zaimovic.com.hr\/wp-content\/uploads\/2021\/04\/girl-3422711_1920.jpg","contentUrl":"https:\/\/zaimovic.com.hr\/wp-content\/uploads\/2021\/04\/girl-3422711_1920.jpg","width":1920,"height":1148},{"@type":"BreadcrumbList","@id":"https:\/\/zaimovic.com.hr\/index.php\/2021\/04\/05\/jucer-je-jednoj-djevojcici-stalo-srce\/#breadcrumb","itemListElement":[{"@type":"ListItem","position":1,"name":"Po\u010detna stranica","item":"https:\/\/zaimovic.com.hr\/"},{"@type":"ListItem","position":2,"name":"Ju\u010der je jednoj djevoj\u010dici stalo srce"}]},{"@type":"WebSite","@id":"https:\/\/zaimovic.com.hr\/#website","url":"https:\/\/zaimovic.com.hr\/","name":"Iva Zaimovi\u0107","description":"Osna\u017dena - balans, ljubav i rast","potentialAction":[{"@type":"SearchAction","target":{"@type":"EntryPoint","urlTemplate":"https:\/\/zaimovic.com.hr\/?s={search_term_string}"},"query-input":{"@type":"PropertyValueSpecification","valueRequired":true,"valueName":"search_term_string"}}],"inLanguage":"hr"},{"@type":"Person","@id":"https:\/\/zaimovic.com.hr\/#\/schema\/person\/46635fda1b928c40087a65c50fda63ec","name":"Iva Zaimovi\u0107","image":{"@type":"ImageObject","inLanguage":"hr","@id":"https:\/\/zaimovic.com.hr\/#\/schema\/person\/image\/","url":"https:\/\/secure.gravatar.com\/avatar\/f945de162461501123845d3f733fe63d?s=96&d=mm&r=g","contentUrl":"https:\/\/secure.gravatar.com\/avatar\/f945de162461501123845d3f733fe63d?s=96&d=mm&r=g","caption":"Iva Zaimovi\u0107"},"sameAs":["https:\/\/zaimovic.com.hr","https:\/\/www.facebook.com\/velikeimalemisli","https:\/\/www.instagram.com\/ivazaimovic\/"],"url":"https:\/\/zaimovic.com.hr\/index.php\/author\/yrcqptp1bb\/"}]}},"blog_post_layout_featured_media_urls":{"thumbnail":["https:\/\/zaimovic.com.hr\/wp-content\/uploads\/2021\/04\/girl-3422711_1920-150x150.jpg",150,150,true],"full":["https:\/\/zaimovic.com.hr\/wp-content\/uploads\/2021\/04\/girl-3422711_1920.jpg",1920,1148,false]},"categories_names":{"65":{"name":"Osobni razvoj","link":"https:\/\/zaimovic.com.hr\/index.php\/category\/osobni-razvoj\/"},"69":{"name":"Pri\u010de i stihovi","link":"https:\/\/zaimovic.com.hr\/index.php\/category\/blog\/price-i-stihovi\/"}},"tags_names":[],"comments_number":"0","_links":{"self":[{"href":"https:\/\/zaimovic.com.hr\/index.php\/wp-json\/wp\/v2\/posts\/396"}],"collection":[{"href":"https:\/\/zaimovic.com.hr\/index.php\/wp-json\/wp\/v2\/posts"}],"about":[{"href":"https:\/\/zaimovic.com.hr\/index.php\/wp-json\/wp\/v2\/types\/post"}],"author":[{"embeddable":true,"href":"https:\/\/zaimovic.com.hr\/index.php\/wp-json\/wp\/v2\/users\/1"}],"replies":[{"embeddable":true,"href":"https:\/\/zaimovic.com.hr\/index.php\/wp-json\/wp\/v2\/comments?post=396"}],"version-history":[{"count":4,"href":"https:\/\/zaimovic.com.hr\/index.php\/wp-json\/wp\/v2\/posts\/396\/revisions"}],"predecessor-version":[{"id":413,"href":"https:\/\/zaimovic.com.hr\/index.php\/wp-json\/wp\/v2\/posts\/396\/revisions\/413"}],"wp:featuredmedia":[{"embeddable":true,"href":"https:\/\/zaimovic.com.hr\/index.php\/wp-json\/wp\/v2\/media\/399"}],"wp:attachment":[{"href":"https:\/\/zaimovic.com.hr\/index.php\/wp-json\/wp\/v2\/media?parent=396"}],"wp:term":[{"taxonomy":"category","embeddable":true,"href":"https:\/\/zaimovic.com.hr\/index.php\/wp-json\/wp\/v2\/categories?post=396"},{"taxonomy":"post_tag","embeddable":true,"href":"https:\/\/zaimovic.com.hr\/index.php\/wp-json\/wp\/v2\/tags?post=396"}],"curies":[{"name":"wp","href":"https:\/\/api.w.org\/{rel}","templated":true}]}}