{"id":437,"date":"2021-11-01T08:00:00","date_gmt":"2021-11-01T08:00:00","guid":{"rendered":"https:\/\/zaimovic.com.hr\/?p=437"},"modified":"2024-04-29T10:29:01","modified_gmt":"2024-04-29T10:29:01","slug":"sto-je-to-osobna-odgovornost","status":"publish","type":"post","link":"https:\/\/zaimovic.com.hr\/index.php\/2021\/11\/01\/sto-je-to-osobna-odgovornost\/","title":{"rendered":"Zna\u0161 li \u0161to je to osobna odgovornost?"},"content":{"rendered":"\n<p>Odrasli i djeca imaju u potpunosti druga\u010diju odgovornost za svoje postupke i ono \u0161to se doga\u0111a u njihovim \u017eivotima. Pa tako, dvogodi\u0161njakinja ne mo\u017ee biti odgovorna za istr\u010davanje na cestu, kao \u0161to ni trogodi\u0161njak ne mo\u017ee biti odgovoran za pospremanje igra\u010daka. <strong>Tko je tu odgovoran?<\/strong> Jedino i samo \u2013 roditelj, odnosno odrasla osoba kojoj je dijete povjereno.<\/p>\n\n\n\n<p><strong>Prema Juulu, postoje tri podru\u010dja \u017eivota u kojima djeca moraju biti odgovorna:<\/strong><\/p>\n\n\n\n<ol type=\"1\"><li>OSJETILA: \u0161to ima dobar okus ili miris, a \u0161to ne, \u0161to je toplo, a \u0161to hladno\u2026<\/li><li>OSJE\u0106AJI: sre\u0107a, ljubav, ljutnja, prijateljstvo, frustracija, tuga, bol, \u017eelja\u2026 u odnosu na koga ili na \u0161to<\/li><li>POTREBE: glad, \u017ee\u0111, san, distanca, bliskost, pripadanje.<\/li><\/ol>\n\n\n\n<p>Tijekom \u017eivota u\u010de \u0161to je to odgovornost, a tek kasnije postaju odgovorni za ono \u0161to ih zanima u slobodno vrijeme, za hobije, obrazovanje, izbor odje\u0107e, izgled, odr\u017eavanje prostora, higijene i sli\u010dno.<\/p>\n\n\n\n<p><strong>\u0160to zna\u010di kad se ka\u017ee da dijete treba preuzeti odgovornost za ta tri podru\u010dja, odnosno komponente tjelesnog, emotivnog i intelektualnog postojanja? <\/strong>To ne zna\u010di da dijete uvijek mora donositi odluke, niti zna\u010di da uvijek mora biti \u201epo njegovom\u201c. No, ta pitanja se pitaju roditelji koji dono\u0161enje odluka gledaju u razini pitanja mo\u0107i. Uvijek je tu negdje ta mo\u0107 koju roditelji ne \u017eele izgubiti, ne znaju\u0107i da to jednostavno niti ne mogu. Oni su odrasle osobe koje moraju brinuti za sigurnost djeteta daju\u0107i im ljubav, pa\u017enju i model koji \u0107e ih nau\u010diti kako se nositi sa svim \u017eivotnim izazovima. <strong>Roditelji davanje ravnopravnog dostojanstva djetetu shva\u0107aju kao davanje potpune slobode<\/strong>, \u0161to je u potpunosti druga\u010dije od onoga kakvo je bilo njihovo djetinjstvo i kako su nau\u010dili da treba odgajati djecu, pa se sve svodi na pitanje tko odlu\u010duje i tko ima zadnju rije\u010d ili jednostavno \u0161to je \u010dija odgovornost. Takve borbe za mo\u0107 i unutarnja previranja roditelja nikuda ne vode, osim mo\u017eda naru\u0161enom odnosu s djetetom jer ni jedna strana zapravo ne dobiva ono \u0161to \u017eeli.<\/p>\n\n\n\n<p><strong>\u0160to bismo onda trebali?<\/strong><\/p>\n\n\n\n<p>Trebali bismo sebe i dijete shvatiti ozbiljno. Poslu\u0161ati kao \u0161to poslu\u0161amo prijatelja, njegove \u017eelje i potrebe, ozbiljno i s uva\u017eavanjem. Nismo li svi mi to zaslu\u017eili ili nije li to na\u0161a odgovornost prema djetetu?<\/p>\n\n\n\n<p><strong>Da bismo nekoga shvatili ozbiljno trebamo:<\/strong><\/p>\n\n\n\n<ul><li>Priznati drugome pravo na osobne \u017eelje, potrebe, iskustva, osje\u0107aje i pravo da ih izra\u017eava<\/li><li>Poku\u0161ati vidjeti potrebe i prava druge osobe iz njegovog kuta kako bismo ga bolje razumjeli<\/li><li>Potruditi se upoznati svijet druge osobe, \u0161to voli, \u0161to joj se svi\u0111a, a \u0161to ne\u2026<\/li><li>Odgovarati s razumijevanjem, uva\u017eavanjem i prihva\u0107anjem.<\/li><\/ul>\n\n\n\n<div class=\"wp-block-image\"><figure class=\"aligncenter size-large is-resized\"><a href=\"zaimovic.com.hr\"><img fetchpriority=\"high\" decoding=\"async\" src=\"https:\/\/zaimovic.com.hr\/wp-content\/uploads\/2021\/06\/shop-2964741_1920-1024x683.jpg\" alt=\"\" class=\"wp-image-525\" width=\"608\" height=\"405\" srcset=\"https:\/\/zaimovic.com.hr\/wp-content\/uploads\/2021\/06\/shop-2964741_1920-1024x683.jpg 1024w, https:\/\/zaimovic.com.hr\/wp-content\/uploads\/2021\/06\/shop-2964741_1920-300x200.jpg 300w, https:\/\/zaimovic.com.hr\/wp-content\/uploads\/2021\/06\/shop-2964741_1920-768x512.jpg 768w, https:\/\/zaimovic.com.hr\/wp-content\/uploads\/2021\/06\/shop-2964741_1920-1536x1024.jpg 1536w, https:\/\/zaimovic.com.hr\/wp-content\/uploads\/2021\/06\/shop-2964741_1920-180x120.jpg 180w, https:\/\/zaimovic.com.hr\/wp-content\/uploads\/2021\/06\/shop-2964741_1920.jpg 1920w\" sizes=\"(max-width: 608px) 100vw, 608px\" \/><\/a><\/figure><\/div>\n\n\n\n<p><strong>Super mi je primjer koji svi mo\u017eemo zamisliti, bilo da smo roditelji ili ne \u2013 pona\u0161anje djece u trgovini, odnosno \u010dekanje u redu na blagajni.<\/strong><\/p>\n\n\n\n<p>Imamo dva dje\u010daka i dvije majke (ili oca) koji strpljivo \u010dekaju jedno vrijeme u redu na blagajni. To \u010dekanje traje ve\u0107 neko vrijeme i svi polako gube strpljenje. Djeci, kao i nama odraslima, nije neki gu\u0161t stajati i \u010dekati u redu. Meni osobno je to potpuni gubitak vremena, a ponekad osje\u0107am da mi \u017eivot klizi me\u0111u prstima i da sam u to vrijeme mogla raditi ne\u0161to drugo. Evo, tako ja ponekad razmi\u0161ljam kad \u010dekam 10 &#8211; 15 minuta u redu. <strong>Kako se vi nosite s \u010dekanjem?<\/strong><\/p>\n\n\n\n<p>Sad zamislite kako je manjem djetetu koje nema u potpunosti razvijen pojam o vremenu, koje je manje od svih oko sebe, koje ne razumije za\u0161to se uop\u0107e \u010deka, za\u0161to to toliko dugo traje, postaje mu dosadno, naporno, ne mo\u017ee vi\u0161e stajati, a kamoli stajati strpljivo i u miru pored kolica. Dijete se obra\u0107a majci, vidno frustrirano, govori da mu je dosadno i da vi\u0161e ne mo\u017ee i ne \u017eeli tu biti. Majka mu strpljivo govori ne\u0161to u smislu, jo\u0161 malo, sad \u0107emo do\u0107i na red. No to jo\u0161 malo nikako ne dolazi. Drugi put, dijete sve o\u010dajnije zaziva majku, vu\u010de je za majicu, \u017eeli joj zaokupiti pa\u017enju, tra\u017ei pomo\u0107 u \u010dekanju i smanjivanju frustracije.<\/p>\n\n\n\n<p><strong>Dok jedna majka, na taj drugi ili tre\u0107i djetetov poziv, odgovara nestrpljivo, vidno frustrirana i ljuta, otresa se na njega <\/strong>govore\u0107i mu ne\u0161to u stilu <em>\u201eZar ne mo\u017ee\u0161 biti strpljiv, uvijek neki problem s tobom, stani tu i mirno \u010dekaj da do\u0111emo na red, ne mogu ni\u0161ta napraviti.\u201c<\/em> Ta majka nije uva\u017eila djetetove emocije, kao ni njegove potrebe, nije niti podijelila svoj dio, kako je njoj u tom redu, nije mu predlo\u017eila \u0161to mo\u017ee napraviti da si olak\u0161a \u2013 jer dijete ne zna samo.<\/p>\n\n\n\n<p><strong>Druga majka odgovara strpljivije, iako je tako\u0111er frustrirana jer je i njoj \u010dekanje naporno<\/strong> i ima jo\u0161 sto stvari za obaviti i ne zna ho\u0107e li sve sti\u0107i onako kako je planirala. Ona odgovara ovako <em>\u201eMia, meni je isto naporno \u010dekati u redu, vjerujem da je i tebi. Prevru\u0107e je i ima previ\u0161e ljudi, a mi nikako da do\u0111emo na taj red. Imamo u kolicima puno dobrih stvari koje moramo platiti na blagajni, a ako odustanemo i odemo, ne\u0107emo ih mo\u0107i odnijeti doma. To bi bila prava \u0161teta! <strong>PRIJEDLOG \u0160TO SE MO\u017dE:<\/strong> Ho\u0107emo li zajedno pobrojati koliko je ljudi ispred nas? \u0160to misli\u0161 da mo\u017eemo raditi nakon kupnje? Vidi\u0161 li ove vre\u0107ice koje su zavr\u0161ile na podu, ho\u0107e\u0161 li ih uredno slo\u017eiti?\u201c<\/em> Djetetu \u0107e tako br\u017ee pro\u0107i vrijeme, zaokupit \u0107e se drugim mislima i radnjama, a majci i njemu \u0107e biti lak\u0161e \u010dekati u redu.<\/p>\n\n\n\n<p>U ovom primjeru, majka je uva\u017eila potrebe djeteta, razumjela je da mu je te\u0161ko stajati i \u010dekati, zapravo ne raditi ni\u0161ta, objasnila mu je za\u0161to \u010dekaju kao i alternativu, odnosno \u0161to bi se dogodilo da odustanu od \u010dekanja jer i to se mo\u017ee.<\/p>\n\n\n\n<p><strong>Koji vam je pristup dra\u017ei?<\/strong><\/p>\n\n\n\n<p><strong>Koji \u010de\u0161\u0107e koristite?<\/strong><\/p>\n\n\n\n<p>Ponekad, kad ka\u017eemo da treba uva\u017eavati \u017eelje i potrebe druge osobe mislimo da je to lako, ali i da to \u010dinimo. No, \u010desto samo mislimo da to \u010dinimo, mislimo da se ne\u0161to podrazumijeva, da dijete razumije \u0161to i za\u0161to se doga\u0111a, da bi trebalo razumjeti i da ne treba dodatno poja\u0161njenje. <strong>Razumijevanje, po\u0161tivanje i nu\u0111enje svog gledi\u0161ta iz kuta odrasle osobe poma\u017eete djetetu da bolje razumije svijet oko sebe, ali i samog sebe u tom svijetu. Bez toga, te\u017ee u\u010di, a vi jo\u0161 vi\u0161e frustrirate i naru\u0161avate odnos.<\/strong><\/p>\n\n\n\n<p><\/p>\n\n\n\n<p>Za vi\u0161e inspiracije pro\u010ditajte:<br>Va\u0161e kompetentno dijete, J.Juul<\/p>\n\n\n\n<p><\/p>\n\n\n\n<p>Iva<\/p>\n\n\n\n<p><\/p>\n\n\n\n<p class=\"has-text-align-right\">PS. Zaprati me na dru\u0161tvenim mre\u017eama:<br>FB stranica: Iva Zaimovi\u0107<br>Instagram profil: @ivazaimovic<\/p>\n","protected":false},"excerpt":{"rendered":"<p>Odrasli i djeca imaju u potpunosti druga\u010diju odgovornost za svoje postupke i ono \u0161to se doga\u0111a u njihovim \u017eivotima. Pa tako, dvogodi\u0161njakinja ne mo\u017ee biti odgovorna za istr\u010davanje na cestu, kao \u0161to ni trogodi\u0161njak ne mo\u017ee biti odgovoran za pospremanje igra\u010daka. Tko je tu odgovoran? Jedino i samo \u2013 roditelj, odnosno odrasla osoba kojoj je&hellip;&nbsp;<a href=\"https:\/\/zaimovic.com.hr\/index.php\/2021\/11\/01\/sto-je-to-osobna-odgovornost\/\" rel=\"bookmark\">Read More &raquo;<span class=\"screen-reader-text\">Zna\u0161 li \u0161to je to osobna odgovornost?<\/span><\/a><\/p>\n","protected":false},"author":1,"featured_media":523,"comment_status":"open","ping_status":"open","sticky":false,"template":"","format":"standard","meta":{"neve_meta_sidebar":"","neve_meta_container":"","neve_meta_enable_content_width":"","neve_meta_content_width":0,"neve_meta_title_alignment":"","neve_meta_author_avatar":"","neve_post_elements_order":"","neve_meta_disable_header":"","neve_meta_disable_footer":"","neve_meta_disable_title":"","footnotes":""},"categories":[8,65],"tags":[],"yoast_head":"<!-- This site is optimized with the Yoast SEO plugin v24.5 - https:\/\/yoast.com\/wordpress\/plugins\/seo\/ -->\n<title>Zna\u0161 li \u0161to je to osobna odgovornost? - Iva Zaimovi\u0107<\/title>\n<meta name=\"description\" content=\"Tijekom \u017eivota u\u010de \u0161to je to odgovornost, a kasnije postaju odgovorni za ono \u0161to ih zanima u slobodno vrijeme, higijenu tijela i prostora.\" \/>\n<meta name=\"robots\" content=\"index, follow, max-snippet:-1, max-image-preview:large, max-video-preview:-1\" \/>\n<link rel=\"canonical\" href=\"https:\/\/zaimovic.com.hr\/index.php\/2021\/11\/01\/sto-je-to-osobna-odgovornost\/\" \/>\n<meta property=\"og:locale\" content=\"hr_HR\" \/>\n<meta property=\"og:type\" content=\"article\" \/>\n<meta property=\"og:title\" content=\"Zna\u0161 li \u0161to je to osobna odgovornost? - Iva Zaimovi\u0107\" \/>\n<meta property=\"og:description\" content=\"Tijekom \u017eivota u\u010de \u0161to je to odgovornost, a kasnije postaju odgovorni za ono \u0161to ih zanima u slobodno vrijeme, higijenu tijela i prostora.\" \/>\n<meta property=\"og:url\" content=\"https:\/\/zaimovic.com.hr\/index.php\/2021\/11\/01\/sto-je-to-osobna-odgovornost\/\" \/>\n<meta property=\"og:site_name\" content=\"Iva Zaimovi\u0107\" \/>\n<meta property=\"article:author\" content=\"https:\/\/www.facebook.com\/velikeimalemisli\" \/>\n<meta property=\"article:published_time\" content=\"2021-11-01T08:00:00+00:00\" \/>\n<meta property=\"article:modified_time\" content=\"2024-04-29T10:29:01+00:00\" \/>\n<meta property=\"og:image\" content=\"https:\/\/zaimovic.com.hr\/wp-content\/uploads\/2021\/06\/family-1237701_1920.jpg\" \/>\n\t<meta property=\"og:image:width\" content=\"1920\" \/>\n\t<meta property=\"og:image:height\" content=\"1535\" \/>\n\t<meta property=\"og:image:type\" content=\"image\/jpeg\" \/>\n<meta name=\"author\" content=\"Iva Zaimovi\u0107\" \/>\n<meta name=\"twitter:card\" content=\"summary_large_image\" \/>\n<meta name=\"twitter:label1\" content=\"Napisao\/la\" \/>\n\t<meta name=\"twitter:data1\" content=\"Iva Zaimovi\u0107\" \/>\n\t<meta name=\"twitter:label2\" content=\"Procijenjeno vrijeme \u010ditanja\" \/>\n\t<meta name=\"twitter:data2\" content=\"5 minuta\" \/>\n<script type=\"application\/ld+json\" class=\"yoast-schema-graph\">{\"@context\":\"https:\/\/schema.org\",\"@graph\":[{\"@type\":\"WebPage\",\"@id\":\"https:\/\/zaimovic.com.hr\/index.php\/2021\/11\/01\/sto-je-to-osobna-odgovornost\/\",\"url\":\"https:\/\/zaimovic.com.hr\/index.php\/2021\/11\/01\/sto-je-to-osobna-odgovornost\/\",\"name\":\"Zna\u0161 li \u0161to je to osobna odgovornost? - Iva Zaimovi\u0107\",\"isPartOf\":{\"@id\":\"https:\/\/zaimovic.com.hr\/#website\"},\"primaryImageOfPage\":{\"@id\":\"https:\/\/zaimovic.com.hr\/index.php\/2021\/11\/01\/sto-je-to-osobna-odgovornost\/#primaryimage\"},\"image\":{\"@id\":\"https:\/\/zaimovic.com.hr\/index.php\/2021\/11\/01\/sto-je-to-osobna-odgovornost\/#primaryimage\"},\"thumbnailUrl\":\"https:\/\/zaimovic.com.hr\/wp-content\/uploads\/2021\/06\/family-1237701_1920.jpg\",\"datePublished\":\"2021-11-01T08:00:00+00:00\",\"dateModified\":\"2024-04-29T10:29:01+00:00\",\"author\":{\"@id\":\"https:\/\/zaimovic.com.hr\/#\/schema\/person\/46635fda1b928c40087a65c50fda63ec\"},\"description\":\"Tijekom \u017eivota u\u010de \u0161to je to odgovornost, a kasnije postaju odgovorni za ono \u0161to ih zanima u slobodno vrijeme, higijenu tijela i prostora.\",\"breadcrumb\":{\"@id\":\"https:\/\/zaimovic.com.hr\/index.php\/2021\/11\/01\/sto-je-to-osobna-odgovornost\/#breadcrumb\"},\"inLanguage\":\"hr\",\"potentialAction\":[{\"@type\":\"ReadAction\",\"target\":[\"https:\/\/zaimovic.com.hr\/index.php\/2021\/11\/01\/sto-je-to-osobna-odgovornost\/\"]}]},{\"@type\":\"ImageObject\",\"inLanguage\":\"hr\",\"@id\":\"https:\/\/zaimovic.com.hr\/index.php\/2021\/11\/01\/sto-je-to-osobna-odgovornost\/#primaryimage\",\"url\":\"https:\/\/zaimovic.com.hr\/wp-content\/uploads\/2021\/06\/family-1237701_1920.jpg\",\"contentUrl\":\"https:\/\/zaimovic.com.hr\/wp-content\/uploads\/2021\/06\/family-1237701_1920.jpg\",\"width\":1920,\"height\":1535},{\"@type\":\"BreadcrumbList\",\"@id\":\"https:\/\/zaimovic.com.hr\/index.php\/2021\/11\/01\/sto-je-to-osobna-odgovornost\/#breadcrumb\",\"itemListElement\":[{\"@type\":\"ListItem\",\"position\":1,\"name\":\"Po\u010detna stranica\",\"item\":\"https:\/\/zaimovic.com.hr\/\"},{\"@type\":\"ListItem\",\"position\":2,\"name\":\"Zna\u0161 li \u0161to je to osobna odgovornost?\"}]},{\"@type\":\"WebSite\",\"@id\":\"https:\/\/zaimovic.com.hr\/#website\",\"url\":\"https:\/\/zaimovic.com.hr\/\",\"name\":\"Iva Zaimovi\u0107\",\"description\":\"Osna\u017dena - balans, ljubav i rast\",\"potentialAction\":[{\"@type\":\"SearchAction\",\"target\":{\"@type\":\"EntryPoint\",\"urlTemplate\":\"https:\/\/zaimovic.com.hr\/?s={search_term_string}\"},\"query-input\":{\"@type\":\"PropertyValueSpecification\",\"valueRequired\":true,\"valueName\":\"search_term_string\"}}],\"inLanguage\":\"hr\"},{\"@type\":\"Person\",\"@id\":\"https:\/\/zaimovic.com.hr\/#\/schema\/person\/46635fda1b928c40087a65c50fda63ec\",\"name\":\"Iva Zaimovi\u0107\",\"image\":{\"@type\":\"ImageObject\",\"inLanguage\":\"hr\",\"@id\":\"https:\/\/zaimovic.com.hr\/#\/schema\/person\/image\/\",\"url\":\"https:\/\/secure.gravatar.com\/avatar\/f945de162461501123845d3f733fe63d?s=96&d=mm&r=g\",\"contentUrl\":\"https:\/\/secure.gravatar.com\/avatar\/f945de162461501123845d3f733fe63d?s=96&d=mm&r=g\",\"caption\":\"Iva Zaimovi\u0107\"},\"sameAs\":[\"https:\/\/zaimovic.com.hr\",\"https:\/\/www.facebook.com\/velikeimalemisli\",\"https:\/\/www.instagram.com\/ivazaimovic\/\"],\"url\":\"https:\/\/zaimovic.com.hr\/index.php\/author\/yrcqptp1bb\/\"}]}<\/script>\n<!-- \/ Yoast SEO plugin. -->","yoast_head_json":{"title":"Zna\u0161 li \u0161to je to osobna odgovornost? - Iva Zaimovi\u0107","description":"Tijekom \u017eivota u\u010de \u0161to je to odgovornost, a kasnije postaju odgovorni za ono \u0161to ih zanima u slobodno vrijeme, higijenu tijela i prostora.","robots":{"index":"index","follow":"follow","max-snippet":"max-snippet:-1","max-image-preview":"max-image-preview:large","max-video-preview":"max-video-preview:-1"},"canonical":"https:\/\/zaimovic.com.hr\/index.php\/2021\/11\/01\/sto-je-to-osobna-odgovornost\/","og_locale":"hr_HR","og_type":"article","og_title":"Zna\u0161 li \u0161to je to osobna odgovornost? - Iva Zaimovi\u0107","og_description":"Tijekom \u017eivota u\u010de \u0161to je to odgovornost, a kasnije postaju odgovorni za ono \u0161to ih zanima u slobodno vrijeme, higijenu tijela i prostora.","og_url":"https:\/\/zaimovic.com.hr\/index.php\/2021\/11\/01\/sto-je-to-osobna-odgovornost\/","og_site_name":"Iva Zaimovi\u0107","article_author":"https:\/\/www.facebook.com\/velikeimalemisli","article_published_time":"2021-11-01T08:00:00+00:00","article_modified_time":"2024-04-29T10:29:01+00:00","og_image":[{"width":1920,"height":1535,"url":"https:\/\/zaimovic.com.hr\/wp-content\/uploads\/2021\/06\/family-1237701_1920.jpg","type":"image\/jpeg"}],"author":"Iva Zaimovi\u0107","twitter_card":"summary_large_image","twitter_misc":{"Napisao\/la":"Iva Zaimovi\u0107","Procijenjeno vrijeme \u010ditanja":"5 minuta"},"schema":{"@context":"https:\/\/schema.org","@graph":[{"@type":"WebPage","@id":"https:\/\/zaimovic.com.hr\/index.php\/2021\/11\/01\/sto-je-to-osobna-odgovornost\/","url":"https:\/\/zaimovic.com.hr\/index.php\/2021\/11\/01\/sto-je-to-osobna-odgovornost\/","name":"Zna\u0161 li \u0161to je to osobna odgovornost? - Iva Zaimovi\u0107","isPartOf":{"@id":"https:\/\/zaimovic.com.hr\/#website"},"primaryImageOfPage":{"@id":"https:\/\/zaimovic.com.hr\/index.php\/2021\/11\/01\/sto-je-to-osobna-odgovornost\/#primaryimage"},"image":{"@id":"https:\/\/zaimovic.com.hr\/index.php\/2021\/11\/01\/sto-je-to-osobna-odgovornost\/#primaryimage"},"thumbnailUrl":"https:\/\/zaimovic.com.hr\/wp-content\/uploads\/2021\/06\/family-1237701_1920.jpg","datePublished":"2021-11-01T08:00:00+00:00","dateModified":"2024-04-29T10:29:01+00:00","author":{"@id":"https:\/\/zaimovic.com.hr\/#\/schema\/person\/46635fda1b928c40087a65c50fda63ec"},"description":"Tijekom \u017eivota u\u010de \u0161to je to odgovornost, a kasnije postaju odgovorni za ono \u0161to ih zanima u slobodno vrijeme, higijenu tijela i prostora.","breadcrumb":{"@id":"https:\/\/zaimovic.com.hr\/index.php\/2021\/11\/01\/sto-je-to-osobna-odgovornost\/#breadcrumb"},"inLanguage":"hr","potentialAction":[{"@type":"ReadAction","target":["https:\/\/zaimovic.com.hr\/index.php\/2021\/11\/01\/sto-je-to-osobna-odgovornost\/"]}]},{"@type":"ImageObject","inLanguage":"hr","@id":"https:\/\/zaimovic.com.hr\/index.php\/2021\/11\/01\/sto-je-to-osobna-odgovornost\/#primaryimage","url":"https:\/\/zaimovic.com.hr\/wp-content\/uploads\/2021\/06\/family-1237701_1920.jpg","contentUrl":"https:\/\/zaimovic.com.hr\/wp-content\/uploads\/2021\/06\/family-1237701_1920.jpg","width":1920,"height":1535},{"@type":"BreadcrumbList","@id":"https:\/\/zaimovic.com.hr\/index.php\/2021\/11\/01\/sto-je-to-osobna-odgovornost\/#breadcrumb","itemListElement":[{"@type":"ListItem","position":1,"name":"Po\u010detna stranica","item":"https:\/\/zaimovic.com.hr\/"},{"@type":"ListItem","position":2,"name":"Zna\u0161 li \u0161to je to osobna odgovornost?"}]},{"@type":"WebSite","@id":"https:\/\/zaimovic.com.hr\/#website","url":"https:\/\/zaimovic.com.hr\/","name":"Iva Zaimovi\u0107","description":"Osna\u017dena - balans, ljubav i rast","potentialAction":[{"@type":"SearchAction","target":{"@type":"EntryPoint","urlTemplate":"https:\/\/zaimovic.com.hr\/?s={search_term_string}"},"query-input":{"@type":"PropertyValueSpecification","valueRequired":true,"valueName":"search_term_string"}}],"inLanguage":"hr"},{"@type":"Person","@id":"https:\/\/zaimovic.com.hr\/#\/schema\/person\/46635fda1b928c40087a65c50fda63ec","name":"Iva Zaimovi\u0107","image":{"@type":"ImageObject","inLanguage":"hr","@id":"https:\/\/zaimovic.com.hr\/#\/schema\/person\/image\/","url":"https:\/\/secure.gravatar.com\/avatar\/f945de162461501123845d3f733fe63d?s=96&d=mm&r=g","contentUrl":"https:\/\/secure.gravatar.com\/avatar\/f945de162461501123845d3f733fe63d?s=96&d=mm&r=g","caption":"Iva Zaimovi\u0107"},"sameAs":["https:\/\/zaimovic.com.hr","https:\/\/www.facebook.com\/velikeimalemisli","https:\/\/www.instagram.com\/ivazaimovic\/"],"url":"https:\/\/zaimovic.com.hr\/index.php\/author\/yrcqptp1bb\/"}]}},"blog_post_layout_featured_media_urls":{"thumbnail":["https:\/\/zaimovic.com.hr\/wp-content\/uploads\/2021\/06\/family-1237701_1920-150x150.jpg",150,150,true],"full":["https:\/\/zaimovic.com.hr\/wp-content\/uploads\/2021\/06\/family-1237701_1920.jpg",1920,1535,false]},"categories_names":{"8":{"name":"Odgoj bez kontroliranja","link":"https:\/\/zaimovic.com.hr\/index.php\/category\/kutak-za-roditelje\/odgoj-bez-kontroliranja\/"},"65":{"name":"Osobni razvoj","link":"https:\/\/zaimovic.com.hr\/index.php\/category\/osobni-razvoj\/"}},"tags_names":[],"comments_number":"0","_links":{"self":[{"href":"https:\/\/zaimovic.com.hr\/index.php\/wp-json\/wp\/v2\/posts\/437"}],"collection":[{"href":"https:\/\/zaimovic.com.hr\/index.php\/wp-json\/wp\/v2\/posts"}],"about":[{"href":"https:\/\/zaimovic.com.hr\/index.php\/wp-json\/wp\/v2\/types\/post"}],"author":[{"embeddable":true,"href":"https:\/\/zaimovic.com.hr\/index.php\/wp-json\/wp\/v2\/users\/1"}],"replies":[{"embeddable":true,"href":"https:\/\/zaimovic.com.hr\/index.php\/wp-json\/wp\/v2\/comments?post=437"}],"version-history":[{"count":4,"href":"https:\/\/zaimovic.com.hr\/index.php\/wp-json\/wp\/v2\/posts\/437\/revisions"}],"predecessor-version":[{"id":527,"href":"https:\/\/zaimovic.com.hr\/index.php\/wp-json\/wp\/v2\/posts\/437\/revisions\/527"}],"wp:featuredmedia":[{"embeddable":true,"href":"https:\/\/zaimovic.com.hr\/index.php\/wp-json\/wp\/v2\/media\/523"}],"wp:attachment":[{"href":"https:\/\/zaimovic.com.hr\/index.php\/wp-json\/wp\/v2\/media?parent=437"}],"wp:term":[{"taxonomy":"category","embeddable":true,"href":"https:\/\/zaimovic.com.hr\/index.php\/wp-json\/wp\/v2\/categories?post=437"},{"taxonomy":"post_tag","embeddable":true,"href":"https:\/\/zaimovic.com.hr\/index.php\/wp-json\/wp\/v2\/tags?post=437"}],"curies":[{"name":"wp","href":"https:\/\/api.w.org\/{rel}","templated":true}]}}