{"id":439,"date":"2021-09-06T08:00:00","date_gmt":"2021-09-06T08:00:00","guid":{"rendered":"https:\/\/zaimovic.com.hr\/?p=439"},"modified":"2024-04-29T10:29:38","modified_gmt":"2024-04-29T10:29:38","slug":"osobni-jezik","status":"publish","type":"post","link":"https:\/\/zaimovic.com.hr\/index.php\/2021\/09\/06\/osobni-jezik\/","title":{"rendered":"Osobni jezik &#8211; na\u010din na koji govorimo djeci govori o nama"},"content":{"rendered":"\n<p>Na\u010din na koji ne\u0161to govorimo jednako je va\u017ean kao i ono \u0161to govorimo, odnosno sami sadr\u017eaj. Ponekad nemamo dovoljno vremena kako bismo djetetu nadugo i na\u0161iroko obja\u0161njavali neke stvari, naj\u010de\u0161\u0107e kad smo mu ve\u0107 puno puta objasnili na na\u010din na koji smo mislili da je dobar. No, dijete je u poziciji u\u010denika, svaki dan od ro\u0111enja, ma i ranije, u\u010di o svemu \u0161to ga okru\u017euje, o tome kako svijet funkcionira, kako funkcionira obitelj, kako se u obitelji pona\u0161a, kako se koji roditelj odnosi prema njemu i sa svakim \u010dlanom obitelji gradi odnos na druga\u010diji na\u010din, uskla\u0111uje se i zadovoljava svoje potrebe.<\/p>\n\n\n\n<p><strong>Juul govori o tome \u0161to je osobni jezik<\/strong>. Ka\u017ee da u preuzimanju odgovornosti za sebe u odnosu prema drugima moramo imati svoj osobni jezik. Pod njime podrazumijeva da se njime izra\u017eavaju vlastite emocije, odgovori i potrebe, ali i odre\u0111uju vlastite granice, \u0161to me podsje\u0107a na reflektiranje i parafraziranje (vje\u0161tine koje se tako\u0111er u\u010de).<\/p>\n\n\n\n<p><strong>Pa tako, sr\u017e osobnog jezika \u010dini:<\/strong><\/p>\n\n\n\n<ul><li>\u017delim; ne \u017eelim<\/li><li>Svi\u0111a mi se; ne svi\u0111a mi se<\/li><li>Ho\u0107u; ne\u0107u.<\/li><\/ul>\n\n\n\n<p>No, nagla\u0161ava da iako podsje\u0107a na reflektiranje (npr. <em>&#8220;Osje\u0107am se frustrirano jer jo\u0161 uvijek nisi pospremio svoju sobu. \u0160to ka\u017ee\u0161 da zapo\u010dnemo zajedno, a ti dovr\u0161i\u0161 sam, pa mo\u017eemo i\u0107i u park.\u201c<\/em>) osobni jezik to nije. <strong>Glavna razlika je da ima osobnu snagu jer govorimo iz onoga \u017eeljeti, htjeti, a ne osje\u0107ati. <\/strong>Ne moramo se osje\u0107ati umorno ako se trenutno ne \u017eelimo igrati s djetetom nego dovr\u0161iti poglavlje knjige ili porazgovarati s nekim u miru. Isto kao \u0161to roditelj ima pravo izre\u0107i \u0161to \u017eeli, ima i dijete, a pritom mo\u017eemo po\u0161tovati ili ne po\u0161tovati osobni jezik drugoga.<\/p>\n\n\n\n<ul type=\"1\"><li><em>Primjer:<\/em><\/li><\/ul>\n\n\n\n<p><em>Dijete:<\/em> Sad ba\u0161 ne \u017eelim i\u0107i oprati zube.<\/p>\n\n\n\n<p><em>Majka (po\u0161tuje osobni jezik):<\/em> \u017delim da sad ipak ode\u0161 oprati zube.<\/p>\n\n\n\n<p><em>Majka (koja ne po\u0161tuje):<\/em> Budi dobra i odi oprati zube. Ili: Sad bi bilo dosta, svaki da isto, kad sam rekla da ode\u0161 oprati zube, onda to i napravi!<\/p>\n\n\n\n<ul><li><em>Primjer<\/em>:<\/li><\/ul>\n\n\n\n<p><em>Dijete:<\/em> Ne volim ciklu!<\/p>\n\n\n\n<p><em>Otac (koji po\u0161tuje osobni jezik<\/em>): Ja ju stvarno volim, mislim da bi je trebao probati i vidjeti kako ti se \u010dini.<\/p>\n\n\n\n<p><em>Otac (koji ne po\u0161tuje osobni jezik): Stalno<\/em> ne\u0161to ne \u017eeli\u0161 jesti, pro\u0161li tjedan si ju jeo, \u0161to je sad opet. Pojedi sve \u0161to ti je na tanjuru kao sva dobra djeca!<\/p>\n\n\n\n<div class=\"wp-block-image\"><figure class=\"aligncenter size-large is-resized\"><a href=\"zaimovic.com.hr\"><img fetchpriority=\"high\" decoding=\"async\" src=\"https:\/\/zaimovic.com.hr\/wp-content\/uploads\/2021\/05\/family-2485714_1920-1024x476.jpg\" alt=\"\" class=\"wp-image-457\" width=\"653\" height=\"303\" srcset=\"https:\/\/zaimovic.com.hr\/wp-content\/uploads\/2021\/05\/family-2485714_1920-1024x476.jpg 1024w, https:\/\/zaimovic.com.hr\/wp-content\/uploads\/2021\/05\/family-2485714_1920-300x139.jpg 300w, https:\/\/zaimovic.com.hr\/wp-content\/uploads\/2021\/05\/family-2485714_1920-768x357.jpg 768w, https:\/\/zaimovic.com.hr\/wp-content\/uploads\/2021\/05\/family-2485714_1920-1536x713.jpg 1536w, https:\/\/zaimovic.com.hr\/wp-content\/uploads\/2021\/05\/family-2485714_1920.jpg 1910w\" sizes=\"(max-width: 653px) 100vw, 653px\" \/><\/a><\/figure><\/div>\n\n\n\n<p><strong>Treba zapamtiti da je osobni jezik na\u0161 jezik, onaj kojim izra\u017eavamo svoje \u017eelje u tom trenutku.<\/strong> Koriste\u0107i ga i po\u0161tuju\u0107i ga kod drugih, po\u0161tujemo integritet druge osobe, a pritom u\u010dimo dijete o odre\u0111ivanju granica kao i po\u0161tivanju tu\u0111ih granica. Suprotno tome, djeci se govori tko su i tko\/kakva bi trebala biti<em> (mora\u0161 sve pojesti, druga djeca slu\u0161aju roditelje, nemoj sad histerizirati, ne budi glupa, mora\u0161 to napraviti\u2026).<\/em><\/p>\n\n\n\n<p>Iva<\/p>\n\n\n\n<p><\/p>\n\n\n\n<p><em>Literatura:<br>J. Juul: Va\u0161e kompetentno dijete<\/em><\/p>\n\n\n\n<p><\/p>\n\n\n\n<p class=\"has-text-align-right\">PS. Zaprati me na dru\u0161tvenim mre\u017eama:<br>FB stranica: Iva Zaimovi\u0107<br>Instagram profil: @ivazaimovic<\/p>\n","protected":false},"excerpt":{"rendered":"<p>Na\u010din na koji ne\u0161to govorimo jednako je va\u017ean kao i ono \u0161to govorimo, odnosno sami sadr\u017eaj. Ponekad nemamo dovoljno vremena kako bismo djetetu nadugo i na\u0161iroko obja\u0161njavali neke stvari, naj\u010de\u0161\u0107e kad smo mu ve\u0107 puno puta objasnili na na\u010din na koji smo mislili da je dobar. No, dijete je u poziciji u\u010denika, svaki dan od&hellip;&nbsp;<a href=\"https:\/\/zaimovic.com.hr\/index.php\/2021\/09\/06\/osobni-jezik\/\" rel=\"bookmark\">Read More &raquo;<span class=\"screen-reader-text\">Osobni jezik &#8211; na\u010din na koji govorimo djeci govori o nama<\/span><\/a><\/p>\n","protected":false},"author":1,"featured_media":521,"comment_status":"open","ping_status":"open","sticky":false,"template":"","format":"standard","meta":{"neve_meta_sidebar":"","neve_meta_container":"","neve_meta_enable_content_width":"","neve_meta_content_width":0,"neve_meta_title_alignment":"","neve_meta_author_avatar":"","neve_post_elements_order":"","neve_meta_disable_header":"","neve_meta_disable_footer":"","neve_meta_disable_title":"","footnotes":""},"categories":[8],"tags":[],"yoast_head":"<!-- This site is optimized with the Yoast SEO plugin v24.5 - https:\/\/yoast.com\/wordpress\/plugins\/seo\/ -->\n<title>Osobni jezik - na\u010din na koji govorimo djeci govori o nama - Iva Zaimovi\u0107<\/title>\n<meta name=\"description\" content=\"Osobni jezik je onaj kojim izra\u017eavamo svoje \u017eelje u tom trenutku. Koriste\u0107i ga i po\u0161tuju\u0107i ga kod drugih, po\u0161tujemo integritet drugih.\" \/>\n<meta name=\"robots\" content=\"index, follow, max-snippet:-1, max-image-preview:large, max-video-preview:-1\" \/>\n<link rel=\"canonical\" href=\"https:\/\/zaimovic.com.hr\/index.php\/2021\/09\/06\/osobni-jezik\/\" \/>\n<meta property=\"og:locale\" content=\"hr_HR\" \/>\n<meta property=\"og:type\" content=\"article\" \/>\n<meta property=\"og:title\" content=\"Osobni jezik - na\u010din na koji govorimo djeci govori o nama - Iva Zaimovi\u0107\" \/>\n<meta property=\"og:description\" content=\"Osobni jezik je onaj kojim izra\u017eavamo svoje \u017eelje u tom trenutku. Koriste\u0107i ga i po\u0161tuju\u0107i ga kod drugih, po\u0161tujemo integritet drugih.\" \/>\n<meta property=\"og:url\" content=\"https:\/\/zaimovic.com.hr\/index.php\/2021\/09\/06\/osobni-jezik\/\" \/>\n<meta property=\"og:site_name\" content=\"Iva Zaimovi\u0107\" \/>\n<meta property=\"article:author\" content=\"https:\/\/www.facebook.com\/velikeimalemisli\" \/>\n<meta property=\"article:published_time\" content=\"2021-09-06T08:00:00+00:00\" \/>\n<meta property=\"article:modified_time\" content=\"2024-04-29T10:29:38+00:00\" \/>\n<meta property=\"og:image\" content=\"https:\/\/zaimovic.com.hr\/wp-content\/uploads\/2021\/05\/mother-84628_1920.jpg\" \/>\n\t<meta property=\"og:image:width\" content=\"1920\" \/>\n\t<meta property=\"og:image:height\" content=\"1280\" \/>\n\t<meta property=\"og:image:type\" content=\"image\/jpeg\" \/>\n<meta name=\"author\" content=\"Iva Zaimovi\u0107\" \/>\n<meta name=\"twitter:card\" content=\"summary_large_image\" \/>\n<meta name=\"twitter:label1\" content=\"Napisao\/la\" \/>\n\t<meta name=\"twitter:data1\" content=\"Iva Zaimovi\u0107\" \/>\n\t<meta name=\"twitter:label2\" content=\"Procijenjeno vrijeme \u010ditanja\" \/>\n\t<meta name=\"twitter:data2\" content=\"3 minute\" \/>\n<script type=\"application\/ld+json\" class=\"yoast-schema-graph\">{\"@context\":\"https:\/\/schema.org\",\"@graph\":[{\"@type\":\"WebPage\",\"@id\":\"https:\/\/zaimovic.com.hr\/index.php\/2021\/09\/06\/osobni-jezik\/\",\"url\":\"https:\/\/zaimovic.com.hr\/index.php\/2021\/09\/06\/osobni-jezik\/\",\"name\":\"Osobni jezik - na\u010din na koji govorimo djeci govori o nama - Iva Zaimovi\u0107\",\"isPartOf\":{\"@id\":\"https:\/\/zaimovic.com.hr\/#website\"},\"primaryImageOfPage\":{\"@id\":\"https:\/\/zaimovic.com.hr\/index.php\/2021\/09\/06\/osobni-jezik\/#primaryimage\"},\"image\":{\"@id\":\"https:\/\/zaimovic.com.hr\/index.php\/2021\/09\/06\/osobni-jezik\/#primaryimage\"},\"thumbnailUrl\":\"https:\/\/zaimovic.com.hr\/wp-content\/uploads\/2021\/05\/mother-84628_1920.jpg\",\"datePublished\":\"2021-09-06T08:00:00+00:00\",\"dateModified\":\"2024-04-29T10:29:38+00:00\",\"author\":{\"@id\":\"https:\/\/zaimovic.com.hr\/#\/schema\/person\/46635fda1b928c40087a65c50fda63ec\"},\"description\":\"Osobni jezik je onaj kojim izra\u017eavamo svoje \u017eelje u tom trenutku. Koriste\u0107i ga i po\u0161tuju\u0107i ga kod drugih, po\u0161tujemo integritet drugih.\",\"breadcrumb\":{\"@id\":\"https:\/\/zaimovic.com.hr\/index.php\/2021\/09\/06\/osobni-jezik\/#breadcrumb\"},\"inLanguage\":\"hr\",\"potentialAction\":[{\"@type\":\"ReadAction\",\"target\":[\"https:\/\/zaimovic.com.hr\/index.php\/2021\/09\/06\/osobni-jezik\/\"]}]},{\"@type\":\"ImageObject\",\"inLanguage\":\"hr\",\"@id\":\"https:\/\/zaimovic.com.hr\/index.php\/2021\/09\/06\/osobni-jezik\/#primaryimage\",\"url\":\"https:\/\/zaimovic.com.hr\/wp-content\/uploads\/2021\/05\/mother-84628_1920.jpg\",\"contentUrl\":\"https:\/\/zaimovic.com.hr\/wp-content\/uploads\/2021\/05\/mother-84628_1920.jpg\",\"width\":1920,\"height\":1280},{\"@type\":\"BreadcrumbList\",\"@id\":\"https:\/\/zaimovic.com.hr\/index.php\/2021\/09\/06\/osobni-jezik\/#breadcrumb\",\"itemListElement\":[{\"@type\":\"ListItem\",\"position\":1,\"name\":\"Po\u010detna stranica\",\"item\":\"https:\/\/zaimovic.com.hr\/\"},{\"@type\":\"ListItem\",\"position\":2,\"name\":\"Osobni jezik &#8211; na\u010din na koji govorimo djeci govori o nama\"}]},{\"@type\":\"WebSite\",\"@id\":\"https:\/\/zaimovic.com.hr\/#website\",\"url\":\"https:\/\/zaimovic.com.hr\/\",\"name\":\"Iva Zaimovi\u0107\",\"description\":\"Osna\u017dena - balans, ljubav i rast\",\"potentialAction\":[{\"@type\":\"SearchAction\",\"target\":{\"@type\":\"EntryPoint\",\"urlTemplate\":\"https:\/\/zaimovic.com.hr\/?s={search_term_string}\"},\"query-input\":{\"@type\":\"PropertyValueSpecification\",\"valueRequired\":true,\"valueName\":\"search_term_string\"}}],\"inLanguage\":\"hr\"},{\"@type\":\"Person\",\"@id\":\"https:\/\/zaimovic.com.hr\/#\/schema\/person\/46635fda1b928c40087a65c50fda63ec\",\"name\":\"Iva Zaimovi\u0107\",\"image\":{\"@type\":\"ImageObject\",\"inLanguage\":\"hr\",\"@id\":\"https:\/\/zaimovic.com.hr\/#\/schema\/person\/image\/\",\"url\":\"https:\/\/secure.gravatar.com\/avatar\/f945de162461501123845d3f733fe63d?s=96&d=mm&r=g\",\"contentUrl\":\"https:\/\/secure.gravatar.com\/avatar\/f945de162461501123845d3f733fe63d?s=96&d=mm&r=g\",\"caption\":\"Iva Zaimovi\u0107\"},\"sameAs\":[\"https:\/\/zaimovic.com.hr\",\"https:\/\/www.facebook.com\/velikeimalemisli\",\"https:\/\/www.instagram.com\/ivazaimovic\/\"],\"url\":\"https:\/\/zaimovic.com.hr\/index.php\/author\/yrcqptp1bb\/\"}]}<\/script>\n<!-- \/ Yoast SEO plugin. -->","yoast_head_json":{"title":"Osobni jezik - na\u010din na koji govorimo djeci govori o nama - Iva Zaimovi\u0107","description":"Osobni jezik je onaj kojim izra\u017eavamo svoje \u017eelje u tom trenutku. Koriste\u0107i ga i po\u0161tuju\u0107i ga kod drugih, po\u0161tujemo integritet drugih.","robots":{"index":"index","follow":"follow","max-snippet":"max-snippet:-1","max-image-preview":"max-image-preview:large","max-video-preview":"max-video-preview:-1"},"canonical":"https:\/\/zaimovic.com.hr\/index.php\/2021\/09\/06\/osobni-jezik\/","og_locale":"hr_HR","og_type":"article","og_title":"Osobni jezik - na\u010din na koji govorimo djeci govori o nama - Iva Zaimovi\u0107","og_description":"Osobni jezik je onaj kojim izra\u017eavamo svoje \u017eelje u tom trenutku. Koriste\u0107i ga i po\u0161tuju\u0107i ga kod drugih, po\u0161tujemo integritet drugih.","og_url":"https:\/\/zaimovic.com.hr\/index.php\/2021\/09\/06\/osobni-jezik\/","og_site_name":"Iva Zaimovi\u0107","article_author":"https:\/\/www.facebook.com\/velikeimalemisli","article_published_time":"2021-09-06T08:00:00+00:00","article_modified_time":"2024-04-29T10:29:38+00:00","og_image":[{"width":1920,"height":1280,"url":"https:\/\/zaimovic.com.hr\/wp-content\/uploads\/2021\/05\/mother-84628_1920.jpg","type":"image\/jpeg"}],"author":"Iva Zaimovi\u0107","twitter_card":"summary_large_image","twitter_misc":{"Napisao\/la":"Iva Zaimovi\u0107","Procijenjeno vrijeme \u010ditanja":"3 minute"},"schema":{"@context":"https:\/\/schema.org","@graph":[{"@type":"WebPage","@id":"https:\/\/zaimovic.com.hr\/index.php\/2021\/09\/06\/osobni-jezik\/","url":"https:\/\/zaimovic.com.hr\/index.php\/2021\/09\/06\/osobni-jezik\/","name":"Osobni jezik - na\u010din na koji govorimo djeci govori o nama - Iva Zaimovi\u0107","isPartOf":{"@id":"https:\/\/zaimovic.com.hr\/#website"},"primaryImageOfPage":{"@id":"https:\/\/zaimovic.com.hr\/index.php\/2021\/09\/06\/osobni-jezik\/#primaryimage"},"image":{"@id":"https:\/\/zaimovic.com.hr\/index.php\/2021\/09\/06\/osobni-jezik\/#primaryimage"},"thumbnailUrl":"https:\/\/zaimovic.com.hr\/wp-content\/uploads\/2021\/05\/mother-84628_1920.jpg","datePublished":"2021-09-06T08:00:00+00:00","dateModified":"2024-04-29T10:29:38+00:00","author":{"@id":"https:\/\/zaimovic.com.hr\/#\/schema\/person\/46635fda1b928c40087a65c50fda63ec"},"description":"Osobni jezik je onaj kojim izra\u017eavamo svoje \u017eelje u tom trenutku. Koriste\u0107i ga i po\u0161tuju\u0107i ga kod drugih, po\u0161tujemo integritet drugih.","breadcrumb":{"@id":"https:\/\/zaimovic.com.hr\/index.php\/2021\/09\/06\/osobni-jezik\/#breadcrumb"},"inLanguage":"hr","potentialAction":[{"@type":"ReadAction","target":["https:\/\/zaimovic.com.hr\/index.php\/2021\/09\/06\/osobni-jezik\/"]}]},{"@type":"ImageObject","inLanguage":"hr","@id":"https:\/\/zaimovic.com.hr\/index.php\/2021\/09\/06\/osobni-jezik\/#primaryimage","url":"https:\/\/zaimovic.com.hr\/wp-content\/uploads\/2021\/05\/mother-84628_1920.jpg","contentUrl":"https:\/\/zaimovic.com.hr\/wp-content\/uploads\/2021\/05\/mother-84628_1920.jpg","width":1920,"height":1280},{"@type":"BreadcrumbList","@id":"https:\/\/zaimovic.com.hr\/index.php\/2021\/09\/06\/osobni-jezik\/#breadcrumb","itemListElement":[{"@type":"ListItem","position":1,"name":"Po\u010detna stranica","item":"https:\/\/zaimovic.com.hr\/"},{"@type":"ListItem","position":2,"name":"Osobni jezik &#8211; na\u010din na koji govorimo djeci govori o nama"}]},{"@type":"WebSite","@id":"https:\/\/zaimovic.com.hr\/#website","url":"https:\/\/zaimovic.com.hr\/","name":"Iva Zaimovi\u0107","description":"Osna\u017dena - balans, ljubav i rast","potentialAction":[{"@type":"SearchAction","target":{"@type":"EntryPoint","urlTemplate":"https:\/\/zaimovic.com.hr\/?s={search_term_string}"},"query-input":{"@type":"PropertyValueSpecification","valueRequired":true,"valueName":"search_term_string"}}],"inLanguage":"hr"},{"@type":"Person","@id":"https:\/\/zaimovic.com.hr\/#\/schema\/person\/46635fda1b928c40087a65c50fda63ec","name":"Iva Zaimovi\u0107","image":{"@type":"ImageObject","inLanguage":"hr","@id":"https:\/\/zaimovic.com.hr\/#\/schema\/person\/image\/","url":"https:\/\/secure.gravatar.com\/avatar\/f945de162461501123845d3f733fe63d?s=96&d=mm&r=g","contentUrl":"https:\/\/secure.gravatar.com\/avatar\/f945de162461501123845d3f733fe63d?s=96&d=mm&r=g","caption":"Iva Zaimovi\u0107"},"sameAs":["https:\/\/zaimovic.com.hr","https:\/\/www.facebook.com\/velikeimalemisli","https:\/\/www.instagram.com\/ivazaimovic\/"],"url":"https:\/\/zaimovic.com.hr\/index.php\/author\/yrcqptp1bb\/"}]}},"blog_post_layout_featured_media_urls":{"thumbnail":["https:\/\/zaimovic.com.hr\/wp-content\/uploads\/2021\/05\/mother-84628_1920-150x150.jpg",150,150,true],"full":["https:\/\/zaimovic.com.hr\/wp-content\/uploads\/2021\/05\/mother-84628_1920.jpg",1920,1280,false]},"categories_names":{"8":{"name":"Odgoj bez kontroliranja","link":"https:\/\/zaimovic.com.hr\/index.php\/category\/kutak-za-roditelje\/odgoj-bez-kontroliranja\/"}},"tags_names":[],"comments_number":"0","_links":{"self":[{"href":"https:\/\/zaimovic.com.hr\/index.php\/wp-json\/wp\/v2\/posts\/439"}],"collection":[{"href":"https:\/\/zaimovic.com.hr\/index.php\/wp-json\/wp\/v2\/posts"}],"about":[{"href":"https:\/\/zaimovic.com.hr\/index.php\/wp-json\/wp\/v2\/types\/post"}],"author":[{"embeddable":true,"href":"https:\/\/zaimovic.com.hr\/index.php\/wp-json\/wp\/v2\/users\/1"}],"replies":[{"embeddable":true,"href":"https:\/\/zaimovic.com.hr\/index.php\/wp-json\/wp\/v2\/comments?post=439"}],"version-history":[{"count":2,"href":"https:\/\/zaimovic.com.hr\/index.php\/wp-json\/wp\/v2\/posts\/439\/revisions"}],"predecessor-version":[{"id":522,"href":"https:\/\/zaimovic.com.hr\/index.php\/wp-json\/wp\/v2\/posts\/439\/revisions\/522"}],"wp:featuredmedia":[{"embeddable":true,"href":"https:\/\/zaimovic.com.hr\/index.php\/wp-json\/wp\/v2\/media\/521"}],"wp:attachment":[{"href":"https:\/\/zaimovic.com.hr\/index.php\/wp-json\/wp\/v2\/media?parent=439"}],"wp:term":[{"taxonomy":"category","embeddable":true,"href":"https:\/\/zaimovic.com.hr\/index.php\/wp-json\/wp\/v2\/categories?post=439"},{"taxonomy":"post_tag","embeddable":true,"href":"https:\/\/zaimovic.com.hr\/index.php\/wp-json\/wp\/v2\/tags?post=439"}],"curies":[{"name":"wp","href":"https:\/\/api.w.org\/{rel}","templated":true}]}}