{"id":445,"date":"2021-08-16T08:00:00","date_gmt":"2021-08-16T08:00:00","guid":{"rendered":"https:\/\/zaimovic.com.hr\/?p=445"},"modified":"2024-04-29T10:29:52","modified_gmt":"2024-04-29T10:29:52","slug":"trebam-pomoc","status":"publish","type":"post","link":"https:\/\/zaimovic.com.hr\/index.php\/2021\/08\/16\/trebam-pomoc\/","title":{"rendered":"Trebam pomo\u0107!"},"content":{"rendered":"\n<p>Pomo\u0107. Trebam pomo\u0107.<\/p>\n\n\n\n<p>Kako ne\u0161to tako kratko, jasno i maleno mo\u017ee u isto vrijeme biti toliko te\u0161ko za izgovoriti? <\/p>\n\n\n\n<p><br>Iz kojeg nam je razloga tako te\u0161ko zatra\u017eiti pomo\u0107? Za male stvari, ali i za one ne tako male, one po \u017eivot opasne.<br><strong>Mislimo li da \u0107emo zbog toga biti manje vrijedni, slabi i jadni?<\/strong> Neki tako misle. I ne znaju koliko su u krivu. Zapravo, vjerujem da u dubini du\u0161e znaju da su u krivu i da <strong>tra\u017eenje pomo\u0107i nije znak slabosti nego hrabrosti.<\/strong> Koliko smo li samo jadni kad ne\u0161to tako normalno, ne\u0161to prirodno, pretvorili u znak hrabrosti. Ali tako je.<\/p>\n\n\n\n<p>Trebamo se prisjetiti da smo mi, koliko god introvertirani ili ekstrovertirani bili, dru\u0161tvena bi\u0107a, <strong>bi\u0107a kojima treba podr\u0161ka i dru\u0161tvo barem jedne osobe. <\/strong>S razlogom i to dobrim razlogom \u017eivimo u obiteljima koje bi nam trebale pru\u017eiti pomo\u0107 i podr\u0161ku. Odnosno, netko bi trebao primijetiti da nam treba pomo\u0107, \u010dak i kad mi sami to ne vidimo, kad se opiremo i nije\u010demo tu potrebu. <strong>Trebamo biti tu jedni za druge,<\/strong> a ne protiv drugih s porugom i ismijavanjem jer netko ide psihijatru ili psihoterapeutu (koji je uvijek bolja opcija). To je doista ukorijenjen problem na\u0161eg dru\u0161tva. Etiketirati onoga kome je potrebna stru\u010dna pomo\u0107 kao nesposobnog, manje vrijednog.<\/p>\n\n\n\n<p><br><\/p>\n\n\n\n<div class=\"wp-block-image\"><figure class=\"aligncenter size-large is-resized\"><a href=\"https:\/\/zaimovic.com.hr\/\"><img fetchpriority=\"high\" decoding=\"async\" src=\"https:\/\/zaimovic.com.hr\/wp-content\/uploads\/2021\/05\/hands-20333_960_720.jpg\" alt=\"\" class=\"wp-image-513\" width=\"387\" height=\"258\" srcset=\"https:\/\/zaimovic.com.hr\/wp-content\/uploads\/2021\/05\/hands-20333_960_720.jpg 960w, https:\/\/zaimovic.com.hr\/wp-content\/uploads\/2021\/05\/hands-20333_960_720-300x200.jpg 300w, https:\/\/zaimovic.com.hr\/wp-content\/uploads\/2021\/05\/hands-20333_960_720-768x512.jpg 768w, https:\/\/zaimovic.com.hr\/wp-content\/uploads\/2021\/05\/hands-20333_960_720-180x120.jpg 180w\" sizes=\"(max-width: 387px) 100vw, 387px\" \/><\/a><\/figure><\/div>\n\n\n\n<p class=\"has-text-align-center\">A svi ponekad trebamo pomo\u0107.<br>U \u010demu je toliki problem priznati to?<br>Re\u0107i to naglas.<br>Ma problem je i priznati sebi.<\/p>\n\n\n\n<p><\/p>\n\n\n\n<p>Osoba nije manje vrijedna ako ka\u017ee <strong>\u201etrebam pomo\u0107\u201c<\/strong>, za razliku od one koja to skriva, a svi vide da joj je te\u0161ko. <br>Takva osoba je mo\u0107na, preuzima kontrolu nad sobom i svojim \u017eivotom.<br>Ona je predivna i ustrajna.<br><strong>Ne \u017eeli odustati od sebe<\/strong>, a ako se na tren i prepustila svom jadu, sad se uzdigla i \u017eeli \u017eivjeti.<\/p>\n\n\n\n<p>A vi, dragi moji, <strong>podr\u017eite takve osobe iz svoje okoline.<\/strong><br>Nemojte ih gaziti nakon \u0161to su se uzdignule i okrenule pogled prema svjetlijoj strani.<br>Nemojte ih namjerno gurati natrag u mrak.<br><strong>Podr\u017eite ih, pomozite ako mo\u017eete. A naj\u010de\u0161\u0107e mo\u017eete.<\/strong><br>\u0160irite dobrotu i svijet gledajte o\u010dima punim ljubavi.<\/p>\n\n\n\n<p><\/p>\n\n\n\n<p>Iva<\/p>\n\n\n\n<p><\/p>\n\n\n\n<p class=\"has-text-align-right\">PS. Zaprati me na dru\u0161tvenim mre\u017eama:<br>FB stranica: Iva Zaimovi\u0107<br>Instagram profil: @ivazaimovic<\/p>\n","protected":false},"excerpt":{"rendered":"<p>Pomo\u0107. Trebam pomo\u0107. Kako ne\u0161to tako kratko, jasno i maleno mo\u017ee u isto vrijeme biti toliko te\u0161ko za izgovoriti? Iz kojeg nam je razloga tako te\u0161ko zatra\u017eiti pomo\u0107? Za male stvari, ali i za one ne tako male, one po \u017eivot opasne.Mislimo li da \u0107emo zbog toga biti manje vrijedni, slabi i jadni? Neki tako&hellip;&nbsp;<a href=\"https:\/\/zaimovic.com.hr\/index.php\/2021\/08\/16\/trebam-pomoc\/\" rel=\"bookmark\">Read More &raquo;<span class=\"screen-reader-text\">Trebam pomo\u0107!<\/span><\/a><\/p>\n","protected":false},"author":1,"featured_media":0,"comment_status":"open","ping_status":"open","sticky":false,"template":"","format":"standard","meta":{"neve_meta_sidebar":"","neve_meta_container":"","neve_meta_enable_content_width":"","neve_meta_content_width":0,"neve_meta_title_alignment":"","neve_meta_author_avatar":"","neve_post_elements_order":"","neve_meta_disable_header":"","neve_meta_disable_footer":"","neve_meta_disable_title":"","footnotes":""},"categories":[65],"tags":[],"yoast_head":"<!-- This site is optimized with the Yoast SEO plugin v24.5 - https:\/\/yoast.com\/wordpress\/plugins\/seo\/ -->\n<title>Trebam pomo\u0107! - Iva Zaimovi\u0107<\/title>\n<meta name=\"description\" content=\"Osoba nije manje vrijedna ako ka\u017ee trebam pomo\u0107, za razliku od one koja to skriva, a svi vide da joj je te\u0161ko. Takva osoba je mo\u0107na i hrabra.\" \/>\n<meta name=\"robots\" content=\"index, follow, max-snippet:-1, max-image-preview:large, max-video-preview:-1\" \/>\n<link rel=\"canonical\" href=\"https:\/\/zaimovic.com.hr\/index.php\/2021\/08\/16\/trebam-pomoc\/\" \/>\n<meta property=\"og:locale\" content=\"hr_HR\" \/>\n<meta property=\"og:type\" content=\"article\" \/>\n<meta property=\"og:title\" content=\"Trebam pomo\u0107! - Iva Zaimovi\u0107\" \/>\n<meta property=\"og:description\" content=\"Osoba nije manje vrijedna ako ka\u017ee trebam pomo\u0107, za razliku od one koja to skriva, a svi vide da joj je te\u0161ko. Takva osoba je mo\u0107na i hrabra.\" \/>\n<meta property=\"og:url\" content=\"https:\/\/zaimovic.com.hr\/index.php\/2021\/08\/16\/trebam-pomoc\/\" \/>\n<meta property=\"og:site_name\" content=\"Iva Zaimovi\u0107\" \/>\n<meta property=\"article:author\" content=\"https:\/\/www.facebook.com\/velikeimalemisli\" \/>\n<meta property=\"article:published_time\" content=\"2021-08-16T08:00:00+00:00\" \/>\n<meta property=\"article:modified_time\" content=\"2024-04-29T10:29:52+00:00\" \/>\n<meta property=\"og:image\" content=\"https:\/\/zaimovic.com.hr\/wp-content\/uploads\/2021\/05\/hands-20333_960_720.jpg\" \/>\n<meta name=\"author\" content=\"Iva Zaimovi\u0107\" \/>\n<meta name=\"twitter:card\" content=\"summary_large_image\" \/>\n<meta name=\"twitter:label1\" content=\"Napisao\/la\" \/>\n\t<meta name=\"twitter:data1\" content=\"Iva Zaimovi\u0107\" \/>\n\t<meta name=\"twitter:label2\" content=\"Procijenjeno vrijeme \u010ditanja\" \/>\n\t<meta name=\"twitter:data2\" content=\"2 minute\" \/>\n<script type=\"application\/ld+json\" class=\"yoast-schema-graph\">{\"@context\":\"https:\/\/schema.org\",\"@graph\":[{\"@type\":\"WebPage\",\"@id\":\"https:\/\/zaimovic.com.hr\/index.php\/2021\/08\/16\/trebam-pomoc\/\",\"url\":\"https:\/\/zaimovic.com.hr\/index.php\/2021\/08\/16\/trebam-pomoc\/\",\"name\":\"Trebam pomo\u0107! - Iva Zaimovi\u0107\",\"isPartOf\":{\"@id\":\"https:\/\/zaimovic.com.hr\/#website\"},\"primaryImageOfPage\":{\"@id\":\"https:\/\/zaimovic.com.hr\/index.php\/2021\/08\/16\/trebam-pomoc\/#primaryimage\"},\"image\":{\"@id\":\"https:\/\/zaimovic.com.hr\/index.php\/2021\/08\/16\/trebam-pomoc\/#primaryimage\"},\"thumbnailUrl\":\"https:\/\/zaimovic.com.hr\/wp-content\/uploads\/2021\/05\/hands-20333_960_720.jpg\",\"datePublished\":\"2021-08-16T08:00:00+00:00\",\"dateModified\":\"2024-04-29T10:29:52+00:00\",\"author\":{\"@id\":\"https:\/\/zaimovic.com.hr\/#\/schema\/person\/46635fda1b928c40087a65c50fda63ec\"},\"description\":\"Osoba nije manje vrijedna ako ka\u017ee trebam pomo\u0107, za razliku od one koja to skriva, a svi vide da joj je te\u0161ko. Takva osoba je mo\u0107na i hrabra.\",\"breadcrumb\":{\"@id\":\"https:\/\/zaimovic.com.hr\/index.php\/2021\/08\/16\/trebam-pomoc\/#breadcrumb\"},\"inLanguage\":\"hr\",\"potentialAction\":[{\"@type\":\"ReadAction\",\"target\":[\"https:\/\/zaimovic.com.hr\/index.php\/2021\/08\/16\/trebam-pomoc\/\"]}]},{\"@type\":\"ImageObject\",\"inLanguage\":\"hr\",\"@id\":\"https:\/\/zaimovic.com.hr\/index.php\/2021\/08\/16\/trebam-pomoc\/#primaryimage\",\"url\":\"https:\/\/zaimovic.com.hr\/wp-content\/uploads\/2021\/05\/hands-20333_960_720.jpg\",\"contentUrl\":\"https:\/\/zaimovic.com.hr\/wp-content\/uploads\/2021\/05\/hands-20333_960_720.jpg\",\"width\":960,\"height\":640,\"caption\":\"Pomo\u0107, Iva Zaimovi\u0107, blog, \u010dlanak. savjetovanje, mentalno zdravlje, razgovor, psiholog, socijalni pedagog\"},{\"@type\":\"BreadcrumbList\",\"@id\":\"https:\/\/zaimovic.com.hr\/index.php\/2021\/08\/16\/trebam-pomoc\/#breadcrumb\",\"itemListElement\":[{\"@type\":\"ListItem\",\"position\":1,\"name\":\"Po\u010detna stranica\",\"item\":\"https:\/\/zaimovic.com.hr\/\"},{\"@type\":\"ListItem\",\"position\":2,\"name\":\"Trebam pomo\u0107!\"}]},{\"@type\":\"WebSite\",\"@id\":\"https:\/\/zaimovic.com.hr\/#website\",\"url\":\"https:\/\/zaimovic.com.hr\/\",\"name\":\"Iva Zaimovi\u0107\",\"description\":\"Osna\u017dena - balans, ljubav i rast\",\"potentialAction\":[{\"@type\":\"SearchAction\",\"target\":{\"@type\":\"EntryPoint\",\"urlTemplate\":\"https:\/\/zaimovic.com.hr\/?s={search_term_string}\"},\"query-input\":{\"@type\":\"PropertyValueSpecification\",\"valueRequired\":true,\"valueName\":\"search_term_string\"}}],\"inLanguage\":\"hr\"},{\"@type\":\"Person\",\"@id\":\"https:\/\/zaimovic.com.hr\/#\/schema\/person\/46635fda1b928c40087a65c50fda63ec\",\"name\":\"Iva Zaimovi\u0107\",\"image\":{\"@type\":\"ImageObject\",\"inLanguage\":\"hr\",\"@id\":\"https:\/\/zaimovic.com.hr\/#\/schema\/person\/image\/\",\"url\":\"https:\/\/secure.gravatar.com\/avatar\/f945de162461501123845d3f733fe63d?s=96&d=mm&r=g\",\"contentUrl\":\"https:\/\/secure.gravatar.com\/avatar\/f945de162461501123845d3f733fe63d?s=96&d=mm&r=g\",\"caption\":\"Iva Zaimovi\u0107\"},\"sameAs\":[\"https:\/\/zaimovic.com.hr\",\"https:\/\/www.facebook.com\/velikeimalemisli\",\"https:\/\/www.instagram.com\/ivazaimovic\/\"],\"url\":\"https:\/\/zaimovic.com.hr\/index.php\/author\/yrcqptp1bb\/\"}]}<\/script>\n<!-- \/ Yoast SEO plugin. -->","yoast_head_json":{"title":"Trebam pomo\u0107! - Iva Zaimovi\u0107","description":"Osoba nije manje vrijedna ako ka\u017ee trebam pomo\u0107, za razliku od one koja to skriva, a svi vide da joj je te\u0161ko. Takva osoba je mo\u0107na i hrabra.","robots":{"index":"index","follow":"follow","max-snippet":"max-snippet:-1","max-image-preview":"max-image-preview:large","max-video-preview":"max-video-preview:-1"},"canonical":"https:\/\/zaimovic.com.hr\/index.php\/2021\/08\/16\/trebam-pomoc\/","og_locale":"hr_HR","og_type":"article","og_title":"Trebam pomo\u0107! - Iva Zaimovi\u0107","og_description":"Osoba nije manje vrijedna ako ka\u017ee trebam pomo\u0107, za razliku od one koja to skriva, a svi vide da joj je te\u0161ko. Takva osoba je mo\u0107na i hrabra.","og_url":"https:\/\/zaimovic.com.hr\/index.php\/2021\/08\/16\/trebam-pomoc\/","og_site_name":"Iva Zaimovi\u0107","article_author":"https:\/\/www.facebook.com\/velikeimalemisli","article_published_time":"2021-08-16T08:00:00+00:00","article_modified_time":"2024-04-29T10:29:52+00:00","og_image":[{"url":"https:\/\/zaimovic.com.hr\/wp-content\/uploads\/2021\/05\/hands-20333_960_720.jpg","type":"","width":"","height":""}],"author":"Iva Zaimovi\u0107","twitter_card":"summary_large_image","twitter_misc":{"Napisao\/la":"Iva Zaimovi\u0107","Procijenjeno vrijeme \u010ditanja":"2 minute"},"schema":{"@context":"https:\/\/schema.org","@graph":[{"@type":"WebPage","@id":"https:\/\/zaimovic.com.hr\/index.php\/2021\/08\/16\/trebam-pomoc\/","url":"https:\/\/zaimovic.com.hr\/index.php\/2021\/08\/16\/trebam-pomoc\/","name":"Trebam pomo\u0107! - Iva Zaimovi\u0107","isPartOf":{"@id":"https:\/\/zaimovic.com.hr\/#website"},"primaryImageOfPage":{"@id":"https:\/\/zaimovic.com.hr\/index.php\/2021\/08\/16\/trebam-pomoc\/#primaryimage"},"image":{"@id":"https:\/\/zaimovic.com.hr\/index.php\/2021\/08\/16\/trebam-pomoc\/#primaryimage"},"thumbnailUrl":"https:\/\/zaimovic.com.hr\/wp-content\/uploads\/2021\/05\/hands-20333_960_720.jpg","datePublished":"2021-08-16T08:00:00+00:00","dateModified":"2024-04-29T10:29:52+00:00","author":{"@id":"https:\/\/zaimovic.com.hr\/#\/schema\/person\/46635fda1b928c40087a65c50fda63ec"},"description":"Osoba nije manje vrijedna ako ka\u017ee trebam pomo\u0107, za razliku od one koja to skriva, a svi vide da joj je te\u0161ko. Takva osoba je mo\u0107na i hrabra.","breadcrumb":{"@id":"https:\/\/zaimovic.com.hr\/index.php\/2021\/08\/16\/trebam-pomoc\/#breadcrumb"},"inLanguage":"hr","potentialAction":[{"@type":"ReadAction","target":["https:\/\/zaimovic.com.hr\/index.php\/2021\/08\/16\/trebam-pomoc\/"]}]},{"@type":"ImageObject","inLanguage":"hr","@id":"https:\/\/zaimovic.com.hr\/index.php\/2021\/08\/16\/trebam-pomoc\/#primaryimage","url":"https:\/\/zaimovic.com.hr\/wp-content\/uploads\/2021\/05\/hands-20333_960_720.jpg","contentUrl":"https:\/\/zaimovic.com.hr\/wp-content\/uploads\/2021\/05\/hands-20333_960_720.jpg","width":960,"height":640,"caption":"Pomo\u0107, Iva Zaimovi\u0107, blog, \u010dlanak. savjetovanje, mentalno zdravlje, razgovor, psiholog, socijalni pedagog"},{"@type":"BreadcrumbList","@id":"https:\/\/zaimovic.com.hr\/index.php\/2021\/08\/16\/trebam-pomoc\/#breadcrumb","itemListElement":[{"@type":"ListItem","position":1,"name":"Po\u010detna stranica","item":"https:\/\/zaimovic.com.hr\/"},{"@type":"ListItem","position":2,"name":"Trebam pomo\u0107!"}]},{"@type":"WebSite","@id":"https:\/\/zaimovic.com.hr\/#website","url":"https:\/\/zaimovic.com.hr\/","name":"Iva Zaimovi\u0107","description":"Osna\u017dena - balans, ljubav i rast","potentialAction":[{"@type":"SearchAction","target":{"@type":"EntryPoint","urlTemplate":"https:\/\/zaimovic.com.hr\/?s={search_term_string}"},"query-input":{"@type":"PropertyValueSpecification","valueRequired":true,"valueName":"search_term_string"}}],"inLanguage":"hr"},{"@type":"Person","@id":"https:\/\/zaimovic.com.hr\/#\/schema\/person\/46635fda1b928c40087a65c50fda63ec","name":"Iva Zaimovi\u0107","image":{"@type":"ImageObject","inLanguage":"hr","@id":"https:\/\/zaimovic.com.hr\/#\/schema\/person\/image\/","url":"https:\/\/secure.gravatar.com\/avatar\/f945de162461501123845d3f733fe63d?s=96&d=mm&r=g","contentUrl":"https:\/\/secure.gravatar.com\/avatar\/f945de162461501123845d3f733fe63d?s=96&d=mm&r=g","caption":"Iva Zaimovi\u0107"},"sameAs":["https:\/\/zaimovic.com.hr","https:\/\/www.facebook.com\/velikeimalemisli","https:\/\/www.instagram.com\/ivazaimovic\/"],"url":"https:\/\/zaimovic.com.hr\/index.php\/author\/yrcqptp1bb\/"}]}},"blog_post_layout_featured_media_urls":{"thumbnail":"","full":""},"categories_names":{"65":{"name":"Osobni razvoj","link":"https:\/\/zaimovic.com.hr\/index.php\/category\/osobni-razvoj\/"}},"tags_names":[],"comments_number":"0","_links":{"self":[{"href":"https:\/\/zaimovic.com.hr\/index.php\/wp-json\/wp\/v2\/posts\/445"}],"collection":[{"href":"https:\/\/zaimovic.com.hr\/index.php\/wp-json\/wp\/v2\/posts"}],"about":[{"href":"https:\/\/zaimovic.com.hr\/index.php\/wp-json\/wp\/v2\/types\/post"}],"author":[{"embeddable":true,"href":"https:\/\/zaimovic.com.hr\/index.php\/wp-json\/wp\/v2\/users\/1"}],"replies":[{"embeddable":true,"href":"https:\/\/zaimovic.com.hr\/index.php\/wp-json\/wp\/v2\/comments?post=445"}],"version-history":[{"count":3,"href":"https:\/\/zaimovic.com.hr\/index.php\/wp-json\/wp\/v2\/posts\/445\/revisions"}],"predecessor-version":[{"id":515,"href":"https:\/\/zaimovic.com.hr\/index.php\/wp-json\/wp\/v2\/posts\/445\/revisions\/515"}],"wp:attachment":[{"href":"https:\/\/zaimovic.com.hr\/index.php\/wp-json\/wp\/v2\/media?parent=445"}],"wp:term":[{"taxonomy":"category","embeddable":true,"href":"https:\/\/zaimovic.com.hr\/index.php\/wp-json\/wp\/v2\/categories?post=445"},{"taxonomy":"post_tag","embeddable":true,"href":"https:\/\/zaimovic.com.hr\/index.php\/wp-json\/wp\/v2\/tags?post=445"}],"curies":[{"name":"wp","href":"https:\/\/api.w.org\/{rel}","templated":true}]}}