{"id":453,"date":"2021-07-19T08:00:00","date_gmt":"2021-07-19T08:00:00","guid":{"rendered":"https:\/\/zaimovic.com.hr\/?p=453"},"modified":"2024-04-29T10:30:27","modified_gmt":"2024-04-29T10:30:27","slug":"kontrola-nad-vlastitim-zivotom","status":"publish","type":"post","link":"https:\/\/zaimovic.com.hr\/index.php\/2021\/07\/19\/kontrola-nad-vlastitim-zivotom\/","title":{"rendered":"Kontrola nad vlastitim \u017eivotom"},"content":{"rendered":"\n<p>Shvatila sam da sam \u017eivotarila ne primje\u0107uju\u0107i stvari oko sebe, prirodu oko sebe oko sebe, ljude koje susre\u0107em na svom putu. <strong>Kao da sam lebdijela u nekoj magli\u010dastoj kapljici.<\/strong> Stalno sam bila u svojim sivim, nametaju\u0107im mislima koje su me pritiskale, koje su me gu\u0161ile i koje kao da mi nisu dopu\u0161tale \u017eivjeti. Pitala sam se gdje je kontrola, tko ima kontrolu nad mojim \u017eivotom? Osje\u0107ala sam kao da ja nemam. <\/p>\n\n\n\n<p>U svojoj napetoj glavi, neprestano sam bila <strong>u pro\u0161losti<\/strong>, razmi\u0161ljaju\u0107i o svojim vlastitim postupcima, odnosno, \u017eale\u0107i za onim \u0161to sam napravila, za onim \u0161to nisam napravila, ali i za onim \u0161to sam dopustila da drugi naprave.<\/p>\n\n\n\n<p><strong>Mislila sam da sam bespomo\u0107na, da nemam drugog izbora osim \u0161utiti i trpiti.<\/strong> Svi su mi govorili da je to jednostavno tako, da se moram pomiriti s tim i da \u0161to prije to napravim, prije \u0107e mi biti i bolje. Ali u dubini svoje du\u0161e, znala sam da to ne zaslu\u017eujem, da ne zaslu\u017eujem da se tako odnose prema meni, da me ne po\u0161tuju, da nitko ne vidi moju patnju.<\/p>\n\n\n\n<p><strong>A patnja je tu.<\/strong> Svakog dana mog jadnog \u017eivota. Tu je i ne ide nikud, to\u010dno je iza mojih o\u010diju. Vidjet \u0107ete je ako se dovoljno zagledate. Ali, kao da se nitko nije dovoljno zagledao, kao da su bje\u017eali od nesretne pri\u010de koja le\u017ei iza mojih o\u010diju. <strong>Tko bi im zamjerio?<\/strong> Ja sigurno nisam. Te\u0161ko je \u017eivjeti sa svojom tugom, a mo\u017eda i te\u017ee znati kako odgovoriti na tu\u0111u tugu, na tu\u0111u patnju. Nije lako i to im priznajem.<\/p>\n\n\n\n<p>Tuga i patnja su jo\u0161 uvijek tu, ali sada znam da se mogu trgnuti iz tog letargi\u010dnog stanja. Ne moram trunuti u krevetu kao zadnji otpadak koji je netko odbacio. <strong>Potra\u017eila sam pomo\u0107<\/strong> na pravom mjestu, vi\u0161e nisam mogla \u010dekati da budem prepoznata, da se netko drugi sjeti razgovarati sa mnom. Naprotiv,<strong> sama sam inicirala i zatra\u017eila taj prokleto potreban razgovor.<\/strong> Shvatila sam da ja moram preuzeti kormilo svog \u017eivota, da je na meni kontrola nad mojim emocijama, postupcima, djelima, mislima. <\/p>\n\n\n\n<div class=\"wp-block-group\"><div class=\"wp-block-group__inner-container is-layout-flow wp-block-group-is-layout-flow\">\n<div class=\"wp-block-group\"><div class=\"wp-block-group__inner-container is-layout-flow wp-block-group-is-layout-flow\">\n<figure class=\"wp-block-gallery columns-2 is-cropped wp-block-gallery-1 is-layout-flex wp-block-gallery-is-layout-flex\"><ul class=\"blocks-gallery-grid\"><li class=\"blocks-gallery-item\"><figure><a href=\"https:\/\/zaimovic.com.hr\/?attachment_id=507\"><img fetchpriority=\"high\" decoding=\"async\" width=\"1357\" height=\"1920\" src=\"https:\/\/zaimovic.com.hr\/wp-content\/uploads\/2021\/06\/portrait-657116_1920.jpg\" alt=\"Kontrola\" data-id=\"507\" data-full-url=\"https:\/\/zaimovic.com.hr\/wp-content\/uploads\/2021\/06\/portrait-657116_1920.jpg\" data-link=\"https:\/\/zaimovic.com.hr\/?attachment_id=507\" class=\"wp-image-507\" srcset=\"https:\/\/zaimovic.com.hr\/wp-content\/uploads\/2021\/06\/portrait-657116_1920.jpg 1357w, https:\/\/zaimovic.com.hr\/wp-content\/uploads\/2021\/06\/portrait-657116_1920-212x300.jpg 212w, https:\/\/zaimovic.com.hr\/wp-content\/uploads\/2021\/06\/portrait-657116_1920-724x1024.jpg 724w, https:\/\/zaimovic.com.hr\/wp-content\/uploads\/2021\/06\/portrait-657116_1920-768x1087.jpg 768w, https:\/\/zaimovic.com.hr\/wp-content\/uploads\/2021\/06\/portrait-657116_1920-1086x1536.jpg 1086w\" sizes=\"(max-width: 1357px) 100vw, 1357px\" \/><\/a><figcaption class=\"blocks-gallery-item__caption\">Kontrola nad \u017eivotom<\/figcaption><\/figure><\/li><li class=\"blocks-gallery-item\"><figure><a href=\"https:\/\/zaimovic.com.hr\/?attachment_id=508\"><img decoding=\"async\" width=\"1280\" height=\"1920\" src=\"https:\/\/zaimovic.com.hr\/wp-content\/uploads\/2021\/06\/woman-1840538_1920.jpg\" alt=\"Kontrola\" data-id=\"508\" data-full-url=\"https:\/\/zaimovic.com.hr\/wp-content\/uploads\/2021\/06\/woman-1840538_1920.jpg\" data-link=\"https:\/\/zaimovic.com.hr\/?attachment_id=508\" class=\"wp-image-508\" srcset=\"https:\/\/zaimovic.com.hr\/wp-content\/uploads\/2021\/06\/woman-1840538_1920.jpg 1280w, https:\/\/zaimovic.com.hr\/wp-content\/uploads\/2021\/06\/woman-1840538_1920-200x300.jpg 200w, https:\/\/zaimovic.com.hr\/wp-content\/uploads\/2021\/06\/woman-1840538_1920-683x1024.jpg 683w, https:\/\/zaimovic.com.hr\/wp-content\/uploads\/2021\/06\/woman-1840538_1920-768x1152.jpg 768w, https:\/\/zaimovic.com.hr\/wp-content\/uploads\/2021\/06\/woman-1840538_1920-1024x1536.jpg 1024w\" sizes=\"(max-width: 1280px) 100vw, 1280px\" \/><\/a><figcaption class=\"blocks-gallery-item__caption\">Kontrola nad \u017eivotom<\/figcaption><\/figure><\/li><\/ul><\/figure>\n<\/div><\/div>\n<\/div><\/div>\n\n\n\n<p><\/p>\n\n\n\n<p><strong>Vrijeme samo po sebi ne lije\u010di ni\u0161ta<\/strong>, ono je potrebno kako bismo smogli snage prihvatiti ono \u0161to se doga\u0111a, prihvatiti ono \u0161to smo dopustili i ono zbog \u010dega patimo. Nije lako, naravno da nije, nitko nije rekao da je. Ali svi to mogu. <strong>Mogu priznati pogre\u0161ke, priznati vlastitu nemo\u0107 nad okolnostima, ali svi imamo mo\u0107 donijeti bolje odluke, za sebe bolje izbore.<\/strong> Kontrola nad prevarantskim mu\u017eem nasilnikom ne postoji, kao ni nad tim kad \u0107e te udariti iako se mo\u017eda tje\u0161i\u0161 da ima\u0161, vjeruje\u0161 da je to sve tvoja krivica i ako napravi\u0161 sve kako treba, ako se bude\u0161 dobro pona\u0161ala, sve tiho slu\u0161ala, ne napravila ni jedan pogre\u0161an potez, da te ne\u0107e udariti. <strong>Tje\u0161i\u0161 se. Za\u0161to?<\/strong> Zato \u0161to ti treba vjerovanje da ne\u0161to ima\u0161 pod kontrolom. Ali nema\u0161, kontrola nad njegovim pona\u0161anjem je na njemu, ne na tebi. Nemamo kontrolu nad autom koji je ozlijedio na\u0161e dijete, nemamo kontrolu nad prijateljicom koja nas je iznevjerila. Posebno nemamo kontrolu nad roditeljima koji su nas povrijedili u pro\u0161losti.<\/p>\n\n\n\n<p><\/p>\n\n\n\n<p class=\"has-text-align-center\"><strong>No, zna\u0161 nad \u010dim imamo kontrolu?<\/strong> <strong>Imamo kontrolu nad samim sobom. Imamo kontrolu nad vlastitim mislima, nad vlastiti odlukama. Imamo kontrolu nad sada\u0161njo\u0161\u0107u i sobom ovdje i sada.<\/strong><\/p>\n\n\n\n<p><\/p>\n\n\n\n<p>Pokreni se i preuzmi kontrolu nad vlastitom patnjom jer nitko drugi to ne\u0107e u\u010diniti.<\/p>\n\n\n\n<p><strong>Mo\u017eda misli\u0161 da je to prete\u0161ko, no tko je rekao da je \u017eivot lagan?<\/strong> Tko je rekao da ne\u0107e biti patnje? Znam da je kli\u0161ej ovo \u0161to \u0107u sad re\u0107i, ali kako bismo nau\u010dili biti zahvalni na sre\u0107i i zadovoljstvu ako u na\u0161im \u017eivotima nikad nije bilo nekog oblika boli? Mo\u017eda bismo znali, tko zna, no <strong>tuga je osnovna emocija<\/strong> koja je tu s nama, u nama, od ro\u0111enja, jednako kao i radost ili ljutnja. Sasvim je logi\u010dno da onda mora biti i doga\u0111aja\/ljudi koji \u0107e nas rastu\u017eiti. No, znaj da su to tvoje emocije i ti ih mo\u017ee\u0161 kontrolirati. Zna\u0161 da te jedan dan ne\u0161to mo\u017ee rastu\u017eiti ili razljutiti, a neki drugi zbog te iste stvari ne bi ni okom trepnula. Zbog toga mo\u017eemo zaklju\u010diti da <strong>doga\u0111aji sami po sebi ne odre\u0111uju kako se osje\u0107amo, nego mi sami pridajemo va\u017enost tim doga\u0111ajima i definiramo ih kao tu\u017ene. <\/strong><\/p>\n\n\n\n<p><\/p>\n\n\n\n<p class=\"has-text-align-center\"><strong><em>U tome je velika razlika. Mora\u0161 znati \u0161to ima\u0161 pod kontrolom, a \u0161to ne. <\/em><\/strong><\/p>\n\n\n\n<p><\/p>\n\n\n\n<p>Iva<\/p>\n\n\n\n<p><\/p>\n\n\n\n<p class=\"has-text-align-right\">PS. Zaprati me na dru\u0161tvenim mre\u017eama:<br>FB stranica: Iva Zaimovi\u0107<br>Instagram profil: @ivazaimovic<\/p>\n","protected":false},"excerpt":{"rendered":"<p>Shvatila sam da sam \u017eivotarila ne primje\u0107uju\u0107i stvari oko sebe, prirodu oko sebe oko sebe, ljude koje susre\u0107em na svom putu. Kao da sam lebdijela u nekoj magli\u010dastoj kapljici. Stalno sam bila u svojim sivim, nametaju\u0107im mislima koje su me pritiskale, koje su me gu\u0161ile i koje kao da mi nisu dopu\u0161tale \u017eivjeti. Pitala sam&hellip;&nbsp;<a href=\"https:\/\/zaimovic.com.hr\/index.php\/2021\/07\/19\/kontrola-nad-vlastitim-zivotom\/\" rel=\"bookmark\">Read More &raquo;<span class=\"screen-reader-text\">Kontrola nad vlastitim \u017eivotom<\/span><\/a><\/p>\n","protected":false},"author":1,"featured_media":505,"comment_status":"open","ping_status":"open","sticky":false,"template":"","format":"standard","meta":{"neve_meta_sidebar":"","neve_meta_container":"","neve_meta_enable_content_width":"","neve_meta_content_width":0,"neve_meta_title_alignment":"","neve_meta_author_avatar":"","neve_post_elements_order":"","neve_meta_disable_header":"","neve_meta_disable_footer":"","neve_meta_disable_title":"","footnotes":""},"categories":[65,69],"tags":[],"yoast_head":"<!-- This site is optimized with the Yoast SEO plugin v24.5 - https:\/\/yoast.com\/wordpress\/plugins\/seo\/ -->\n<title>Kontrola nad vlastitim \u017eivotom - Iva Zaimovi\u0107<\/title>\n<meta name=\"description\" content=\"Kontrola nad svojim \u017eivotom? Doga\u0111aji sami po sebi ne odre\u0111uju kako se osje\u0107amo, nego im mi sami pridajemo va\u017enost, percipiramo i definiramo.\" \/>\n<meta name=\"robots\" content=\"index, follow, max-snippet:-1, max-image-preview:large, max-video-preview:-1\" \/>\n<link rel=\"canonical\" href=\"https:\/\/zaimovic.com.hr\/index.php\/2021\/07\/19\/kontrola-nad-vlastitim-zivotom\/\" \/>\n<meta property=\"og:locale\" content=\"hr_HR\" \/>\n<meta property=\"og:type\" content=\"article\" \/>\n<meta property=\"og:title\" content=\"Kontrola nad vlastitim \u017eivotom - Iva Zaimovi\u0107\" \/>\n<meta property=\"og:description\" content=\"Kontrola nad svojim \u017eivotom? Doga\u0111aji sami po sebi ne odre\u0111uju kako se osje\u0107amo, nego im mi sami pridajemo va\u017enost, percipiramo i definiramo.\" \/>\n<meta property=\"og:url\" content=\"https:\/\/zaimovic.com.hr\/index.php\/2021\/07\/19\/kontrola-nad-vlastitim-zivotom\/\" \/>\n<meta property=\"og:site_name\" content=\"Iva Zaimovi\u0107\" \/>\n<meta property=\"article:author\" content=\"https:\/\/www.facebook.com\/velikeimalemisli\" \/>\n<meta property=\"article:published_time\" content=\"2021-07-19T08:00:00+00:00\" \/>\n<meta property=\"article:modified_time\" content=\"2024-04-29T10:30:27+00:00\" \/>\n<meta property=\"og:image\" content=\"https:\/\/zaimovic.com.hr\/wp-content\/uploads\/2021\/06\/woman-801928_1920.jpg\" \/>\n\t<meta property=\"og:image:width\" content=\"1920\" \/>\n\t<meta property=\"og:image:height\" content=\"1438\" \/>\n\t<meta property=\"og:image:type\" content=\"image\/jpeg\" \/>\n<meta name=\"author\" content=\"Iva Zaimovi\u0107\" \/>\n<meta name=\"twitter:card\" content=\"summary_large_image\" \/>\n<meta name=\"twitter:label1\" content=\"Napisao\/la\" \/>\n\t<meta name=\"twitter:data1\" content=\"Iva Zaimovi\u0107\" \/>\n\t<meta name=\"twitter:label2\" content=\"Procijenjeno vrijeme \u010ditanja\" \/>\n\t<meta name=\"twitter:data2\" content=\"4 minute\" \/>\n<script type=\"application\/ld+json\" class=\"yoast-schema-graph\">{\"@context\":\"https:\/\/schema.org\",\"@graph\":[{\"@type\":\"WebPage\",\"@id\":\"https:\/\/zaimovic.com.hr\/index.php\/2021\/07\/19\/kontrola-nad-vlastitim-zivotom\/\",\"url\":\"https:\/\/zaimovic.com.hr\/index.php\/2021\/07\/19\/kontrola-nad-vlastitim-zivotom\/\",\"name\":\"Kontrola nad vlastitim \u017eivotom - Iva Zaimovi\u0107\",\"isPartOf\":{\"@id\":\"https:\/\/zaimovic.com.hr\/#website\"},\"primaryImageOfPage\":{\"@id\":\"https:\/\/zaimovic.com.hr\/index.php\/2021\/07\/19\/kontrola-nad-vlastitim-zivotom\/#primaryimage\"},\"image\":{\"@id\":\"https:\/\/zaimovic.com.hr\/index.php\/2021\/07\/19\/kontrola-nad-vlastitim-zivotom\/#primaryimage\"},\"thumbnailUrl\":\"https:\/\/zaimovic.com.hr\/wp-content\/uploads\/2021\/06\/woman-801928_1920.jpg\",\"datePublished\":\"2021-07-19T08:00:00+00:00\",\"dateModified\":\"2024-04-29T10:30:27+00:00\",\"author\":{\"@id\":\"https:\/\/zaimovic.com.hr\/#\/schema\/person\/46635fda1b928c40087a65c50fda63ec\"},\"description\":\"Kontrola nad svojim \u017eivotom? Doga\u0111aji sami po sebi ne odre\u0111uju kako se osje\u0107amo, nego im mi sami pridajemo va\u017enost, percipiramo i definiramo.\",\"breadcrumb\":{\"@id\":\"https:\/\/zaimovic.com.hr\/index.php\/2021\/07\/19\/kontrola-nad-vlastitim-zivotom\/#breadcrumb\"},\"inLanguage\":\"hr\",\"potentialAction\":[{\"@type\":\"ReadAction\",\"target\":[\"https:\/\/zaimovic.com.hr\/index.php\/2021\/07\/19\/kontrola-nad-vlastitim-zivotom\/\"]}]},{\"@type\":\"ImageObject\",\"inLanguage\":\"hr\",\"@id\":\"https:\/\/zaimovic.com.hr\/index.php\/2021\/07\/19\/kontrola-nad-vlastitim-zivotom\/#primaryimage\",\"url\":\"https:\/\/zaimovic.com.hr\/wp-content\/uploads\/2021\/06\/woman-801928_1920.jpg\",\"contentUrl\":\"https:\/\/zaimovic.com.hr\/wp-content\/uploads\/2021\/06\/woman-801928_1920.jpg\",\"width\":1920,\"height\":1438},{\"@type\":\"BreadcrumbList\",\"@id\":\"https:\/\/zaimovic.com.hr\/index.php\/2021\/07\/19\/kontrola-nad-vlastitim-zivotom\/#breadcrumb\",\"itemListElement\":[{\"@type\":\"ListItem\",\"position\":1,\"name\":\"Po\u010detna stranica\",\"item\":\"https:\/\/zaimovic.com.hr\/\"},{\"@type\":\"ListItem\",\"position\":2,\"name\":\"Kontrola nad vlastitim \u017eivotom\"}]},{\"@type\":\"WebSite\",\"@id\":\"https:\/\/zaimovic.com.hr\/#website\",\"url\":\"https:\/\/zaimovic.com.hr\/\",\"name\":\"Iva Zaimovi\u0107\",\"description\":\"Osna\u017dena - balans, ljubav i rast\",\"potentialAction\":[{\"@type\":\"SearchAction\",\"target\":{\"@type\":\"EntryPoint\",\"urlTemplate\":\"https:\/\/zaimovic.com.hr\/?s={search_term_string}\"},\"query-input\":{\"@type\":\"PropertyValueSpecification\",\"valueRequired\":true,\"valueName\":\"search_term_string\"}}],\"inLanguage\":\"hr\"},{\"@type\":\"Person\",\"@id\":\"https:\/\/zaimovic.com.hr\/#\/schema\/person\/46635fda1b928c40087a65c50fda63ec\",\"name\":\"Iva Zaimovi\u0107\",\"image\":{\"@type\":\"ImageObject\",\"inLanguage\":\"hr\",\"@id\":\"https:\/\/zaimovic.com.hr\/#\/schema\/person\/image\/\",\"url\":\"https:\/\/secure.gravatar.com\/avatar\/f945de162461501123845d3f733fe63d?s=96&d=mm&r=g\",\"contentUrl\":\"https:\/\/secure.gravatar.com\/avatar\/f945de162461501123845d3f733fe63d?s=96&d=mm&r=g\",\"caption\":\"Iva Zaimovi\u0107\"},\"sameAs\":[\"https:\/\/zaimovic.com.hr\",\"https:\/\/www.facebook.com\/velikeimalemisli\",\"https:\/\/www.instagram.com\/ivazaimovic\/\"],\"url\":\"https:\/\/zaimovic.com.hr\/index.php\/author\/yrcqptp1bb\/\"}]}<\/script>\n<!-- \/ Yoast SEO plugin. -->","yoast_head_json":{"title":"Kontrola nad vlastitim \u017eivotom - Iva Zaimovi\u0107","description":"Kontrola nad svojim \u017eivotom? Doga\u0111aji sami po sebi ne odre\u0111uju kako se osje\u0107amo, nego im mi sami pridajemo va\u017enost, percipiramo i definiramo.","robots":{"index":"index","follow":"follow","max-snippet":"max-snippet:-1","max-image-preview":"max-image-preview:large","max-video-preview":"max-video-preview:-1"},"canonical":"https:\/\/zaimovic.com.hr\/index.php\/2021\/07\/19\/kontrola-nad-vlastitim-zivotom\/","og_locale":"hr_HR","og_type":"article","og_title":"Kontrola nad vlastitim \u017eivotom - Iva Zaimovi\u0107","og_description":"Kontrola nad svojim \u017eivotom? Doga\u0111aji sami po sebi ne odre\u0111uju kako se osje\u0107amo, nego im mi sami pridajemo va\u017enost, percipiramo i definiramo.","og_url":"https:\/\/zaimovic.com.hr\/index.php\/2021\/07\/19\/kontrola-nad-vlastitim-zivotom\/","og_site_name":"Iva Zaimovi\u0107","article_author":"https:\/\/www.facebook.com\/velikeimalemisli","article_published_time":"2021-07-19T08:00:00+00:00","article_modified_time":"2024-04-29T10:30:27+00:00","og_image":[{"width":1920,"height":1438,"url":"https:\/\/zaimovic.com.hr\/wp-content\/uploads\/2021\/06\/woman-801928_1920.jpg","type":"image\/jpeg"}],"author":"Iva Zaimovi\u0107","twitter_card":"summary_large_image","twitter_misc":{"Napisao\/la":"Iva Zaimovi\u0107","Procijenjeno vrijeme \u010ditanja":"4 minute"},"schema":{"@context":"https:\/\/schema.org","@graph":[{"@type":"WebPage","@id":"https:\/\/zaimovic.com.hr\/index.php\/2021\/07\/19\/kontrola-nad-vlastitim-zivotom\/","url":"https:\/\/zaimovic.com.hr\/index.php\/2021\/07\/19\/kontrola-nad-vlastitim-zivotom\/","name":"Kontrola nad vlastitim \u017eivotom - Iva Zaimovi\u0107","isPartOf":{"@id":"https:\/\/zaimovic.com.hr\/#website"},"primaryImageOfPage":{"@id":"https:\/\/zaimovic.com.hr\/index.php\/2021\/07\/19\/kontrola-nad-vlastitim-zivotom\/#primaryimage"},"image":{"@id":"https:\/\/zaimovic.com.hr\/index.php\/2021\/07\/19\/kontrola-nad-vlastitim-zivotom\/#primaryimage"},"thumbnailUrl":"https:\/\/zaimovic.com.hr\/wp-content\/uploads\/2021\/06\/woman-801928_1920.jpg","datePublished":"2021-07-19T08:00:00+00:00","dateModified":"2024-04-29T10:30:27+00:00","author":{"@id":"https:\/\/zaimovic.com.hr\/#\/schema\/person\/46635fda1b928c40087a65c50fda63ec"},"description":"Kontrola nad svojim \u017eivotom? Doga\u0111aji sami po sebi ne odre\u0111uju kako se osje\u0107amo, nego im mi sami pridajemo va\u017enost, percipiramo i definiramo.","breadcrumb":{"@id":"https:\/\/zaimovic.com.hr\/index.php\/2021\/07\/19\/kontrola-nad-vlastitim-zivotom\/#breadcrumb"},"inLanguage":"hr","potentialAction":[{"@type":"ReadAction","target":["https:\/\/zaimovic.com.hr\/index.php\/2021\/07\/19\/kontrola-nad-vlastitim-zivotom\/"]}]},{"@type":"ImageObject","inLanguage":"hr","@id":"https:\/\/zaimovic.com.hr\/index.php\/2021\/07\/19\/kontrola-nad-vlastitim-zivotom\/#primaryimage","url":"https:\/\/zaimovic.com.hr\/wp-content\/uploads\/2021\/06\/woman-801928_1920.jpg","contentUrl":"https:\/\/zaimovic.com.hr\/wp-content\/uploads\/2021\/06\/woman-801928_1920.jpg","width":1920,"height":1438},{"@type":"BreadcrumbList","@id":"https:\/\/zaimovic.com.hr\/index.php\/2021\/07\/19\/kontrola-nad-vlastitim-zivotom\/#breadcrumb","itemListElement":[{"@type":"ListItem","position":1,"name":"Po\u010detna stranica","item":"https:\/\/zaimovic.com.hr\/"},{"@type":"ListItem","position":2,"name":"Kontrola nad vlastitim \u017eivotom"}]},{"@type":"WebSite","@id":"https:\/\/zaimovic.com.hr\/#website","url":"https:\/\/zaimovic.com.hr\/","name":"Iva Zaimovi\u0107","description":"Osna\u017dena - balans, ljubav i rast","potentialAction":[{"@type":"SearchAction","target":{"@type":"EntryPoint","urlTemplate":"https:\/\/zaimovic.com.hr\/?s={search_term_string}"},"query-input":{"@type":"PropertyValueSpecification","valueRequired":true,"valueName":"search_term_string"}}],"inLanguage":"hr"},{"@type":"Person","@id":"https:\/\/zaimovic.com.hr\/#\/schema\/person\/46635fda1b928c40087a65c50fda63ec","name":"Iva Zaimovi\u0107","image":{"@type":"ImageObject","inLanguage":"hr","@id":"https:\/\/zaimovic.com.hr\/#\/schema\/person\/image\/","url":"https:\/\/secure.gravatar.com\/avatar\/f945de162461501123845d3f733fe63d?s=96&d=mm&r=g","contentUrl":"https:\/\/secure.gravatar.com\/avatar\/f945de162461501123845d3f733fe63d?s=96&d=mm&r=g","caption":"Iva Zaimovi\u0107"},"sameAs":["https:\/\/zaimovic.com.hr","https:\/\/www.facebook.com\/velikeimalemisli","https:\/\/www.instagram.com\/ivazaimovic\/"],"url":"https:\/\/zaimovic.com.hr\/index.php\/author\/yrcqptp1bb\/"}]}},"blog_post_layout_featured_media_urls":{"thumbnail":["https:\/\/zaimovic.com.hr\/wp-content\/uploads\/2021\/06\/woman-801928_1920-150x150.jpg",150,150,true],"full":["https:\/\/zaimovic.com.hr\/wp-content\/uploads\/2021\/06\/woman-801928_1920.jpg",1920,1438,false]},"categories_names":{"65":{"name":"Osobni razvoj","link":"https:\/\/zaimovic.com.hr\/index.php\/category\/osobni-razvoj\/"},"69":{"name":"Pri\u010de i stihovi","link":"https:\/\/zaimovic.com.hr\/index.php\/category\/blog\/price-i-stihovi\/"}},"tags_names":[],"comments_number":"0","_links":{"self":[{"href":"https:\/\/zaimovic.com.hr\/index.php\/wp-json\/wp\/v2\/posts\/453"}],"collection":[{"href":"https:\/\/zaimovic.com.hr\/index.php\/wp-json\/wp\/v2\/posts"}],"about":[{"href":"https:\/\/zaimovic.com.hr\/index.php\/wp-json\/wp\/v2\/types\/post"}],"author":[{"embeddable":true,"href":"https:\/\/zaimovic.com.hr\/index.php\/wp-json\/wp\/v2\/users\/1"}],"replies":[{"embeddable":true,"href":"https:\/\/zaimovic.com.hr\/index.php\/wp-json\/wp\/v2\/comments?post=453"}],"version-history":[{"count":5,"href":"https:\/\/zaimovic.com.hr\/index.php\/wp-json\/wp\/v2\/posts\/453\/revisions"}],"predecessor-version":[{"id":511,"href":"https:\/\/zaimovic.com.hr\/index.php\/wp-json\/wp\/v2\/posts\/453\/revisions\/511"}],"wp:featuredmedia":[{"embeddable":true,"href":"https:\/\/zaimovic.com.hr\/index.php\/wp-json\/wp\/v2\/media\/505"}],"wp:attachment":[{"href":"https:\/\/zaimovic.com.hr\/index.php\/wp-json\/wp\/v2\/media?parent=453"}],"wp:term":[{"taxonomy":"category","embeddable":true,"href":"https:\/\/zaimovic.com.hr\/index.php\/wp-json\/wp\/v2\/categories?post=453"},{"taxonomy":"post_tag","embeddable":true,"href":"https:\/\/zaimovic.com.hr\/index.php\/wp-json\/wp\/v2\/tags?post=453"}],"curies":[{"name":"wp","href":"https:\/\/api.w.org\/{rel}","templated":true}]}}