{"id":455,"date":"2021-11-15T08:00:00","date_gmt":"2021-11-15T08:00:00","guid":{"rendered":"https:\/\/zaimovic.com.hr\/?p=455"},"modified":"2024-04-29T10:35:12","modified_gmt":"2024-04-29T10:35:12","slug":"magla-u-srcu-i-umu","status":"publish","type":"post","link":"https:\/\/zaimovic.com.hr\/index.php\/2021\/11\/15\/magla-u-srcu-i-umu\/","title":{"rendered":"Magla u srcu i umu"},"content":{"rendered":"\n<p>Magla se spustila na taj mali put, skoro kao i na moje srce. Obuzela me sumnji\u010dava maglica koje prije tamo nije bilo. Ne znam od kuda je do\u0161la ni \u0161to tamo tra\u017ei. Zbog nje ne vidim obzor, ne vidim \u0161to me \u010deka nekoliko metara dalje, pa me zapravo prisiljava da \u017eivim korak po korak, dan po dan.<\/p>\n\n\n\n<p>U trenutku vi\u0161e nego ikad prije.<\/p>\n\n\n\n<p>Magla nije ne\u0161to \u0161to me zabrinjava. Treba li me zabrinjavati? Mislim da ne.<\/p>\n\n\n\n<p>Ona je sad jednostavno tu, postoji, a ja joj dopu\u0161tam da je tu i \u010dekam da se razbistri.<\/p>\n\n\n\n<p>A razbistrit \u0107e se, vjerujte mi. Do\u0107i \u0107e trenutak kad \u0107e se magla podi\u0107i, kad \u0107e moje misli i moje srce biti bistri kao nikad prije. Znat \u0107u \u0161to i kako dalje, iako ne\u0107u biti sigurna za\u0161to se uop\u0107e nastanila u mom srcu, u mom umu. No, tako je trebalo biti, sigurna sam u to. <\/p>\n\n\n\n<p>Zato, zahvalna sam na njoj. Dopustila mi je da se odmorim od planiranja, da se odmorim od zabrinutosti za budu\u0107nost, da odmorim od vizualizacije i mogu\u0107ih pritisaka jer nije onako kako bih \u017eeljela da bude.<\/p>\n\n\n\n<p>Magla me pokrivala svojim debelim, mekim pokriva\u010dem i pustila da odmorim.<\/p>\n\n\n\n<p><\/p>\n\n\n\n<p>Iva<\/p>\n\n\n\n<p><\/p>\n\n\n\n<p class=\"has-text-align-right\">PS. Zaprati me na dru\u0161tvenim mre\u017eama:<br>FB stranica: Iva Zaimovi\u0107<br>Instagram profil: @ivazaimovic<\/p>\n","protected":false},"excerpt":{"rendered":"<p>Magla se spustila na taj mali put, skoro kao i na moje srce. Obuzela me sumnji\u010dava maglica koje prije tamo nije bilo. Ne znam od kuda je do\u0161la ni \u0161to tamo tra\u017ei. Zbog nje ne vidim obzor, ne vidim \u0161to me \u010deka nekoliko metara dalje, pa me zapravo prisiljava da \u017eivim korak po korak, dan&hellip;&nbsp;<a href=\"https:\/\/zaimovic.com.hr\/index.php\/2021\/11\/15\/magla-u-srcu-i-umu\/\" rel=\"bookmark\">Read More &raquo;<span class=\"screen-reader-text\">Magla u srcu i umu<\/span><\/a><\/p>\n","protected":false},"author":1,"featured_media":490,"comment_status":"open","ping_status":"open","sticky":false,"template":"","format":"standard","meta":{"neve_meta_sidebar":"","neve_meta_container":"","neve_meta_enable_content_width":"","neve_meta_content_width":0,"neve_meta_title_alignment":"","neve_meta_author_avatar":"","neve_post_elements_order":"","neve_meta_disable_header":"","neve_meta_disable_footer":"","neve_meta_disable_title":"","footnotes":""},"categories":[69],"tags":[],"yoast_head":"<!-- This site is optimized with the Yoast SEO plugin v24.5 - https:\/\/yoast.com\/wordpress\/plugins\/seo\/ -->\n<title>Magla u srcu i umu - Iva Zaimovi\u0107<\/title>\n<meta name=\"description\" content=\"Magla mi je dopustila da se odmorim od planiranja, da se odmorim od zabrinutosti za budu\u0107nost, da odmorim od mogu\u0107ih pritisaka.\" \/>\n<meta name=\"robots\" content=\"index, follow, max-snippet:-1, max-image-preview:large, max-video-preview:-1\" \/>\n<link rel=\"canonical\" href=\"https:\/\/zaimovic.com.hr\/index.php\/2021\/11\/15\/magla-u-srcu-i-umu\/\" \/>\n<meta property=\"og:locale\" content=\"hr_HR\" \/>\n<meta property=\"og:type\" content=\"article\" \/>\n<meta property=\"og:title\" content=\"Magla u srcu i umu - Iva Zaimovi\u0107\" \/>\n<meta property=\"og:description\" content=\"Magla mi je dopustila da se odmorim od planiranja, da se odmorim od zabrinutosti za budu\u0107nost, da odmorim od mogu\u0107ih pritisaka.\" \/>\n<meta property=\"og:url\" content=\"https:\/\/zaimovic.com.hr\/index.php\/2021\/11\/15\/magla-u-srcu-i-umu\/\" \/>\n<meta property=\"og:site_name\" content=\"Iva Zaimovi\u0107\" \/>\n<meta property=\"article:author\" content=\"https:\/\/www.facebook.com\/velikeimalemisli\" \/>\n<meta property=\"article:published_time\" content=\"2021-11-15T08:00:00+00:00\" \/>\n<meta property=\"article:modified_time\" content=\"2024-04-29T10:35:12+00:00\" \/>\n<meta property=\"og:image\" content=\"https:\/\/zaimovic.com.hr\/wp-content\/uploads\/2021\/06\/mountain-landscape-2031539_1280.jpg\" \/>\n\t<meta property=\"og:image:width\" content=\"1280\" \/>\n\t<meta property=\"og:image:height\" content=\"720\" \/>\n\t<meta property=\"og:image:type\" content=\"image\/jpeg\" \/>\n<meta name=\"author\" content=\"Iva Zaimovi\u0107\" \/>\n<meta name=\"twitter:card\" content=\"summary_large_image\" \/>\n<meta name=\"twitter:label1\" content=\"Napisao\/la\" \/>\n\t<meta name=\"twitter:data1\" content=\"Iva Zaimovi\u0107\" \/>\n\t<meta name=\"twitter:label2\" content=\"Procijenjeno vrijeme \u010ditanja\" \/>\n\t<meta name=\"twitter:data2\" content=\"1 minuta\" \/>\n<script type=\"application\/ld+json\" class=\"yoast-schema-graph\">{\"@context\":\"https:\/\/schema.org\",\"@graph\":[{\"@type\":\"WebPage\",\"@id\":\"https:\/\/zaimovic.com.hr\/index.php\/2021\/11\/15\/magla-u-srcu-i-umu\/\",\"url\":\"https:\/\/zaimovic.com.hr\/index.php\/2021\/11\/15\/magla-u-srcu-i-umu\/\",\"name\":\"Magla u srcu i umu - Iva Zaimovi\u0107\",\"isPartOf\":{\"@id\":\"https:\/\/zaimovic.com.hr\/#website\"},\"primaryImageOfPage\":{\"@id\":\"https:\/\/zaimovic.com.hr\/index.php\/2021\/11\/15\/magla-u-srcu-i-umu\/#primaryimage\"},\"image\":{\"@id\":\"https:\/\/zaimovic.com.hr\/index.php\/2021\/11\/15\/magla-u-srcu-i-umu\/#primaryimage\"},\"thumbnailUrl\":\"https:\/\/zaimovic.com.hr\/wp-content\/uploads\/2021\/06\/mountain-landscape-2031539_1280.jpg\",\"datePublished\":\"2021-11-15T08:00:00+00:00\",\"dateModified\":\"2024-04-29T10:35:12+00:00\",\"author\":{\"@id\":\"https:\/\/zaimovic.com.hr\/#\/schema\/person\/46635fda1b928c40087a65c50fda63ec\"},\"description\":\"Magla mi je dopustila da se odmorim od planiranja, da se odmorim od zabrinutosti za budu\u0107nost, da odmorim od mogu\u0107ih pritisaka.\",\"breadcrumb\":{\"@id\":\"https:\/\/zaimovic.com.hr\/index.php\/2021\/11\/15\/magla-u-srcu-i-umu\/#breadcrumb\"},\"inLanguage\":\"hr\",\"potentialAction\":[{\"@type\":\"ReadAction\",\"target\":[\"https:\/\/zaimovic.com.hr\/index.php\/2021\/11\/15\/magla-u-srcu-i-umu\/\"]}]},{\"@type\":\"ImageObject\",\"inLanguage\":\"hr\",\"@id\":\"https:\/\/zaimovic.com.hr\/index.php\/2021\/11\/15\/magla-u-srcu-i-umu\/#primaryimage\",\"url\":\"https:\/\/zaimovic.com.hr\/wp-content\/uploads\/2021\/06\/mountain-landscape-2031539_1280.jpg\",\"contentUrl\":\"https:\/\/zaimovic.com.hr\/wp-content\/uploads\/2021\/06\/mountain-landscape-2031539_1280.jpg\",\"width\":1280,\"height\":720,\"caption\":\"Magla\"},{\"@type\":\"BreadcrumbList\",\"@id\":\"https:\/\/zaimovic.com.hr\/index.php\/2021\/11\/15\/magla-u-srcu-i-umu\/#breadcrumb\",\"itemListElement\":[{\"@type\":\"ListItem\",\"position\":1,\"name\":\"Po\u010detna stranica\",\"item\":\"https:\/\/zaimovic.com.hr\/\"},{\"@type\":\"ListItem\",\"position\":2,\"name\":\"Magla u srcu i umu\"}]},{\"@type\":\"WebSite\",\"@id\":\"https:\/\/zaimovic.com.hr\/#website\",\"url\":\"https:\/\/zaimovic.com.hr\/\",\"name\":\"Iva Zaimovi\u0107\",\"description\":\"Osna\u017dena - balans, ljubav i rast\",\"potentialAction\":[{\"@type\":\"SearchAction\",\"target\":{\"@type\":\"EntryPoint\",\"urlTemplate\":\"https:\/\/zaimovic.com.hr\/?s={search_term_string}\"},\"query-input\":{\"@type\":\"PropertyValueSpecification\",\"valueRequired\":true,\"valueName\":\"search_term_string\"}}],\"inLanguage\":\"hr\"},{\"@type\":\"Person\",\"@id\":\"https:\/\/zaimovic.com.hr\/#\/schema\/person\/46635fda1b928c40087a65c50fda63ec\",\"name\":\"Iva Zaimovi\u0107\",\"image\":{\"@type\":\"ImageObject\",\"inLanguage\":\"hr\",\"@id\":\"https:\/\/zaimovic.com.hr\/#\/schema\/person\/image\/\",\"url\":\"https:\/\/secure.gravatar.com\/avatar\/f945de162461501123845d3f733fe63d?s=96&d=mm&r=g\",\"contentUrl\":\"https:\/\/secure.gravatar.com\/avatar\/f945de162461501123845d3f733fe63d?s=96&d=mm&r=g\",\"caption\":\"Iva Zaimovi\u0107\"},\"sameAs\":[\"https:\/\/zaimovic.com.hr\",\"https:\/\/www.facebook.com\/velikeimalemisli\",\"https:\/\/www.instagram.com\/ivazaimovic\/\"],\"url\":\"https:\/\/zaimovic.com.hr\/index.php\/author\/yrcqptp1bb\/\"}]}<\/script>\n<!-- \/ Yoast SEO plugin. -->","yoast_head_json":{"title":"Magla u srcu i umu - Iva Zaimovi\u0107","description":"Magla mi je dopustila da se odmorim od planiranja, da se odmorim od zabrinutosti za budu\u0107nost, da odmorim od mogu\u0107ih pritisaka.","robots":{"index":"index","follow":"follow","max-snippet":"max-snippet:-1","max-image-preview":"max-image-preview:large","max-video-preview":"max-video-preview:-1"},"canonical":"https:\/\/zaimovic.com.hr\/index.php\/2021\/11\/15\/magla-u-srcu-i-umu\/","og_locale":"hr_HR","og_type":"article","og_title":"Magla u srcu i umu - Iva Zaimovi\u0107","og_description":"Magla mi je dopustila da se odmorim od planiranja, da se odmorim od zabrinutosti za budu\u0107nost, da odmorim od mogu\u0107ih pritisaka.","og_url":"https:\/\/zaimovic.com.hr\/index.php\/2021\/11\/15\/magla-u-srcu-i-umu\/","og_site_name":"Iva Zaimovi\u0107","article_author":"https:\/\/www.facebook.com\/velikeimalemisli","article_published_time":"2021-11-15T08:00:00+00:00","article_modified_time":"2024-04-29T10:35:12+00:00","og_image":[{"width":1280,"height":720,"url":"https:\/\/zaimovic.com.hr\/wp-content\/uploads\/2021\/06\/mountain-landscape-2031539_1280.jpg","type":"image\/jpeg"}],"author":"Iva Zaimovi\u0107","twitter_card":"summary_large_image","twitter_misc":{"Napisao\/la":"Iva Zaimovi\u0107","Procijenjeno vrijeme \u010ditanja":"1 minuta"},"schema":{"@context":"https:\/\/schema.org","@graph":[{"@type":"WebPage","@id":"https:\/\/zaimovic.com.hr\/index.php\/2021\/11\/15\/magla-u-srcu-i-umu\/","url":"https:\/\/zaimovic.com.hr\/index.php\/2021\/11\/15\/magla-u-srcu-i-umu\/","name":"Magla u srcu i umu - Iva Zaimovi\u0107","isPartOf":{"@id":"https:\/\/zaimovic.com.hr\/#website"},"primaryImageOfPage":{"@id":"https:\/\/zaimovic.com.hr\/index.php\/2021\/11\/15\/magla-u-srcu-i-umu\/#primaryimage"},"image":{"@id":"https:\/\/zaimovic.com.hr\/index.php\/2021\/11\/15\/magla-u-srcu-i-umu\/#primaryimage"},"thumbnailUrl":"https:\/\/zaimovic.com.hr\/wp-content\/uploads\/2021\/06\/mountain-landscape-2031539_1280.jpg","datePublished":"2021-11-15T08:00:00+00:00","dateModified":"2024-04-29T10:35:12+00:00","author":{"@id":"https:\/\/zaimovic.com.hr\/#\/schema\/person\/46635fda1b928c40087a65c50fda63ec"},"description":"Magla mi je dopustila da se odmorim od planiranja, da se odmorim od zabrinutosti za budu\u0107nost, da odmorim od mogu\u0107ih pritisaka.","breadcrumb":{"@id":"https:\/\/zaimovic.com.hr\/index.php\/2021\/11\/15\/magla-u-srcu-i-umu\/#breadcrumb"},"inLanguage":"hr","potentialAction":[{"@type":"ReadAction","target":["https:\/\/zaimovic.com.hr\/index.php\/2021\/11\/15\/magla-u-srcu-i-umu\/"]}]},{"@type":"ImageObject","inLanguage":"hr","@id":"https:\/\/zaimovic.com.hr\/index.php\/2021\/11\/15\/magla-u-srcu-i-umu\/#primaryimage","url":"https:\/\/zaimovic.com.hr\/wp-content\/uploads\/2021\/06\/mountain-landscape-2031539_1280.jpg","contentUrl":"https:\/\/zaimovic.com.hr\/wp-content\/uploads\/2021\/06\/mountain-landscape-2031539_1280.jpg","width":1280,"height":720,"caption":"Magla"},{"@type":"BreadcrumbList","@id":"https:\/\/zaimovic.com.hr\/index.php\/2021\/11\/15\/magla-u-srcu-i-umu\/#breadcrumb","itemListElement":[{"@type":"ListItem","position":1,"name":"Po\u010detna stranica","item":"https:\/\/zaimovic.com.hr\/"},{"@type":"ListItem","position":2,"name":"Magla u srcu i umu"}]},{"@type":"WebSite","@id":"https:\/\/zaimovic.com.hr\/#website","url":"https:\/\/zaimovic.com.hr\/","name":"Iva Zaimovi\u0107","description":"Osna\u017dena - balans, ljubav i rast","potentialAction":[{"@type":"SearchAction","target":{"@type":"EntryPoint","urlTemplate":"https:\/\/zaimovic.com.hr\/?s={search_term_string}"},"query-input":{"@type":"PropertyValueSpecification","valueRequired":true,"valueName":"search_term_string"}}],"inLanguage":"hr"},{"@type":"Person","@id":"https:\/\/zaimovic.com.hr\/#\/schema\/person\/46635fda1b928c40087a65c50fda63ec","name":"Iva Zaimovi\u0107","image":{"@type":"ImageObject","inLanguage":"hr","@id":"https:\/\/zaimovic.com.hr\/#\/schema\/person\/image\/","url":"https:\/\/secure.gravatar.com\/avatar\/f945de162461501123845d3f733fe63d?s=96&d=mm&r=g","contentUrl":"https:\/\/secure.gravatar.com\/avatar\/f945de162461501123845d3f733fe63d?s=96&d=mm&r=g","caption":"Iva Zaimovi\u0107"},"sameAs":["https:\/\/zaimovic.com.hr","https:\/\/www.facebook.com\/velikeimalemisli","https:\/\/www.instagram.com\/ivazaimovic\/"],"url":"https:\/\/zaimovic.com.hr\/index.php\/author\/yrcqptp1bb\/"}]}},"blog_post_layout_featured_media_urls":{"thumbnail":["https:\/\/zaimovic.com.hr\/wp-content\/uploads\/2021\/06\/mountain-landscape-2031539_1280-150x150.jpg",150,150,true],"full":["https:\/\/zaimovic.com.hr\/wp-content\/uploads\/2021\/06\/mountain-landscape-2031539_1280.jpg",1280,720,false]},"categories_names":{"69":{"name":"Pri\u010de i stihovi","link":"https:\/\/zaimovic.com.hr\/index.php\/category\/blog\/price-i-stihovi\/"}},"tags_names":[],"comments_number":"0","_links":{"self":[{"href":"https:\/\/zaimovic.com.hr\/index.php\/wp-json\/wp\/v2\/posts\/455"}],"collection":[{"href":"https:\/\/zaimovic.com.hr\/index.php\/wp-json\/wp\/v2\/posts"}],"about":[{"href":"https:\/\/zaimovic.com.hr\/index.php\/wp-json\/wp\/v2\/types\/post"}],"author":[{"embeddable":true,"href":"https:\/\/zaimovic.com.hr\/index.php\/wp-json\/wp\/v2\/users\/1"}],"replies":[{"embeddable":true,"href":"https:\/\/zaimovic.com.hr\/index.php\/wp-json\/wp\/v2\/comments?post=455"}],"version-history":[{"count":3,"href":"https:\/\/zaimovic.com.hr\/index.php\/wp-json\/wp\/v2\/posts\/455\/revisions"}],"predecessor-version":[{"id":492,"href":"https:\/\/zaimovic.com.hr\/index.php\/wp-json\/wp\/v2\/posts\/455\/revisions\/492"}],"wp:featuredmedia":[{"embeddable":true,"href":"https:\/\/zaimovic.com.hr\/index.php\/wp-json\/wp\/v2\/media\/490"}],"wp:attachment":[{"href":"https:\/\/zaimovic.com.hr\/index.php\/wp-json\/wp\/v2\/media?parent=455"}],"wp:term":[{"taxonomy":"category","embeddable":true,"href":"https:\/\/zaimovic.com.hr\/index.php\/wp-json\/wp\/v2\/categories?post=455"},{"taxonomy":"post_tag","embeddable":true,"href":"https:\/\/zaimovic.com.hr\/index.php\/wp-json\/wp\/v2\/tags?post=455"}],"curies":[{"name":"wp","href":"https:\/\/api.w.org\/{rel}","templated":true}]}}