{"id":5,"date":"2020-08-28T12:24:04","date_gmt":"2020-08-28T12:24:04","guid":{"rendered":"http:\/\/zaimovic.com.hr\/?p=5"},"modified":"2024-04-29T10:43:46","modified_gmt":"2024-04-29T10:43:46","slug":"majcinstvo-moja-prica","status":"publish","type":"post","link":"https:\/\/zaimovic.com.hr\/index.php\/2020\/08\/28\/majcinstvo-moja-prica\/","title":{"rendered":"Maj\u010dinstvo i osobni rast &#8211; moja pri\u010da"},"content":{"rendered":"\n<p><br><\/p>\n\n\n\n<p><em><strong>Dok ti svakodnevno podr\u017eava\u0161 svoju obitelj, ja osna\u017eujem tebe, nje\u017eno te podsje\u0107am da brine\u0161 o sebi i njeguje\u0161 svoje odnose s potpuno DRUGA\u010cIJIM UVJERENJIMA.<\/strong><\/em> <br>Maj\u010dinstvo je \u017eivotni poziv koji traje 0-24h i tjera nas na stalno u\u010denje o sebi i svijetu oko sebe. Ako se s time sla\u017ee\u0161, na pravom si mjestu &#8211; \u010ditaj dalje \ud83d\ude42 <\/p>\n\n\n\n<p><\/p>\n\n\n\n<p>Prije nego sam krenula u svoju psihoterapijsku edukaciju (putovanje u trajanju od 5 godina) vjerovala sam da me\u00a0<strong>moje okolnosti odre\u0111uju<\/strong>, odnosno da o okolnostima ovise moji postupci, moje emocije, da drugi ljudi mogu posti\u0107i ili pak uzrokovati da se ja osje\u0107am ljuto, tu\u017eno ili sretno i zadovoljno. Poznato?<\/p>\n\n\n\n<p>Stalno sam&nbsp;<strong>\u201ebila pod stresom\u201c<\/strong>&nbsp;ne znaju\u0107i da je stres moj osje\u0107aj koji je tu da mi poka\u017ee da ne\u0161to nije u redu i na temelju kojeg mogu ne\u0161to poduzeti. Bila sam <strong>nezadovoljna<\/strong> misle\u0107i da moje zadovoljstvo uzrokuje neki VANJSKI FAKTOR. Naj\u010de\u0161\u0107e ono \u0161to ne mogu promijeniti. Poznato?<\/p>\n\n\n\n<p>Nisam se osje\u0107ala dobro u ve\u0107ini svojih odnosa jer sam mislila da moram biti netko drugi. Bilo mi je \u010dudno \u0161to se nekad radije izoliram, \u0161to mi veliko dru\u0161tvo i izlaganje ne odgovara, \u0161to ne znam \u201e\u010davrljati\u201c i nikako nisam pronalazila balans izme\u0111u \u201eprevi\u0161e\u201c i \u201epremalo\u201c jer su me drugi uvjerili u to da sam \u201epre\u201c. \u010cesto sam uti\u0161avala svoje emocije jer sam mislila da sam preosjetljiva.<\/p>\n\n\n\n<p>&nbsp;A ovo?<\/p>\n\n\n\n<p><em>(P.S. Sve to, kad sam prihvatila i krenula raditi na onome \u0161to mogu i \u017dELIM, pretvorila sam u svoje snage.)<\/em><\/p>\n\n\n\n<p><strong>Mislila sam da \u0107u tako \u017eivjeti zauvijek, ne propituju\u0107i istinitost svojih vjerovanja o sebi i svijetu oko sebe, ali ujedno me ipak ne\u0161to KOPKALO.<\/strong><\/p>\n\n\n\n<p><strong>Nisam znala da sam postala \u017ertva u svom \u017eivotu \u0161to se samo produbilo kad sam postala mama. <\/strong>Maj\u010dinstvo vrlo lako preplavi sva na\u0161a \u017eivotna podru\u010dja, a ipak, nismo samo mame, zar ne? I to me kopkalo dok nisam otkrila SVOJ put u svom maj\u010dinstvu.<\/p>\n\n\n\n<p>Ako ti je, kao i meni, jako va\u017ena potreba za slobodom i osje\u0107a\u0161 gu\u0161enje i zarobljenost kad ona nije zadovoljena na na\u010din na koji bi ti to \u017eeljela ili u opsegu koji ti je potreban &#8211;\u00a0<strong>\u010cUJEM TE<\/strong> jer sam i sama tra\u017eila na krivim mjestima dok nisam shvatila da u novim okolnostima moram prona\u0107i nove na\u010dine.<\/p>\n\n\n\n<p>Mnoge mame s kojima radim postanu <strong>\u017ertve vlastitog maj\u010dinstva<\/strong>. A ja znam da mo\u017eemo \u017eivjeti lako\u0107u \u017eivota uz maj\u010dinstvo.<\/p>\n\n\n\n<p><strong>SADA istinski vjerujem da je promjena mogu\u0107a za svakoga.<\/strong>\u00a0<\/p>\n\n\n\n<p><br><\/p>\n\n\n\n<div class=\"wp-block-media-text is-stacked-on-mobile\"><figure class=\"wp-block-media-text__media\"><img fetchpriority=\"high\" decoding=\"async\" width=\"1024\" height=\"683\" src=\"https:\/\/zaimovic.com.hr\/wp-content\/uploads\/2023\/01\/IMG_5137-1024x683.jpg\" alt=\"\" class=\"wp-image-750 size-full\" srcset=\"https:\/\/zaimovic.com.hr\/wp-content\/uploads\/2023\/01\/IMG_5137-1024x683.jpg 1024w, https:\/\/zaimovic.com.hr\/wp-content\/uploads\/2023\/01\/IMG_5137-300x200.jpg 300w, https:\/\/zaimovic.com.hr\/wp-content\/uploads\/2023\/01\/IMG_5137-768x512.jpg 768w, https:\/\/zaimovic.com.hr\/wp-content\/uploads\/2023\/01\/IMG_5137-850x567.jpg 850w, https:\/\/zaimovic.com.hr\/wp-content\/uploads\/2023\/01\/IMG_5137-1320x880.jpg 1320w, https:\/\/zaimovic.com.hr\/wp-content\/uploads\/2023\/01\/IMG_5137.jpg 1500w\" sizes=\"(max-width: 1024px) 100vw, 1024px\" \/><\/figure><div class=\"wp-block-media-text__content\">\n<p><strong>Dokaz sam prvo ja, a onda 100+ sati rada i klijenata koji su preuzeli konce svog \u017eivota u svoje ruke, a s kojima sam radila:<\/strong><\/p>\n\n\n\n<ul>\n<li>Privatno savjetovanje<\/li>\n\n\n\n<li>Partnersko i roditeljsko savjetovanje i grupe podr\u0161ke za roditelje<\/li>\n\n\n\n<li>Grupe podr\u0161ke majkama i poduzetnicama<\/li>\n\n\n\n<li>Razli\u010dite edukacije, seminare\/webinare i radionice.<\/li>\n<\/ul>\n<\/div><\/div>\n\n\n\n<p><br><\/p>\n\n\n\n<p><\/p>\n\n\n\n<p class=\"has-text-align-center has-medium-font-size\"><strong>Vjerujem da maj\u010dinstvo mo\u017ee biti VJETAR U LE\u0110A samo kada ispod sebe ima\u0161 stabilnu i \u010dvrstu potporu.<\/strong><\/p>\n\n\n\n<p><br><\/p>\n\n\n\n<p><\/p>\n\n\n\n<p>Iako mo\u017eda TI sumnja\u0161 u to,&nbsp;<strong>JA vjerujem u tebe.<\/strong>&nbsp;I ponekad je to za po\u010detak \u2013 dovoljno.<\/p>\n\n\n\n<p>Vjerujem i da je tvoja obitelj jedan od razloga za\u0161to si ovdje i tra\u017ei\u0161 odgovore i rje\u0161enja. <br>Mo\u017eda vjeruje\u0161 da sve \u0161to radi\u0161, radi\u0161 za svoju obitelj, da \u017eeli\u0161 biti bolja mama,\u00a0<strong>\u017eeli\u0161 biti dobar primjer svom djetetu\u00a0<\/strong>kako bi ono danas sutra izraslo u mladu osobu zdravog samopo\u0161tovanja i visokog samopouzdanja, osobu koja \u0107e brinuti o sebi, zauzimati se za sebe i vjerovati u svoje snove, svoje sposobnosti i talente.<\/p>\n\n\n\n<p>U jednom periodu sam mislila da moram nau\u010diti silne roditeljske vje\u0161tine, nau\u010diti ispravno govoriti, biti uvijek ispravna kako bi moje dijete ispalo ovakvo ili onakvo kako bi bila super mama i zadovoljna svojim maj\u010dinstvo.<\/p>\n\n\n\n<p><strong>Zna\u0161 \u0161to sada vjerujem?<\/strong><\/p>\n\n\n\n<p><br><\/p>\n\n\n\n<p class=\"has-text-align-center has-medium-font-size\"><strong>RODITELJSTVO je rad na sebi, a ne na djetetu. Savr\u0161eno maj\u010dinstvo ne postoji, kao ni najbolje odluke, najbolje re\u010denice koje \u0107e\u0161 uputiti djetetu kad mu to treba.<\/strong><\/p>\n\n\n\n<p><br><\/p>\n\n\n\n<p>Kako bi mogla raditi na sebi, otvorena srca i svih mogu\u0107nosti treba\u0161&nbsp;<strong>napuniti svoje baterije brinu\u0107i o sebi<\/strong>&nbsp;jer tako \u0107e\u0161 najbolje mo\u0107i brinuti za svoju obitelj. Svoje gnijezdo ljubavi i pripadanja.<\/p>\n\n\n\n<p><strong>Kad radimo ne\u0161to ZA SEBE zapravo radimo ne\u0161to dobro i za sve ljude oko sebe. To nisam istinski znala sve dok nisam postala mama i krenula osje\u0107ati brdo maj\u010dinske krivnje kad sam bilo \u0161to radila \u201eza sebe\u201c.<\/strong><\/p>\n\n\n\n<p>Kad radimo za sebe, punimo svoju \u010da\u0161u i mo\u017eemo to preliti dalje. I onda mo\u017eemo biti ona opu\u0161tena i vedra \u017eena puna dobre zarazne energije, umjesto ona koja stoji po strani i s dozom ljubomore gleda tu \u017eenu i zapravo \u017eeli biti ta \u017eena.<\/p>\n\n\n\n<p><br><\/p>\n\n\n\n<p><\/p>\n\n\n\n<div class=\"wp-block-media-text is-stacked-on-mobile\"><figure class=\"wp-block-media-text__media\"><img decoding=\"async\" width=\"1024\" height=\"683\" src=\"https:\/\/zaimovic.com.hr\/wp-content\/uploads\/2020\/08\/IMG_4420-1024x683.jpg\" alt=\"\" class=\"wp-image-910 size-full\" srcset=\"https:\/\/zaimovic.com.hr\/wp-content\/uploads\/2020\/08\/IMG_4420-1024x683.jpg 1024w, https:\/\/zaimovic.com.hr\/wp-content\/uploads\/2020\/08\/IMG_4420-300x200.jpg 300w, https:\/\/zaimovic.com.hr\/wp-content\/uploads\/2020\/08\/IMG_4420-768x512.jpg 768w, https:\/\/zaimovic.com.hr\/wp-content\/uploads\/2020\/08\/IMG_4420-850x567.jpg 850w, https:\/\/zaimovic.com.hr\/wp-content\/uploads\/2020\/08\/IMG_4420-1320x880.jpg 1320w, https:\/\/zaimovic.com.hr\/wp-content\/uploads\/2020\/08\/IMG_4420.jpg 1500w\" sizes=\"(max-width: 1024px) 100vw, 1024px\" \/><\/figure><div class=\"wp-block-media-text__content\">\n<p class=\"has-medium-font-size\"><strong>Vjerujem da mi sve mo\u017eemo biti TA \u017dENA!\u00a0<\/strong>\u00a0Puna zarazne \u017eivotne energije.<\/p>\n<\/div><\/div>\n\n\n\n<p><br><\/p>\n\n\n\n<p><\/p>\n\n\n\n<p class=\"has-medium-font-size\"><strong>MOJA \u017dIVOTNA FILOZOFIJA:<\/strong><\/p>\n\n\n\n<p>E da, ne obe\u0107avam ti brzu transformaciju, ali obe\u0107avam siguran i ugodan prostor za propitivanje vlastitih uvjerenja i mogu\u0107nost mijenjanja onih koja te sprje\u010davaju da bude\u0161 samopouzdana i slobodna, da vjeruje\u0161 sebi i u sebe, da \u017eivi\u0161 maj\u010dinstvo s lako\u0107om.<\/p>\n\n\n\n<p>Jer, divna si ve\u0107 ovakva kakva jesi. Ja sam tu da te osna\u017eim za sve \u0161to mo\u017ee\u0161 i \u017eeli\u0161 postati.<\/p>\n\n\n\n<p>Svoj rad baziram na <strong>socijalnoj pedagogiji i znanjima iz psihoterapije<\/strong>, odnosno najvi\u0161e Realitetne terapije (polaznica sam zadnje godine), tako\u0111er koristim razli\u010dite kreativne metode i tehnike poput pri\u010da, razli\u010dite formulare i pitanja za samouvid i promi\u0161ljanje te asocijativne karte.<\/p>\n\n\n\n<p><strong>Tijekom zadnjih 9 godina<\/strong>\u00a0ulagala sam u sebe, polazila razli\u010dite edukacije, odnosno radila sam na temeljima koji su meni promijenili moj \u017eivot, a u skladu s tim krenula sam raditi ono \u0161to najbolje znam \u2013 pru\u017eati podr\u0161ku i osna\u017eiti druge \u017eene na njihovom putu.<\/p>\n\n\n\n<p><br><\/p>\n\n\n\n<p class=\"has-text-align-center has-large-font-size\"><strong>Vjerujem da smo sve mo\u0107ne gospodarice svog \u017eivota, a ne list no\u0161en na vjetru svakodnevnih izazova.<\/strong><\/p>\n\n\n\n<p><br><\/p>\n\n\n\n<p class=\"has-background\" style=\"background-color:#e8bbb2\"><strong>OSTANIMO POVEZANE<\/strong><\/p>\n\n\n\n<p class=\"has-background\" style=\"background-color:#e8bbb2\">Na koje sve na\u010dine mo\u017ee\u0161 raditi sa mnom, pogledaj <a href=\"https:\/\/zaimovic.com.hr\/\">OVDJE<\/a> ili mi se javi na <strong>mail: iva@zaimovic.com.hr<\/strong> <\/p>\n\n\n\n<p class=\"has-background\" style=\"background-color:#e8bbb2\">Predla\u017eem da se, ako ve\u0107 nismo, pove\u017eemo na mojoj newsletter listi koja je postala divna i prisna zajednica \u017eena koje dobivaju najbolje lekcije, savjete i posebne ponude. S prijavom dobiva\u0161 besplatno <strong>VODI\u010c ZA BRIGU O SEBI (bez maj\u010dinske krivnje)<\/strong> kako bi napravila prvi korak prema svjesnijem maj\u010dinstvu. Prijavi se <a href=\"https:\/\/dashboard.mailerlite.com\/forms\/577313\/115132620124194320\/share\">OVDJE<\/a>. <\/p>\n\n\n\n<p class=\"has-background\" style=\"background-color:#e8bbb2\">Podcast <strong>Mama nije samo mama<\/strong> jednom mjese\u010dno donosi zanimljive i uvijek aktualne teme maj\u010dinstva, brige o sebi, partnerskog odnosa nakon dolaska djeteta te odgoja, slu\u0161aj <a href=\"https:\/\/podcasters.spotify.com\/pod\/show\/iva-zaimoviu0107\">OVDJE<\/a>.<\/p>\n\n\n\n<p><br>Kod mene nema pravila. <\/p>\n\n\n\n<p>Va\u017ena si samo TI. <\/p>\n\n\n\n<p><\/p>\n\n\n\n<p>Iva \ud83d\ude42 <\/p>\n","protected":false},"excerpt":{"rendered":"<p>Dok ti svakodnevno podr\u017eava\u0161 svoju obitelj, ja osna\u017eujem tebe, nje\u017eno te podsje\u0107am da brine\u0161 o sebi i njeguje\u0161 svoje odnose s potpuno DRUGA\u010cIJIM UVJERENJIMA. Maj\u010dinstvo je \u017eivotni poziv koji traje 0-24h i tjera nas na stalno u\u010denje o sebi i svijetu oko sebe. Ako se s time sla\u017ee\u0161, na pravom si mjestu &#8211; \u010ditaj dalje&hellip;&nbsp;<a href=\"https:\/\/zaimovic.com.hr\/index.php\/2020\/08\/28\/majcinstvo-moja-prica\/\" rel=\"bookmark\">Read More &raquo;<span class=\"screen-reader-text\">Maj\u010dinstvo i osobni rast &#8211; moja pri\u010da<\/span><\/a><\/p>\n","protected":false},"author":1,"featured_media":911,"comment_status":"open","ping_status":"open","sticky":false,"template":"","format":"standard","meta":{"neve_meta_sidebar":"","neve_meta_container":"","neve_meta_enable_content_width":"","neve_meta_content_width":0,"neve_meta_title_alignment":"","neve_meta_author_avatar":"","neve_post_elements_order":"","neve_meta_disable_header":"","neve_meta_disable_footer":"","neve_meta_disable_title":"","footnotes":""},"categories":[70,31],"tags":[],"yoast_head":"<!-- This site is optimized with the Yoast SEO plugin v24.5 - https:\/\/yoast.com\/wordpress\/plugins\/seo\/ -->\n<title>Maj\u010dinstvo i osobni rast - moja pri\u010da - Iva Zaimovi\u0107<\/title>\n<meta name=\"description\" content=\"Prona\u0111i savjetovanje i grupnu podr\u0161ku na putu kroz maj\u010dinstvo od strane socijalne pedagoginje, edukantice psihoterapije, supruge i mame.\" \/>\n<meta name=\"robots\" content=\"index, follow, max-snippet:-1, max-image-preview:large, max-video-preview:-1\" \/>\n<link rel=\"canonical\" href=\"https:\/\/zaimovic.com.hr\/index.php\/2020\/08\/28\/majcinstvo-moja-prica\/\" \/>\n<meta property=\"og:locale\" content=\"hr_HR\" \/>\n<meta property=\"og:type\" content=\"article\" \/>\n<meta property=\"og:title\" content=\"Maj\u010dinstvo i osobni rast - moja pri\u010da - Iva Zaimovi\u0107\" \/>\n<meta property=\"og:description\" content=\"Prona\u0111i savjetovanje i grupnu podr\u0161ku na putu kroz maj\u010dinstvo od strane socijalne pedagoginje, edukantice psihoterapije, supruge i mame.\" \/>\n<meta property=\"og:url\" content=\"https:\/\/zaimovic.com.hr\/index.php\/2020\/08\/28\/majcinstvo-moja-prica\/\" \/>\n<meta property=\"og:site_name\" content=\"Iva Zaimovi\u0107\" \/>\n<meta property=\"article:author\" content=\"https:\/\/www.facebook.com\/velikeimalemisli\" \/>\n<meta property=\"article:published_time\" content=\"2020-08-28T12:24:04+00:00\" \/>\n<meta property=\"article:modified_time\" content=\"2024-04-29T10:43:46+00:00\" \/>\n<meta property=\"og:image\" content=\"https:\/\/zaimovic.com.hr\/wp-content\/uploads\/2020\/08\/IMG_4219.jpg\" \/>\n\t<meta property=\"og:image:width\" content=\"1500\" \/>\n\t<meta property=\"og:image:height\" content=\"1000\" \/>\n\t<meta property=\"og:image:type\" content=\"image\/jpeg\" \/>\n<meta name=\"author\" content=\"Iva Zaimovi\u0107\" \/>\n<meta name=\"twitter:card\" content=\"summary_large_image\" \/>\n<meta name=\"twitter:label1\" content=\"Napisao\/la\" \/>\n\t<meta name=\"twitter:data1\" content=\"Iva Zaimovi\u0107\" \/>\n\t<meta name=\"twitter:label2\" content=\"Procijenjeno vrijeme \u010ditanja\" \/>\n\t<meta name=\"twitter:data2\" content=\"7 minuta\" \/>\n<script type=\"application\/ld+json\" class=\"yoast-schema-graph\">{\"@context\":\"https:\/\/schema.org\",\"@graph\":[{\"@type\":\"WebPage\",\"@id\":\"https:\/\/zaimovic.com.hr\/index.php\/2020\/08\/28\/majcinstvo-moja-prica\/\",\"url\":\"https:\/\/zaimovic.com.hr\/index.php\/2020\/08\/28\/majcinstvo-moja-prica\/\",\"name\":\"Maj\u010dinstvo i osobni rast - moja pri\u010da - Iva Zaimovi\u0107\",\"isPartOf\":{\"@id\":\"https:\/\/zaimovic.com.hr\/#website\"},\"primaryImageOfPage\":{\"@id\":\"https:\/\/zaimovic.com.hr\/index.php\/2020\/08\/28\/majcinstvo-moja-prica\/#primaryimage\"},\"image\":{\"@id\":\"https:\/\/zaimovic.com.hr\/index.php\/2020\/08\/28\/majcinstvo-moja-prica\/#primaryimage\"},\"thumbnailUrl\":\"https:\/\/zaimovic.com.hr\/wp-content\/uploads\/2020\/08\/IMG_4219.jpg\",\"datePublished\":\"2020-08-28T12:24:04+00:00\",\"dateModified\":\"2024-04-29T10:43:46+00:00\",\"author\":{\"@id\":\"https:\/\/zaimovic.com.hr\/#\/schema\/person\/46635fda1b928c40087a65c50fda63ec\"},\"description\":\"Prona\u0111i savjetovanje i grupnu podr\u0161ku na putu kroz maj\u010dinstvo od strane socijalne pedagoginje, edukantice psihoterapije, supruge i mame.\",\"breadcrumb\":{\"@id\":\"https:\/\/zaimovic.com.hr\/index.php\/2020\/08\/28\/majcinstvo-moja-prica\/#breadcrumb\"},\"inLanguage\":\"hr\",\"potentialAction\":[{\"@type\":\"ReadAction\",\"target\":[\"https:\/\/zaimovic.com.hr\/index.php\/2020\/08\/28\/majcinstvo-moja-prica\/\"]}]},{\"@type\":\"ImageObject\",\"inLanguage\":\"hr\",\"@id\":\"https:\/\/zaimovic.com.hr\/index.php\/2020\/08\/28\/majcinstvo-moja-prica\/#primaryimage\",\"url\":\"https:\/\/zaimovic.com.hr\/wp-content\/uploads\/2020\/08\/IMG_4219.jpg\",\"contentUrl\":\"https:\/\/zaimovic.com.hr\/wp-content\/uploads\/2020\/08\/IMG_4219.jpg\",\"width\":1500,\"height\":1000,\"caption\":\"Maj\u010dinstvo, Iva Zaimovi\u0107, savjetovanje, psihoterapija\"},{\"@type\":\"BreadcrumbList\",\"@id\":\"https:\/\/zaimovic.com.hr\/index.php\/2020\/08\/28\/majcinstvo-moja-prica\/#breadcrumb\",\"itemListElement\":[{\"@type\":\"ListItem\",\"position\":1,\"name\":\"Po\u010detna stranica\",\"item\":\"https:\/\/zaimovic.com.hr\/\"},{\"@type\":\"ListItem\",\"position\":2,\"name\":\"Maj\u010dinstvo i osobni rast &#8211; moja pri\u010da\"}]},{\"@type\":\"WebSite\",\"@id\":\"https:\/\/zaimovic.com.hr\/#website\",\"url\":\"https:\/\/zaimovic.com.hr\/\",\"name\":\"Iva Zaimovi\u0107\",\"description\":\"Osna\u017dena - balans, ljubav i rast\",\"potentialAction\":[{\"@type\":\"SearchAction\",\"target\":{\"@type\":\"EntryPoint\",\"urlTemplate\":\"https:\/\/zaimovic.com.hr\/?s={search_term_string}\"},\"query-input\":{\"@type\":\"PropertyValueSpecification\",\"valueRequired\":true,\"valueName\":\"search_term_string\"}}],\"inLanguage\":\"hr\"},{\"@type\":\"Person\",\"@id\":\"https:\/\/zaimovic.com.hr\/#\/schema\/person\/46635fda1b928c40087a65c50fda63ec\",\"name\":\"Iva Zaimovi\u0107\",\"image\":{\"@type\":\"ImageObject\",\"inLanguage\":\"hr\",\"@id\":\"https:\/\/zaimovic.com.hr\/#\/schema\/person\/image\/\",\"url\":\"https:\/\/secure.gravatar.com\/avatar\/f945de162461501123845d3f733fe63d?s=96&d=mm&r=g\",\"contentUrl\":\"https:\/\/secure.gravatar.com\/avatar\/f945de162461501123845d3f733fe63d?s=96&d=mm&r=g\",\"caption\":\"Iva Zaimovi\u0107\"},\"sameAs\":[\"https:\/\/zaimovic.com.hr\",\"https:\/\/www.facebook.com\/velikeimalemisli\",\"https:\/\/www.instagram.com\/ivazaimovic\/\"],\"url\":\"https:\/\/zaimovic.com.hr\/index.php\/author\/yrcqptp1bb\/\"}]}<\/script>\n<!-- \/ Yoast SEO plugin. -->","yoast_head_json":{"title":"Maj\u010dinstvo i osobni rast - moja pri\u010da - Iva Zaimovi\u0107","description":"Prona\u0111i savjetovanje i grupnu podr\u0161ku na putu kroz maj\u010dinstvo od strane socijalne pedagoginje, edukantice psihoterapije, supruge i mame.","robots":{"index":"index","follow":"follow","max-snippet":"max-snippet:-1","max-image-preview":"max-image-preview:large","max-video-preview":"max-video-preview:-1"},"canonical":"https:\/\/zaimovic.com.hr\/index.php\/2020\/08\/28\/majcinstvo-moja-prica\/","og_locale":"hr_HR","og_type":"article","og_title":"Maj\u010dinstvo i osobni rast - moja pri\u010da - Iva Zaimovi\u0107","og_description":"Prona\u0111i savjetovanje i grupnu podr\u0161ku na putu kroz maj\u010dinstvo od strane socijalne pedagoginje, edukantice psihoterapije, supruge i mame.","og_url":"https:\/\/zaimovic.com.hr\/index.php\/2020\/08\/28\/majcinstvo-moja-prica\/","og_site_name":"Iva Zaimovi\u0107","article_author":"https:\/\/www.facebook.com\/velikeimalemisli","article_published_time":"2020-08-28T12:24:04+00:00","article_modified_time":"2024-04-29T10:43:46+00:00","og_image":[{"width":1500,"height":1000,"url":"https:\/\/zaimovic.com.hr\/wp-content\/uploads\/2020\/08\/IMG_4219.jpg","type":"image\/jpeg"}],"author":"Iva Zaimovi\u0107","twitter_card":"summary_large_image","twitter_misc":{"Napisao\/la":"Iva Zaimovi\u0107","Procijenjeno vrijeme \u010ditanja":"7 minuta"},"schema":{"@context":"https:\/\/schema.org","@graph":[{"@type":"WebPage","@id":"https:\/\/zaimovic.com.hr\/index.php\/2020\/08\/28\/majcinstvo-moja-prica\/","url":"https:\/\/zaimovic.com.hr\/index.php\/2020\/08\/28\/majcinstvo-moja-prica\/","name":"Maj\u010dinstvo i osobni rast - moja pri\u010da - Iva Zaimovi\u0107","isPartOf":{"@id":"https:\/\/zaimovic.com.hr\/#website"},"primaryImageOfPage":{"@id":"https:\/\/zaimovic.com.hr\/index.php\/2020\/08\/28\/majcinstvo-moja-prica\/#primaryimage"},"image":{"@id":"https:\/\/zaimovic.com.hr\/index.php\/2020\/08\/28\/majcinstvo-moja-prica\/#primaryimage"},"thumbnailUrl":"https:\/\/zaimovic.com.hr\/wp-content\/uploads\/2020\/08\/IMG_4219.jpg","datePublished":"2020-08-28T12:24:04+00:00","dateModified":"2024-04-29T10:43:46+00:00","author":{"@id":"https:\/\/zaimovic.com.hr\/#\/schema\/person\/46635fda1b928c40087a65c50fda63ec"},"description":"Prona\u0111i savjetovanje i grupnu podr\u0161ku na putu kroz maj\u010dinstvo od strane socijalne pedagoginje, edukantice psihoterapije, supruge i mame.","breadcrumb":{"@id":"https:\/\/zaimovic.com.hr\/index.php\/2020\/08\/28\/majcinstvo-moja-prica\/#breadcrumb"},"inLanguage":"hr","potentialAction":[{"@type":"ReadAction","target":["https:\/\/zaimovic.com.hr\/index.php\/2020\/08\/28\/majcinstvo-moja-prica\/"]}]},{"@type":"ImageObject","inLanguage":"hr","@id":"https:\/\/zaimovic.com.hr\/index.php\/2020\/08\/28\/majcinstvo-moja-prica\/#primaryimage","url":"https:\/\/zaimovic.com.hr\/wp-content\/uploads\/2020\/08\/IMG_4219.jpg","contentUrl":"https:\/\/zaimovic.com.hr\/wp-content\/uploads\/2020\/08\/IMG_4219.jpg","width":1500,"height":1000,"caption":"Maj\u010dinstvo, Iva Zaimovi\u0107, savjetovanje, psihoterapija"},{"@type":"BreadcrumbList","@id":"https:\/\/zaimovic.com.hr\/index.php\/2020\/08\/28\/majcinstvo-moja-prica\/#breadcrumb","itemListElement":[{"@type":"ListItem","position":1,"name":"Po\u010detna stranica","item":"https:\/\/zaimovic.com.hr\/"},{"@type":"ListItem","position":2,"name":"Maj\u010dinstvo i osobni rast &#8211; moja pri\u010da"}]},{"@type":"WebSite","@id":"https:\/\/zaimovic.com.hr\/#website","url":"https:\/\/zaimovic.com.hr\/","name":"Iva Zaimovi\u0107","description":"Osna\u017dena - balans, ljubav i rast","potentialAction":[{"@type":"SearchAction","target":{"@type":"EntryPoint","urlTemplate":"https:\/\/zaimovic.com.hr\/?s={search_term_string}"},"query-input":{"@type":"PropertyValueSpecification","valueRequired":true,"valueName":"search_term_string"}}],"inLanguage":"hr"},{"@type":"Person","@id":"https:\/\/zaimovic.com.hr\/#\/schema\/person\/46635fda1b928c40087a65c50fda63ec","name":"Iva Zaimovi\u0107","image":{"@type":"ImageObject","inLanguage":"hr","@id":"https:\/\/zaimovic.com.hr\/#\/schema\/person\/image\/","url":"https:\/\/secure.gravatar.com\/avatar\/f945de162461501123845d3f733fe63d?s=96&d=mm&r=g","contentUrl":"https:\/\/secure.gravatar.com\/avatar\/f945de162461501123845d3f733fe63d?s=96&d=mm&r=g","caption":"Iva Zaimovi\u0107"},"sameAs":["https:\/\/zaimovic.com.hr","https:\/\/www.facebook.com\/velikeimalemisli","https:\/\/www.instagram.com\/ivazaimovic\/"],"url":"https:\/\/zaimovic.com.hr\/index.php\/author\/yrcqptp1bb\/"}]}},"blog_post_layout_featured_media_urls":{"thumbnail":["https:\/\/zaimovic.com.hr\/wp-content\/uploads\/2020\/08\/IMG_4219-150x150.jpg",150,150,true],"full":["https:\/\/zaimovic.com.hr\/wp-content\/uploads\/2020\/08\/IMG_4219.jpg",1500,1000,false]},"categories_names":{"70":{"name":"Moja pri\u010da","link":"https:\/\/zaimovic.com.hr\/index.php\/category\/moja-prica\/"},"31":{"name":"O meni","link":"https:\/\/zaimovic.com.hr\/index.php\/category\/o-meni\/"}},"tags_names":[],"comments_number":"0","_links":{"self":[{"href":"https:\/\/zaimovic.com.hr\/index.php\/wp-json\/wp\/v2\/posts\/5"}],"collection":[{"href":"https:\/\/zaimovic.com.hr\/index.php\/wp-json\/wp\/v2\/posts"}],"about":[{"href":"https:\/\/zaimovic.com.hr\/index.php\/wp-json\/wp\/v2\/types\/post"}],"author":[{"embeddable":true,"href":"https:\/\/zaimovic.com.hr\/index.php\/wp-json\/wp\/v2\/users\/1"}],"replies":[{"embeddable":true,"href":"https:\/\/zaimovic.com.hr\/index.php\/wp-json\/wp\/v2\/comments?post=5"}],"version-history":[{"count":8,"href":"https:\/\/zaimovic.com.hr\/index.php\/wp-json\/wp\/v2\/posts\/5\/revisions"}],"predecessor-version":[{"id":912,"href":"https:\/\/zaimovic.com.hr\/index.php\/wp-json\/wp\/v2\/posts\/5\/revisions\/912"}],"wp:featuredmedia":[{"embeddable":true,"href":"https:\/\/zaimovic.com.hr\/index.php\/wp-json\/wp\/v2\/media\/911"}],"wp:attachment":[{"href":"https:\/\/zaimovic.com.hr\/index.php\/wp-json\/wp\/v2\/media?parent=5"}],"wp:term":[{"taxonomy":"category","embeddable":true,"href":"https:\/\/zaimovic.com.hr\/index.php\/wp-json\/wp\/v2\/categories?post=5"},{"taxonomy":"post_tag","embeddable":true,"href":"https:\/\/zaimovic.com.hr\/index.php\/wp-json\/wp\/v2\/tags?post=5"}],"curies":[{"name":"wp","href":"https:\/\/api.w.org\/{rel}","templated":true}]}}