{"id":590,"date":"2022-02-23T15:31:26","date_gmt":"2022-02-23T15:31:26","guid":{"rendered":"https:\/\/zaimovic.com.hr\/?p=590"},"modified":"2024-04-29T10:28:17","modified_gmt":"2024-04-29T10:28:17","slug":"postporodajna-depresija-bojis-li-se-da-ju-imas","status":"publish","type":"post","link":"https:\/\/zaimovic.com.hr\/index.php\/2022\/02\/23\/postporodajna-depresija-bojis-li-se-da-ju-imas\/","title":{"rendered":"Postporo\u0111ajna depresija &#8211; boji\u0161 li se da ju ima\u0161?"},"content":{"rendered":"\n<p>Koliko god \u017eena \u017eeljela dijete i pripremala se za porod i maj\u010dinstvo, ne mo\u017eemo se u potpunosti pripremiti na sve \u0161to nas na tom putu \u010deka. Porod je jedno bogato, predivno, emotivno iskustvo, ali je i jako bolno, neusporedivo s bilo kojim drugim iskustvom, stresno i nepredvidivo. Niti jedan porod nije isti \u010dak ni kod iste rodilje. To nam sam govori da treba biti spremna, educirati se na pravim mjestima, potra\u017eiti pomo\u0107 kad nam je potrebna posebno ako sumnja da je u pitanju postporo\u0111ajna depresija nakon poroda.<\/p>\n\n\n\n<p>Trudno\u0107a i maj\u010dinstvo sa sobom donose mnoge <strong>izazove i prepreke<\/strong>, a mnoge \u017eene govore da su se nakon poroda osje\u0107ale neshva\u0107eno, izgubljeno, samo, bespomo\u0107no, neraspolo\u017eeno, tu\u017eno, ljuto, depresivno, iscrpljeno\u2026<\/p>\n\n\n\n<div class=\"wp-block-image\"><figure class=\"alignright size-large is-resized\"><img fetchpriority=\"high\" decoding=\"async\" src=\"https:\/\/zaimovic.com.hr\/wp-content\/uploads\/2022\/02\/hands-g5a518dd24_1920-1024x684.jpg\" alt=\"\" class=\"wp-image-593\" width=\"401\" height=\"268\" srcset=\"https:\/\/zaimovic.com.hr\/wp-content\/uploads\/2022\/02\/hands-g5a518dd24_1920-1024x684.jpg 1024w, https:\/\/zaimovic.com.hr\/wp-content\/uploads\/2022\/02\/hands-g5a518dd24_1920-300x200.jpg 300w, https:\/\/zaimovic.com.hr\/wp-content\/uploads\/2022\/02\/hands-g5a518dd24_1920-768x513.jpg 768w, https:\/\/zaimovic.com.hr\/wp-content\/uploads\/2022\/02\/hands-g5a518dd24_1920-1536x1026.jpg 1536w, https:\/\/zaimovic.com.hr\/wp-content\/uploads\/2022\/02\/hands-g5a518dd24_1920-180x120.jpg 180w, https:\/\/zaimovic.com.hr\/wp-content\/uploads\/2022\/02\/hands-g5a518dd24_1920-1320x881.jpg 1320w, https:\/\/zaimovic.com.hr\/wp-content\/uploads\/2022\/02\/hands-g5a518dd24_1920.jpg 1920w\" sizes=\"(max-width: 401px) 100vw, 401px\" \/><\/figure><\/div>\n\n\n\n<p>Bez obzira imale li novope\u010dene majke podr\u0161ku obitelji ili ne, mogu\u0107e su <strong>oscilacije emocija<\/strong> dok se hormoni ne vrate u ravnote\u017eu. Svi \u010dlanovi obitelji se moraju naviknuti na novog, malenog \u010dlana, uskladiti se s njegovim ritmom koji \u0107e nesumnjivo diktirati \u017eivotima mame i tate, moramo integrirati nove uloge i prona\u0107i sebe.<\/p>\n\n\n\n<p>Ka\u017eu da se na porodu ne rodi samo beba, nego i majka i to je u potpunosti to\u010dno, ali mo\u017eda se ne uspijemo odmah identificirati s tom ulogom, nego tek nekoliko dana do nekoliko tjedana nakon poroda kad se sve smiri, kad mama do\u0111e doma i krene se upoznavati sa svojom bebom.<\/p>\n\n\n\n<p>U tom periodu mo\u017ee do\u0107i do raznih problema, ponekad zbog iscrpljenosti, a ponekad i zbog postporo\u0111ajne tuge koju do\u017eivi <strong>40 \u2013 80% \u017eena<\/strong>, a simptomi traju najvi\u0161e dva tjedna, a sve dulje od toga govori se o postporo\u0111ajnoj depresiji koju do\u017eivljava <strong>13 \u2013 19%<\/strong> \u00a0\u017eena koje su nedavno rodile. <a href=\"#_ftn1\">[1]<\/a><\/p>\n\n\n\n<p><strong>Dr. Tihana Mazalin govori o tipi\u010dnim simptomima:<\/strong><\/p>\n\n\n\n<ul><li>depresivno raspolo\u017eenje i velike promjene raspolo\u017eenja<\/li><li>pretjerano plakanje bez razloga<\/li><li>pote\u0161ko\u0107e u ostvarivanju veze s djetetom<\/li><li>osje\u0107aj da majka ne voli dijete<\/li><li>izolacija od okoline<\/li><li>osje\u0107aj straha da \u017eena nije dobra majka<\/li><li>osje\u0107aj krivnje, srama i bezvrijednosti<\/li><li>nesanica ili pretjerano spavanje<\/li><li>gubitak apetita ili pretjerano jedenje<\/li><li>nemogu\u0107nost brige za dijete ili sebe<\/li><li>\u017eelja za nano\u0161enjem ozljeda djetetu<\/li><li>suicidalne misli<\/li><li>gubitak interesa za hobijima i drugim aktivnostima koje su \u017eenu veselile prije trudno\u0107e. <a href=\"#_ftn2\">[2]<\/a><\/li><\/ul>\n\n\n\n<p class=\"has-text-align-center has-vivid-purple-background-color has-background has-medium-font-size\"><strong>LIJE\u010cENJE<\/strong><\/p>\n\n\n\n<p>Ako se postporo\u0111ajna depresija ne lije\u010di, nepovoljno utje\u010de i na majku i na bebu jer je majka emocionalno nedostupna i ne mo\u017ee odgovarati na potrebe bebe, a znamo da je ona primarni skrbnik o kojoj beba ovisi, posebice ako beba ne prihva\u0107a alternativne na\u010dine hranjenja ili pak ako majka ne uspijeva dojiti. <strong>Nelije\u010dena prelazi u kroni\u010dni depresivni poreme\u0107aj koji potpuno ote\u017eava maj\u010dinstvo.<\/strong> Dolazimo do za\u010daranog kruga iz kojeg \u017eena ne mo\u017ee sama iza\u0107i, niti se mora sama boriti protiv toga. Postporo\u0111ajnu depresiju treba lije\u010diti, odnosno za savjet pitati lije\u010dnika op\u0107e prakse ili ginekologa koji \u0107e \u017eenu uputiti kod psihijatra i psihologa, odnosno psihoterapeuta. <strong>Zajedni\u010dkim snagama<\/strong> i suradnjom te mogu\u0107om upotrebom lijekova \u017eena \u0107e prebroditi ovaj izuzetno stresan period u \u017eivotu uz pomo\u0107 stru\u010dnjaka.<\/p>\n\n\n\n<p><strong>Izuzetno je va\u017eno naglasiti da ovo stanje nije nimalo sramotno, da to ne zna\u010di da nisi dobra majka, da ne voli\u0161 svoje dijete, da si nesposobna i da je bebi bolje da ima neku drugu majku ili da se uop\u0107e nije ni rodila. Mogu\u0107e je do\u0107i do toga da promijeni\u0161 ove misli i da ti bude bolje u maj\u010dinstvu.<\/strong><\/p>\n\n\n\n<p>Zato, potra\u017ei pomo\u0107, a slobodno se mo\u017ee\u0161 javiti i meni za preporuku i lak\u0161i dolazak do stru\u010dnjaka ba\u0161 za tebe.<\/p>\n\n\n\n<p><\/p>\n\n\n\n<p>Iva<\/p>\n\n\n\n<p><\/p>\n\n\n\n<p class=\"has-text-align-right\"> PS. Zaprati me na dru\u0161tvenim mre\u017eama:<br>FB stranica: Iva Zaimovi\u0107<br>    Instagram profil: @ivazaimovic   <\/p>\n\n\n\n<hr class=\"wp-block-separator\"\/>\n\n\n\n<p>Kori\u0161tena literatura na kojoj mo\u017ee\u0161 pro\u010ditati vi\u0161e o ovoj temi:<\/p>\n\n\n\n<p><a href=\"#_ftnref1\">[1]<\/a> S. Slamek: Postporo\u0111ajna depresija. Diplomski rad, 2017.<\/p>\n\n\n\n<p><a href=\"#_ftnref2\">[2]<\/a> Preuzeto s: <a href=\"https:\/\/poliklinika-mazalin.hr\/blog\/postporodajna-depresija\/\">https:\/\/poliklinika-mazalin.hr\/blog\/postporodajna-depresija\/<\/a><\/p>\n","protected":false},"excerpt":{"rendered":"<p>Koliko god \u017eena \u017eeljela dijete i pripremala se za porod i maj\u010dinstvo, ne mo\u017eemo se u potpunosti pripremiti na sve \u0161to nas na tom putu \u010deka. Porod je jedno bogato, predivno, emotivno iskustvo, ali je i jako bolno, neusporedivo s bilo kojim drugim iskustvom, stresno i nepredvidivo. Niti jedan porod nije isti \u010dak ni kod&hellip;&nbsp;<a href=\"https:\/\/zaimovic.com.hr\/index.php\/2022\/02\/23\/postporodajna-depresija-bojis-li-se-da-ju-imas\/\" rel=\"bookmark\">Read More &raquo;<span class=\"screen-reader-text\">Postporo\u0111ajna depresija &#8211; boji\u0161 li se da ju ima\u0161?<\/span><\/a><\/p>\n","protected":false},"author":1,"featured_media":591,"comment_status":"open","ping_status":"open","sticky":false,"template":"","format":"standard","meta":{"neve_meta_sidebar":"","neve_meta_container":"","neve_meta_enable_content_width":"","neve_meta_content_width":0,"neve_meta_title_alignment":"","neve_meta_author_avatar":"","neve_post_elements_order":"","neve_meta_disable_header":"","neve_meta_disable_footer":"","neve_meta_disable_title":"","footnotes":""},"categories":[46,65],"tags":[],"yoast_head":"<!-- This site is optimized with the Yoast SEO plugin v24.5 - https:\/\/yoast.com\/wordpress\/plugins\/seo\/ -->\n<title>Postporo\u0111ajna depresija - boji\u0161 li se da ju ima\u0161? - Iva Zaimovi\u0107<\/title>\n<meta name=\"description\" content=\"Ako se postporo\u0111ajna depresija ne lije\u010di, nepovoljno utje\u010de na majku i na bebu, a mo\u017ee prije\u0107i u kroni\u010dni depresivni poreme\u0107aj. Nisi sama.\" \/>\n<meta name=\"robots\" content=\"index, follow, max-snippet:-1, max-image-preview:large, max-video-preview:-1\" \/>\n<link rel=\"canonical\" href=\"https:\/\/zaimovic.com.hr\/index.php\/2022\/02\/23\/postporodajna-depresija-bojis-li-se-da-ju-imas\/\" \/>\n<meta property=\"og:locale\" content=\"hr_HR\" \/>\n<meta property=\"og:type\" content=\"article\" \/>\n<meta property=\"og:title\" content=\"Postporo\u0111ajna depresija - boji\u0161 li se da ju ima\u0161? - Iva Zaimovi\u0107\" \/>\n<meta property=\"og:description\" content=\"Ako se postporo\u0111ajna depresija ne lije\u010di, nepovoljno utje\u010de na majku i na bebu, a mo\u017ee prije\u0107i u kroni\u010dni depresivni poreme\u0107aj. Nisi sama.\" \/>\n<meta property=\"og:url\" content=\"https:\/\/zaimovic.com.hr\/index.php\/2022\/02\/23\/postporodajna-depresija-bojis-li-se-da-ju-imas\/\" \/>\n<meta property=\"og:site_name\" content=\"Iva Zaimovi\u0107\" \/>\n<meta property=\"article:author\" content=\"https:\/\/www.facebook.com\/velikeimalemisli\" \/>\n<meta property=\"article:published_time\" content=\"2022-02-23T15:31:26+00:00\" \/>\n<meta property=\"article:modified_time\" content=\"2024-04-29T10:28:17+00:00\" \/>\n<meta property=\"og:image\" content=\"https:\/\/zaimovic.com.hr\/wp-content\/uploads\/2022\/02\/baby-g9377fb255_1920.jpg\" \/>\n\t<meta property=\"og:image:width\" content=\"1920\" \/>\n\t<meta property=\"og:image:height\" content=\"1281\" \/>\n\t<meta property=\"og:image:type\" content=\"image\/jpeg\" \/>\n<meta name=\"author\" content=\"Iva Zaimovi\u0107\" \/>\n<meta name=\"twitter:card\" content=\"summary_large_image\" \/>\n<meta name=\"twitter:label1\" content=\"Napisao\/la\" \/>\n\t<meta name=\"twitter:data1\" content=\"Iva Zaimovi\u0107\" \/>\n\t<meta name=\"twitter:label2\" content=\"Procijenjeno vrijeme \u010ditanja\" \/>\n\t<meta name=\"twitter:data2\" content=\"4 minute\" \/>\n<script type=\"application\/ld+json\" class=\"yoast-schema-graph\">{\"@context\":\"https:\/\/schema.org\",\"@graph\":[{\"@type\":\"WebPage\",\"@id\":\"https:\/\/zaimovic.com.hr\/index.php\/2022\/02\/23\/postporodajna-depresija-bojis-li-se-da-ju-imas\/\",\"url\":\"https:\/\/zaimovic.com.hr\/index.php\/2022\/02\/23\/postporodajna-depresija-bojis-li-se-da-ju-imas\/\",\"name\":\"Postporo\u0111ajna depresija - boji\u0161 li se da ju ima\u0161? - Iva Zaimovi\u0107\",\"isPartOf\":{\"@id\":\"https:\/\/zaimovic.com.hr\/#website\"},\"primaryImageOfPage\":{\"@id\":\"https:\/\/zaimovic.com.hr\/index.php\/2022\/02\/23\/postporodajna-depresija-bojis-li-se-da-ju-imas\/#primaryimage\"},\"image\":{\"@id\":\"https:\/\/zaimovic.com.hr\/index.php\/2022\/02\/23\/postporodajna-depresija-bojis-li-se-da-ju-imas\/#primaryimage\"},\"thumbnailUrl\":\"https:\/\/zaimovic.com.hr\/wp-content\/uploads\/2022\/02\/baby-g9377fb255_1920.jpg\",\"datePublished\":\"2022-02-23T15:31:26+00:00\",\"dateModified\":\"2024-04-29T10:28:17+00:00\",\"author\":{\"@id\":\"https:\/\/zaimovic.com.hr\/#\/schema\/person\/46635fda1b928c40087a65c50fda63ec\"},\"description\":\"Ako se postporo\u0111ajna depresija ne lije\u010di, nepovoljno utje\u010de na majku i na bebu, a mo\u017ee prije\u0107i u kroni\u010dni depresivni poreme\u0107aj. Nisi sama.\",\"breadcrumb\":{\"@id\":\"https:\/\/zaimovic.com.hr\/index.php\/2022\/02\/23\/postporodajna-depresija-bojis-li-se-da-ju-imas\/#breadcrumb\"},\"inLanguage\":\"hr\",\"potentialAction\":[{\"@type\":\"ReadAction\",\"target\":[\"https:\/\/zaimovic.com.hr\/index.php\/2022\/02\/23\/postporodajna-depresija-bojis-li-se-da-ju-imas\/\"]}]},{\"@type\":\"ImageObject\",\"inLanguage\":\"hr\",\"@id\":\"https:\/\/zaimovic.com.hr\/index.php\/2022\/02\/23\/postporodajna-depresija-bojis-li-se-da-ju-imas\/#primaryimage\",\"url\":\"https:\/\/zaimovic.com.hr\/wp-content\/uploads\/2022\/02\/baby-g9377fb255_1920.jpg\",\"contentUrl\":\"https:\/\/zaimovic.com.hr\/wp-content\/uploads\/2022\/02\/baby-g9377fb255_1920.jpg\",\"width\":1920,\"height\":1281,\"caption\":\"Maj\u010dinstvo postpartum\"},{\"@type\":\"BreadcrumbList\",\"@id\":\"https:\/\/zaimovic.com.hr\/index.php\/2022\/02\/23\/postporodajna-depresija-bojis-li-se-da-ju-imas\/#breadcrumb\",\"itemListElement\":[{\"@type\":\"ListItem\",\"position\":1,\"name\":\"Po\u010detna stranica\",\"item\":\"https:\/\/zaimovic.com.hr\/\"},{\"@type\":\"ListItem\",\"position\":2,\"name\":\"Postporo\u0111ajna depresija &#8211; boji\u0161 li se da ju ima\u0161?\"}]},{\"@type\":\"WebSite\",\"@id\":\"https:\/\/zaimovic.com.hr\/#website\",\"url\":\"https:\/\/zaimovic.com.hr\/\",\"name\":\"Iva Zaimovi\u0107\",\"description\":\"Osna\u017dena - balans, ljubav i rast\",\"potentialAction\":[{\"@type\":\"SearchAction\",\"target\":{\"@type\":\"EntryPoint\",\"urlTemplate\":\"https:\/\/zaimovic.com.hr\/?s={search_term_string}\"},\"query-input\":{\"@type\":\"PropertyValueSpecification\",\"valueRequired\":true,\"valueName\":\"search_term_string\"}}],\"inLanguage\":\"hr\"},{\"@type\":\"Person\",\"@id\":\"https:\/\/zaimovic.com.hr\/#\/schema\/person\/46635fda1b928c40087a65c50fda63ec\",\"name\":\"Iva Zaimovi\u0107\",\"image\":{\"@type\":\"ImageObject\",\"inLanguage\":\"hr\",\"@id\":\"https:\/\/zaimovic.com.hr\/#\/schema\/person\/image\/\",\"url\":\"https:\/\/secure.gravatar.com\/avatar\/f945de162461501123845d3f733fe63d?s=96&d=mm&r=g\",\"contentUrl\":\"https:\/\/secure.gravatar.com\/avatar\/f945de162461501123845d3f733fe63d?s=96&d=mm&r=g\",\"caption\":\"Iva Zaimovi\u0107\"},\"sameAs\":[\"https:\/\/zaimovic.com.hr\",\"https:\/\/www.facebook.com\/velikeimalemisli\",\"https:\/\/www.instagram.com\/ivazaimovic\/\"],\"url\":\"https:\/\/zaimovic.com.hr\/index.php\/author\/yrcqptp1bb\/\"}]}<\/script>\n<!-- \/ Yoast SEO plugin. -->","yoast_head_json":{"title":"Postporo\u0111ajna depresija - boji\u0161 li se da ju ima\u0161? - Iva Zaimovi\u0107","description":"Ako se postporo\u0111ajna depresija ne lije\u010di, nepovoljno utje\u010de na majku i na bebu, a mo\u017ee prije\u0107i u kroni\u010dni depresivni poreme\u0107aj. Nisi sama.","robots":{"index":"index","follow":"follow","max-snippet":"max-snippet:-1","max-image-preview":"max-image-preview:large","max-video-preview":"max-video-preview:-1"},"canonical":"https:\/\/zaimovic.com.hr\/index.php\/2022\/02\/23\/postporodajna-depresija-bojis-li-se-da-ju-imas\/","og_locale":"hr_HR","og_type":"article","og_title":"Postporo\u0111ajna depresija - boji\u0161 li se da ju ima\u0161? - Iva Zaimovi\u0107","og_description":"Ako se postporo\u0111ajna depresija ne lije\u010di, nepovoljno utje\u010de na majku i na bebu, a mo\u017ee prije\u0107i u kroni\u010dni depresivni poreme\u0107aj. Nisi sama.","og_url":"https:\/\/zaimovic.com.hr\/index.php\/2022\/02\/23\/postporodajna-depresija-bojis-li-se-da-ju-imas\/","og_site_name":"Iva Zaimovi\u0107","article_author":"https:\/\/www.facebook.com\/velikeimalemisli","article_published_time":"2022-02-23T15:31:26+00:00","article_modified_time":"2024-04-29T10:28:17+00:00","og_image":[{"width":1920,"height":1281,"url":"https:\/\/zaimovic.com.hr\/wp-content\/uploads\/2022\/02\/baby-g9377fb255_1920.jpg","type":"image\/jpeg"}],"author":"Iva Zaimovi\u0107","twitter_card":"summary_large_image","twitter_misc":{"Napisao\/la":"Iva Zaimovi\u0107","Procijenjeno vrijeme \u010ditanja":"4 minute"},"schema":{"@context":"https:\/\/schema.org","@graph":[{"@type":"WebPage","@id":"https:\/\/zaimovic.com.hr\/index.php\/2022\/02\/23\/postporodajna-depresija-bojis-li-se-da-ju-imas\/","url":"https:\/\/zaimovic.com.hr\/index.php\/2022\/02\/23\/postporodajna-depresija-bojis-li-se-da-ju-imas\/","name":"Postporo\u0111ajna depresija - boji\u0161 li se da ju ima\u0161? - Iva Zaimovi\u0107","isPartOf":{"@id":"https:\/\/zaimovic.com.hr\/#website"},"primaryImageOfPage":{"@id":"https:\/\/zaimovic.com.hr\/index.php\/2022\/02\/23\/postporodajna-depresija-bojis-li-se-da-ju-imas\/#primaryimage"},"image":{"@id":"https:\/\/zaimovic.com.hr\/index.php\/2022\/02\/23\/postporodajna-depresija-bojis-li-se-da-ju-imas\/#primaryimage"},"thumbnailUrl":"https:\/\/zaimovic.com.hr\/wp-content\/uploads\/2022\/02\/baby-g9377fb255_1920.jpg","datePublished":"2022-02-23T15:31:26+00:00","dateModified":"2024-04-29T10:28:17+00:00","author":{"@id":"https:\/\/zaimovic.com.hr\/#\/schema\/person\/46635fda1b928c40087a65c50fda63ec"},"description":"Ako se postporo\u0111ajna depresija ne lije\u010di, nepovoljno utje\u010de na majku i na bebu, a mo\u017ee prije\u0107i u kroni\u010dni depresivni poreme\u0107aj. Nisi sama.","breadcrumb":{"@id":"https:\/\/zaimovic.com.hr\/index.php\/2022\/02\/23\/postporodajna-depresija-bojis-li-se-da-ju-imas\/#breadcrumb"},"inLanguage":"hr","potentialAction":[{"@type":"ReadAction","target":["https:\/\/zaimovic.com.hr\/index.php\/2022\/02\/23\/postporodajna-depresija-bojis-li-se-da-ju-imas\/"]}]},{"@type":"ImageObject","inLanguage":"hr","@id":"https:\/\/zaimovic.com.hr\/index.php\/2022\/02\/23\/postporodajna-depresija-bojis-li-se-da-ju-imas\/#primaryimage","url":"https:\/\/zaimovic.com.hr\/wp-content\/uploads\/2022\/02\/baby-g9377fb255_1920.jpg","contentUrl":"https:\/\/zaimovic.com.hr\/wp-content\/uploads\/2022\/02\/baby-g9377fb255_1920.jpg","width":1920,"height":1281,"caption":"Maj\u010dinstvo postpartum"},{"@type":"BreadcrumbList","@id":"https:\/\/zaimovic.com.hr\/index.php\/2022\/02\/23\/postporodajna-depresija-bojis-li-se-da-ju-imas\/#breadcrumb","itemListElement":[{"@type":"ListItem","position":1,"name":"Po\u010detna stranica","item":"https:\/\/zaimovic.com.hr\/"},{"@type":"ListItem","position":2,"name":"Postporo\u0111ajna depresija &#8211; boji\u0161 li se da ju ima\u0161?"}]},{"@type":"WebSite","@id":"https:\/\/zaimovic.com.hr\/#website","url":"https:\/\/zaimovic.com.hr\/","name":"Iva Zaimovi\u0107","description":"Osna\u017dena - balans, ljubav i rast","potentialAction":[{"@type":"SearchAction","target":{"@type":"EntryPoint","urlTemplate":"https:\/\/zaimovic.com.hr\/?s={search_term_string}"},"query-input":{"@type":"PropertyValueSpecification","valueRequired":true,"valueName":"search_term_string"}}],"inLanguage":"hr"},{"@type":"Person","@id":"https:\/\/zaimovic.com.hr\/#\/schema\/person\/46635fda1b928c40087a65c50fda63ec","name":"Iva Zaimovi\u0107","image":{"@type":"ImageObject","inLanguage":"hr","@id":"https:\/\/zaimovic.com.hr\/#\/schema\/person\/image\/","url":"https:\/\/secure.gravatar.com\/avatar\/f945de162461501123845d3f733fe63d?s=96&d=mm&r=g","contentUrl":"https:\/\/secure.gravatar.com\/avatar\/f945de162461501123845d3f733fe63d?s=96&d=mm&r=g","caption":"Iva Zaimovi\u0107"},"sameAs":["https:\/\/zaimovic.com.hr","https:\/\/www.facebook.com\/velikeimalemisli","https:\/\/www.instagram.com\/ivazaimovic\/"],"url":"https:\/\/zaimovic.com.hr\/index.php\/author\/yrcqptp1bb\/"}]}},"blog_post_layout_featured_media_urls":{"thumbnail":["https:\/\/zaimovic.com.hr\/wp-content\/uploads\/2022\/02\/baby-g9377fb255_1920-150x150.jpg",150,150,true],"full":["https:\/\/zaimovic.com.hr\/wp-content\/uploads\/2022\/02\/baby-g9377fb255_1920.jpg",1920,1281,false]},"categories_names":{"46":{"name":"Iskreno o maj\u010dinstvu","link":"https:\/\/zaimovic.com.hr\/index.php\/category\/kutak-za-roditelje\/iskreno-o-majcinstvu\/"},"65":{"name":"Osobni razvoj","link":"https:\/\/zaimovic.com.hr\/index.php\/category\/osobni-razvoj\/"}},"tags_names":[],"comments_number":"0","_links":{"self":[{"href":"https:\/\/zaimovic.com.hr\/index.php\/wp-json\/wp\/v2\/posts\/590"}],"collection":[{"href":"https:\/\/zaimovic.com.hr\/index.php\/wp-json\/wp\/v2\/posts"}],"about":[{"href":"https:\/\/zaimovic.com.hr\/index.php\/wp-json\/wp\/v2\/types\/post"}],"author":[{"embeddable":true,"href":"https:\/\/zaimovic.com.hr\/index.php\/wp-json\/wp\/v2\/users\/1"}],"replies":[{"embeddable":true,"href":"https:\/\/zaimovic.com.hr\/index.php\/wp-json\/wp\/v2\/comments?post=590"}],"version-history":[{"count":7,"href":"https:\/\/zaimovic.com.hr\/index.php\/wp-json\/wp\/v2\/posts\/590\/revisions"}],"predecessor-version":[{"id":601,"href":"https:\/\/zaimovic.com.hr\/index.php\/wp-json\/wp\/v2\/posts\/590\/revisions\/601"}],"wp:featuredmedia":[{"embeddable":true,"href":"https:\/\/zaimovic.com.hr\/index.php\/wp-json\/wp\/v2\/media\/591"}],"wp:attachment":[{"href":"https:\/\/zaimovic.com.hr\/index.php\/wp-json\/wp\/v2\/media?parent=590"}],"wp:term":[{"taxonomy":"category","embeddable":true,"href":"https:\/\/zaimovic.com.hr\/index.php\/wp-json\/wp\/v2\/categories?post=590"},{"taxonomy":"post_tag","embeddable":true,"href":"https:\/\/zaimovic.com.hr\/index.php\/wp-json\/wp\/v2\/tags?post=590"}],"curies":[{"name":"wp","href":"https:\/\/api.w.org\/{rel}","templated":true}]}}