{"id":612,"date":"2022-05-09T08:27:30","date_gmt":"2022-05-09T08:27:30","guid":{"rendered":"https:\/\/zaimovic.com.hr\/?p=612"},"modified":"2024-04-29T10:27:57","modified_gmt":"2024-04-29T10:27:57","slug":"sto-je-socijalno-emocionalno-ucenje-i-zasto-je-vazno","status":"publish","type":"post","link":"https:\/\/zaimovic.com.hr\/index.php\/2022\/05\/09\/sto-je-socijalno-emocionalno-ucenje-i-zasto-je-vazno\/","title":{"rendered":"\u0160to je socio \u2013 emocionalno u\u010denje i za\u0161to je va\u017eno?"},"content":{"rendered":"\n<p>Emocionalna inteligencija i socijalno \u2013 emocionalne vje\u0161tine i socijalno &#8211; emocionalno u\u010denje danas imaju priznati zna\u010daj u utjecanju na razvoj svakog pojedinca, no jo\u0161 uvijek im se ne pripisuje tolika va\u017enost kad je u pitanju ne\u010diji uspjeh kao \u0161to se pripisuje \u00abklasi\u010dnoj\u00bb kognitivnoj inteligenciji. <strong>Uspjeh \u010desto povezujemo s inteligencijom<\/strong>, no glavno je pitanje koja vrsta inteligencije ima ve\u0107i zna\u010daj i trebamo li uop\u0107e nekoj pridati ve\u0107i zna\u010daj. Emocije su uvijek tu, a na\u0161e pona\u0161anje je na\u0161 izbor u odre\u0111enim okolnostima, stoga je jasno da bez razumijevanja emocija dolazi do raznih, ponekada i ne toliko adaptivnih odgovora na emocije.<\/p>\n\n\n\n<p class=\"has-black-color has-text-color\"><strong>Emocionalna inteligencija ne isklju\u010duje \u00abklasi\u010dnu\u00bb, kognitivnu inteligenciju<\/strong>, nego ju samo nadopunjava. Uvi\u0111a se kako ona <strong>pospje\u0161uje<\/strong> kognitivnu inteligenciju, omogu\u0107ava zapa\u017eanje emocija i adekvatno iskazivanje emocija, te zapravo omogu\u0107ava razvijanje pojedinca u potpunosti. Vi\u0161e o emocionalnoj inteligenciji pro\u010ditajte u \u010dlanku &#8220;<em><a href=\"https:\/\/roditeljisasvrhom.hr\/ima-li-smisla-kod-djece-razvijati-emocionalnu-inteligenciju-sto-je-to\/\"><strong>Ima li smisla kod djece razvijati emocionalnu inteligenciju<\/strong><\/a><\/em>&#8221; (klikni na naslov \ud83d\ude42 kod Roditelji sa svrhom.<\/p>\n\n\n\n<blockquote class=\"wp-block-quote has-text-align-center is-style-large is-layout-flow wp-block-quote-is-layout-flow\"><p><em>\u201eSocijalno \u2013 emocionalno u\u010denje (SEU) je proces stjecanja znanja, stavova i vje\u0161tina koje se odnose na prepoznavanje i upravljanje emocijama, snala\u017eenje u svijetu, uspostavljanje i odr\u017eavanje odnosa s drugima, u\u010dinkovito dono\u0161enje odluka.\u201c<a href=\"#_ftn1\">[1]<\/a><\/em><\/p><\/blockquote>\n\n\n\n<p>Osim toga, SEU uklju\u010duje i procese kroz koje pojedinci <strong>stje\u010du i efikasno primjenjuju<\/strong> znanje, stavove i vje\u0161tine nu\u017ene za <strong>razumijevanje i upravljanje svojim emocijama, pokazivanje empatije prema drugima, uspostavljanje i postizanje pozitivnih ciljeva<\/strong>.<a href=\"#_ftn2\">[2]<\/a> Mo\u017eemo re\u0107i da su to sve vje\u0161tine itekako potrebne kako bismo bili zadovoljni, imali zadovoljavaju\u0107u komunikaciju, kako bismo razumjeli druge, a i oni nas.<\/p>\n\n\n\n<p><strong>Udru\u017eenje za akademsko, socijalno i emocionalno u\u010denje<\/strong> (The Collaborative for Academic, Social and Emotional Learning, <em>CASEL<\/em>) 2005. godine je <strong>identificiralo pet skupina, temeljnih, me\u0111usobno povezanih socijalnih i emocionalnih kompetencija<\/strong><a href=\"#_ftn3\">[3]<\/a><strong>:<\/strong><\/p>\n\n\n\n<ul class=\"has-black-color has-text-color has-background\" style=\"background-color:#e7a6a6\"><li><strong>SAMOSVIJEST<\/strong><\/li><\/ul>\n\n\n\n<p>Uklju\u010duje prepoznavanje i identificiranje vlastitih <em>emocionalnih stanja<\/em>; poznavanje i prepoznavanje <em>vlastitih snaga<\/em>, pozitivnih <em>kvaliteta<\/em>, pove\u0107anje vlastitih <em>potencijala<\/em>; <em>samopouzdanje i samoefikasnost<\/em>; <em>optimizam i nadu<\/em> za budu\u0107nost te<em> samoaktualizaciju<\/em>.<a href=\"#_ftn4\">[4]<\/a><\/p>\n\n\n\n<ul class=\"has-background\" style=\"background-color:#e7a6a6\"><li><strong>UPRAVLJANJE SOBOM&nbsp;<\/strong><\/li><\/ul>\n\n\n\n<p>Uklju\u010duje: <em>samoregulaciju<\/em>, emocionalnu ekspresiju i no\u0161enje s <em>neugodnim emocijama<\/em>; <em>u\u017eivanje i cijenjenje tu\u0111ih<\/em> ugodnih emocija; <em>upornost<\/em> i prevladavanje te\u0161ko\u0107a; dono\u0161enje dobrih <em>odluka<\/em> \u2013 analiziranje situacije; <em>rje\u0161avanje problema<\/em>; uklju\u010divanje u akademske i socijalne izazove koriste\u0107i svoje snage; <em>kriti\u010dko i pozitivno mi\u0161ljenje<\/em>, u\u010denje i razvijanje boljih vje\u0161tina mi\u0161ljenja; razumijevanje i razvijanje <em>pa\u017enje i fokusiranje<\/em> na ono bitno.<\/p>\n\n\n\n<ul class=\"has-background\" style=\"background-color:#e7a6a6\"><li><strong>SOCIJALNA SVIJEST<\/strong><\/li><\/ul>\n\n\n\n<p>Odnosi se na <em>empatiju<\/em> prema drugima, mogu\u0107nost <em>zauzimanja tu\u0111e perspektive<\/em>, cijenjenje individualnih i grupnih <em>sli\u010dnosti i razlika<\/em>, prihva\u0107anje multikulturalnosti i solidarnosti te moralne i socijalne odgovornosti.<a href=\"#_ftn5\">[5]<\/a> Tako\u0111er, isti autori navode da osobe koje imaju razvijenu socijalnu svijest, shva\u0107aju i prepoznaju <em>socijalnu mre\u017eu podr\u0161ke<\/em> u zajednici (obitelj, \u0161kola, vr\u0161njaci), razvijaju prosocijalne vrijednosti i stavove, te \u010duvaju svoje okru\u017eenje.<\/p>\n\n\n\n<ul class=\"has-background\" style=\"background-color:#e7a6a6\"><li><strong>SOCIJALNE VJE\u0160TINE<\/strong><\/li><\/ul>\n\n\n\n<p>Odnose se na sposobnost <em>uspostavljanja i odr\u017eavanja zdravih socijalnih odnosa<\/em> s razli\u010ditim pojedincima i grupama ljudi, <em>odupiranje ne\u017eeljenom socijalnom pritisku<\/em> te konstruktivno rje\u0161avanje <em>konflikata<\/em>. <em>CASEL<\/em> isti\u010de komunikaciju, socijalne interakcije, izgradnju odnosa te timski rad.<\/p>\n\n\n\n<ul class=\"has-background\" style=\"background-color:#e7a6a6\"><li><strong>ODGOVORNO DONO\u0160ENJE ODLUKA<\/strong><\/li><\/ul>\n\n\n\n<p><br>Sposobnost dono\u0161enja dobrih odluka o vlastitom pona\u0161anju i u odnosima, odnosno komunikaciji s drugima. Odnosi se na: identificiranje problema, analiziranju situacije, rje\u0161avanju problema, evaluaciji, refleksiji i eti\u010dkoj odgovornosti. <\/p>\n\n\n\n<p><\/p>\n\n\n\n<p class=\"has-text-align-center\"><strong>Mo\u017eemo zaklju\u010diti da nam je za dobar, ispunjen i uspje\u0161an \u017eivot u kojem donosimo dobre odluke, znamo upravljati sobom, prepoznajemo i razumijemo vlastite i tu\u0111e emocije, znamo komunicirati, rje\u0161avati probleme i pregovarati, znamo sura\u0111ivati s drugima i rje\u0161avati probleme i pote\u0161ko\u0107e itekako potrebna socijalno \u2013 emocionalna inteligencija koja se mo\u017ee unaprijediti kroz socijalno \u2013 emocionalno u\u010denje. Vi\u0161e o samom u\u010denju i programima u pred\u0161kolskoj i \u0161kolskoj dobi mo\u017eete \u010ditati idu\u0107i ponedjeljak.<\/strong><\/p>\n\n\n\n<hr class=\"wp-block-separator\"\/>\n\n\n\n<p class=\"has-text-align-right\"> Zaprati me na dru\u0161tvenim mre\u017eama:<br><em>FB stranica<\/em>: Iva Zaimovi\u0107<br><em>FB grupa<\/em>: Mama nije samo mama<br><em>Instagram profil<\/em>: @mamanijesamomama  <\/p>\n\n\n\n<p class=\"has-small-font-size\"><a href=\"#_ftnref1\">[1]<\/a> Munjas Samarin, R., Tak\u0161i\u0107, V. (2009). Programi za poticanje emocionalne i socijalne kompetentnosti kod djece i adolescenata. <em>Suvremena psihologija 12 (2)<\/em>, 355-371.<\/p>\n\n\n\n<p class=\"has-small-font-size\"><a href=\"#_ftnref2\">[2]<\/a> Schonert \u2013 Reichl, K. A., Weissberg, R. P. (2015). Social and emotional lerning during childhood. In T.P. Gullota, M. Bloom (eds.), <em>Encyclopedia of Primary Prevention and Health Promotion, Springer Science<\/em><\/p>\n\n\n\n<p class=\"has-small-font-size\"><a href=\"#_ftnref3\">[3]<\/a> Munjas Samarin, R., Tak\u0161i\u0107, V. (2009). Programi za poticanje emocionalne i socijalne kompetentnosti kod djece i adolescenata. <em>Suvremena psihologija 12 (2)<\/em>, 355-371.<\/p>\n\n\n\n<p class=\"has-small-font-size\"><a href=\"#_ftnref4\">[4]<\/a> Cefai C., Cavioni, V. (2014). Social and Emotional Education in Primary School. Integrating Theory and Research into Practice. Naklada Springer.<\/p>\n\n\n\n<p class=\"has-small-font-size\"><a href=\"#_ftnref5\">[5]<\/a> Cefai C., Cavioni, V. (2014). Social and Emotional Education in Primary School. Integrating Theory and Research into Practice. Naklada Springer.<\/p>\n","protected":false},"excerpt":{"rendered":"<p>Emocionalna inteligencija i socijalno \u2013 emocionalne vje\u0161tine i socijalno &#8211; emocionalno u\u010denje danas imaju priznati zna\u010daj u utjecanju na razvoj svakog pojedinca, no jo\u0161 uvijek im se ne pripisuje tolika va\u017enost kad je u pitanju ne\u010diji uspjeh kao \u0161to se pripisuje \u00abklasi\u010dnoj\u00bb kognitivnoj inteligenciji. Uspjeh \u010desto povezujemo s inteligencijom, no glavno je pitanje koja vrsta&hellip;&nbsp;<a href=\"https:\/\/zaimovic.com.hr\/index.php\/2022\/05\/09\/sto-je-socijalno-emocionalno-ucenje-i-zasto-je-vazno\/\" rel=\"bookmark\">Read More &raquo;<span class=\"screen-reader-text\">\u0160to je socio \u2013 emocionalno u\u010denje i za\u0161to je va\u017eno?<\/span><\/a><\/p>\n","protected":false},"author":1,"featured_media":614,"comment_status":"open","ping_status":"open","sticky":false,"template":"","format":"standard","meta":{"neve_meta_sidebar":"","neve_meta_container":"","neve_meta_enable_content_width":"","neve_meta_content_width":0,"neve_meta_title_alignment":"","neve_meta_author_avatar":"","neve_post_elements_order":"","neve_meta_disable_header":"","neve_meta_disable_footer":"","neve_meta_disable_title":"","footnotes":""},"categories":[65],"tags":[],"yoast_head":"<!-- This site is optimized with the Yoast SEO plugin v24.5 - https:\/\/yoast.com\/wordpress\/plugins\/seo\/ -->\n<title>\u0160to je socio \u2013 emocionalno u\u010denje i za\u0161to je va\u017eno? - Iva Zaimovi\u0107<\/title>\n<meta name=\"description\" content=\"Pro\u010ditajte \u0161to je socijalno - emocionalno u\u010denje, za\u0161to je va\u017eno, od \u010dega se sastoji i kako se emocionalna inteligencija mo\u017ee nau\u010diti.\" \/>\n<meta name=\"robots\" content=\"index, follow, max-snippet:-1, max-image-preview:large, max-video-preview:-1\" \/>\n<link rel=\"canonical\" href=\"https:\/\/zaimovic.com.hr\/index.php\/2022\/05\/09\/sto-je-socijalno-emocionalno-ucenje-i-zasto-je-vazno\/\" \/>\n<meta property=\"og:locale\" content=\"hr_HR\" \/>\n<meta property=\"og:type\" content=\"article\" \/>\n<meta property=\"og:title\" content=\"\u0160to je socio \u2013 emocionalno u\u010denje i za\u0161to je va\u017eno? - Iva Zaimovi\u0107\" \/>\n<meta property=\"og:description\" content=\"Pro\u010ditajte \u0161to je socijalno - emocionalno u\u010denje, za\u0161to je va\u017eno, od \u010dega se sastoji i kako se emocionalna inteligencija mo\u017ee nau\u010diti.\" \/>\n<meta property=\"og:url\" content=\"https:\/\/zaimovic.com.hr\/index.php\/2022\/05\/09\/sto-je-socijalno-emocionalno-ucenje-i-zasto-je-vazno\/\" \/>\n<meta property=\"og:site_name\" content=\"Iva Zaimovi\u0107\" \/>\n<meta property=\"article:author\" content=\"https:\/\/www.facebook.com\/velikeimalemisli\" \/>\n<meta property=\"article:published_time\" content=\"2022-05-09T08:27:30+00:00\" \/>\n<meta property=\"article:modified_time\" content=\"2024-04-29T10:27:57+00:00\" \/>\n<meta property=\"og:image\" content=\"https:\/\/zaimovic.com.hr\/wp-content\/uploads\/2022\/03\/brain-gac9c6b587_1920-1024x1024.png\" \/>\n\t<meta property=\"og:image:width\" content=\"1024\" \/>\n\t<meta property=\"og:image:height\" content=\"1024\" \/>\n\t<meta property=\"og:image:type\" content=\"image\/png\" \/>\n<meta name=\"author\" content=\"Iva Zaimovi\u0107\" \/>\n<meta name=\"twitter:card\" content=\"summary_large_image\" \/>\n<meta name=\"twitter:label1\" content=\"Napisao\/la\" \/>\n\t<meta name=\"twitter:data1\" content=\"Iva Zaimovi\u0107\" \/>\n\t<meta name=\"twitter:label2\" content=\"Procijenjeno vrijeme \u010ditanja\" \/>\n\t<meta name=\"twitter:data2\" content=\"4 minute\" \/>\n<script type=\"application\/ld+json\" class=\"yoast-schema-graph\">{\"@context\":\"https:\/\/schema.org\",\"@graph\":[{\"@type\":\"WebPage\",\"@id\":\"https:\/\/zaimovic.com.hr\/index.php\/2022\/05\/09\/sto-je-socijalno-emocionalno-ucenje-i-zasto-je-vazno\/\",\"url\":\"https:\/\/zaimovic.com.hr\/index.php\/2022\/05\/09\/sto-je-socijalno-emocionalno-ucenje-i-zasto-je-vazno\/\",\"name\":\"\u0160to je socio \u2013 emocionalno u\u010denje i za\u0161to je va\u017eno? - Iva Zaimovi\u0107\",\"isPartOf\":{\"@id\":\"https:\/\/zaimovic.com.hr\/#website\"},\"primaryImageOfPage\":{\"@id\":\"https:\/\/zaimovic.com.hr\/index.php\/2022\/05\/09\/sto-je-socijalno-emocionalno-ucenje-i-zasto-je-vazno\/#primaryimage\"},\"image\":{\"@id\":\"https:\/\/zaimovic.com.hr\/index.php\/2022\/05\/09\/sto-je-socijalno-emocionalno-ucenje-i-zasto-je-vazno\/#primaryimage\"},\"thumbnailUrl\":\"https:\/\/zaimovic.com.hr\/wp-content\/uploads\/2022\/03\/brain-gac9c6b587_1920.png\",\"datePublished\":\"2022-05-09T08:27:30+00:00\",\"dateModified\":\"2024-04-29T10:27:57+00:00\",\"author\":{\"@id\":\"https:\/\/zaimovic.com.hr\/#\/schema\/person\/46635fda1b928c40087a65c50fda63ec\"},\"description\":\"Pro\u010ditajte \u0161to je socijalno - emocionalno u\u010denje, za\u0161to je va\u017eno, od \u010dega se sastoji i kako se emocionalna inteligencija mo\u017ee nau\u010diti.\",\"breadcrumb\":{\"@id\":\"https:\/\/zaimovic.com.hr\/index.php\/2022\/05\/09\/sto-je-socijalno-emocionalno-ucenje-i-zasto-je-vazno\/#breadcrumb\"},\"inLanguage\":\"hr\",\"potentialAction\":[{\"@type\":\"ReadAction\",\"target\":[\"https:\/\/zaimovic.com.hr\/index.php\/2022\/05\/09\/sto-je-socijalno-emocionalno-ucenje-i-zasto-je-vazno\/\"]}]},{\"@type\":\"ImageObject\",\"inLanguage\":\"hr\",\"@id\":\"https:\/\/zaimovic.com.hr\/index.php\/2022\/05\/09\/sto-je-socijalno-emocionalno-ucenje-i-zasto-je-vazno\/#primaryimage\",\"url\":\"https:\/\/zaimovic.com.hr\/wp-content\/uploads\/2022\/03\/brain-gac9c6b587_1920.png\",\"contentUrl\":\"https:\/\/zaimovic.com.hr\/wp-content\/uploads\/2022\/03\/brain-gac9c6b587_1920.png\",\"width\":1920,\"height\":1920},{\"@type\":\"BreadcrumbList\",\"@id\":\"https:\/\/zaimovic.com.hr\/index.php\/2022\/05\/09\/sto-je-socijalno-emocionalno-ucenje-i-zasto-je-vazno\/#breadcrumb\",\"itemListElement\":[{\"@type\":\"ListItem\",\"position\":1,\"name\":\"Po\u010detna stranica\",\"item\":\"https:\/\/zaimovic.com.hr\/\"},{\"@type\":\"ListItem\",\"position\":2,\"name\":\"\u0160to je socio \u2013 emocionalno u\u010denje i za\u0161to je va\u017eno?\"}]},{\"@type\":\"WebSite\",\"@id\":\"https:\/\/zaimovic.com.hr\/#website\",\"url\":\"https:\/\/zaimovic.com.hr\/\",\"name\":\"Iva Zaimovi\u0107\",\"description\":\"Osna\u017dena - balans, ljubav i rast\",\"potentialAction\":[{\"@type\":\"SearchAction\",\"target\":{\"@type\":\"EntryPoint\",\"urlTemplate\":\"https:\/\/zaimovic.com.hr\/?s={search_term_string}\"},\"query-input\":{\"@type\":\"PropertyValueSpecification\",\"valueRequired\":true,\"valueName\":\"search_term_string\"}}],\"inLanguage\":\"hr\"},{\"@type\":\"Person\",\"@id\":\"https:\/\/zaimovic.com.hr\/#\/schema\/person\/46635fda1b928c40087a65c50fda63ec\",\"name\":\"Iva Zaimovi\u0107\",\"image\":{\"@type\":\"ImageObject\",\"inLanguage\":\"hr\",\"@id\":\"https:\/\/zaimovic.com.hr\/#\/schema\/person\/image\/\",\"url\":\"https:\/\/secure.gravatar.com\/avatar\/f945de162461501123845d3f733fe63d?s=96&d=mm&r=g\",\"contentUrl\":\"https:\/\/secure.gravatar.com\/avatar\/f945de162461501123845d3f733fe63d?s=96&d=mm&r=g\",\"caption\":\"Iva Zaimovi\u0107\"},\"sameAs\":[\"https:\/\/zaimovic.com.hr\",\"https:\/\/www.facebook.com\/velikeimalemisli\",\"https:\/\/www.instagram.com\/ivazaimovic\/\"],\"url\":\"https:\/\/zaimovic.com.hr\/index.php\/author\/yrcqptp1bb\/\"}]}<\/script>\n<!-- \/ Yoast SEO plugin. -->","yoast_head_json":{"title":"\u0160to je socio \u2013 emocionalno u\u010denje i za\u0161to je va\u017eno? - Iva Zaimovi\u0107","description":"Pro\u010ditajte \u0161to je socijalno - emocionalno u\u010denje, za\u0161to je va\u017eno, od \u010dega se sastoji i kako se emocionalna inteligencija mo\u017ee nau\u010diti.","robots":{"index":"index","follow":"follow","max-snippet":"max-snippet:-1","max-image-preview":"max-image-preview:large","max-video-preview":"max-video-preview:-1"},"canonical":"https:\/\/zaimovic.com.hr\/index.php\/2022\/05\/09\/sto-je-socijalno-emocionalno-ucenje-i-zasto-je-vazno\/","og_locale":"hr_HR","og_type":"article","og_title":"\u0160to je socio \u2013 emocionalno u\u010denje i za\u0161to je va\u017eno? - Iva Zaimovi\u0107","og_description":"Pro\u010ditajte \u0161to je socijalno - emocionalno u\u010denje, za\u0161to je va\u017eno, od \u010dega se sastoji i kako se emocionalna inteligencija mo\u017ee nau\u010diti.","og_url":"https:\/\/zaimovic.com.hr\/index.php\/2022\/05\/09\/sto-je-socijalno-emocionalno-ucenje-i-zasto-je-vazno\/","og_site_name":"Iva Zaimovi\u0107","article_author":"https:\/\/www.facebook.com\/velikeimalemisli","article_published_time":"2022-05-09T08:27:30+00:00","article_modified_time":"2024-04-29T10:27:57+00:00","og_image":[{"width":1024,"height":1024,"url":"https:\/\/zaimovic.com.hr\/wp-content\/uploads\/2022\/03\/brain-gac9c6b587_1920-1024x1024.png","type":"image\/png"}],"author":"Iva Zaimovi\u0107","twitter_card":"summary_large_image","twitter_misc":{"Napisao\/la":"Iva Zaimovi\u0107","Procijenjeno vrijeme \u010ditanja":"4 minute"},"schema":{"@context":"https:\/\/schema.org","@graph":[{"@type":"WebPage","@id":"https:\/\/zaimovic.com.hr\/index.php\/2022\/05\/09\/sto-je-socijalno-emocionalno-ucenje-i-zasto-je-vazno\/","url":"https:\/\/zaimovic.com.hr\/index.php\/2022\/05\/09\/sto-je-socijalno-emocionalno-ucenje-i-zasto-je-vazno\/","name":"\u0160to je socio \u2013 emocionalno u\u010denje i za\u0161to je va\u017eno? - Iva Zaimovi\u0107","isPartOf":{"@id":"https:\/\/zaimovic.com.hr\/#website"},"primaryImageOfPage":{"@id":"https:\/\/zaimovic.com.hr\/index.php\/2022\/05\/09\/sto-je-socijalno-emocionalno-ucenje-i-zasto-je-vazno\/#primaryimage"},"image":{"@id":"https:\/\/zaimovic.com.hr\/index.php\/2022\/05\/09\/sto-je-socijalno-emocionalno-ucenje-i-zasto-je-vazno\/#primaryimage"},"thumbnailUrl":"https:\/\/zaimovic.com.hr\/wp-content\/uploads\/2022\/03\/brain-gac9c6b587_1920.png","datePublished":"2022-05-09T08:27:30+00:00","dateModified":"2024-04-29T10:27:57+00:00","author":{"@id":"https:\/\/zaimovic.com.hr\/#\/schema\/person\/46635fda1b928c40087a65c50fda63ec"},"description":"Pro\u010ditajte \u0161to je socijalno - emocionalno u\u010denje, za\u0161to je va\u017eno, od \u010dega se sastoji i kako se emocionalna inteligencija mo\u017ee nau\u010diti.","breadcrumb":{"@id":"https:\/\/zaimovic.com.hr\/index.php\/2022\/05\/09\/sto-je-socijalno-emocionalno-ucenje-i-zasto-je-vazno\/#breadcrumb"},"inLanguage":"hr","potentialAction":[{"@type":"ReadAction","target":["https:\/\/zaimovic.com.hr\/index.php\/2022\/05\/09\/sto-je-socijalno-emocionalno-ucenje-i-zasto-je-vazno\/"]}]},{"@type":"ImageObject","inLanguage":"hr","@id":"https:\/\/zaimovic.com.hr\/index.php\/2022\/05\/09\/sto-je-socijalno-emocionalno-ucenje-i-zasto-je-vazno\/#primaryimage","url":"https:\/\/zaimovic.com.hr\/wp-content\/uploads\/2022\/03\/brain-gac9c6b587_1920.png","contentUrl":"https:\/\/zaimovic.com.hr\/wp-content\/uploads\/2022\/03\/brain-gac9c6b587_1920.png","width":1920,"height":1920},{"@type":"BreadcrumbList","@id":"https:\/\/zaimovic.com.hr\/index.php\/2022\/05\/09\/sto-je-socijalno-emocionalno-ucenje-i-zasto-je-vazno\/#breadcrumb","itemListElement":[{"@type":"ListItem","position":1,"name":"Po\u010detna stranica","item":"https:\/\/zaimovic.com.hr\/"},{"@type":"ListItem","position":2,"name":"\u0160to je socio \u2013 emocionalno u\u010denje i za\u0161to je va\u017eno?"}]},{"@type":"WebSite","@id":"https:\/\/zaimovic.com.hr\/#website","url":"https:\/\/zaimovic.com.hr\/","name":"Iva Zaimovi\u0107","description":"Osna\u017dena - balans, ljubav i rast","potentialAction":[{"@type":"SearchAction","target":{"@type":"EntryPoint","urlTemplate":"https:\/\/zaimovic.com.hr\/?s={search_term_string}"},"query-input":{"@type":"PropertyValueSpecification","valueRequired":true,"valueName":"search_term_string"}}],"inLanguage":"hr"},{"@type":"Person","@id":"https:\/\/zaimovic.com.hr\/#\/schema\/person\/46635fda1b928c40087a65c50fda63ec","name":"Iva Zaimovi\u0107","image":{"@type":"ImageObject","inLanguage":"hr","@id":"https:\/\/zaimovic.com.hr\/#\/schema\/person\/image\/","url":"https:\/\/secure.gravatar.com\/avatar\/f945de162461501123845d3f733fe63d?s=96&d=mm&r=g","contentUrl":"https:\/\/secure.gravatar.com\/avatar\/f945de162461501123845d3f733fe63d?s=96&d=mm&r=g","caption":"Iva Zaimovi\u0107"},"sameAs":["https:\/\/zaimovic.com.hr","https:\/\/www.facebook.com\/velikeimalemisli","https:\/\/www.instagram.com\/ivazaimovic\/"],"url":"https:\/\/zaimovic.com.hr\/index.php\/author\/yrcqptp1bb\/"}]}},"blog_post_layout_featured_media_urls":{"thumbnail":["https:\/\/zaimovic.com.hr\/wp-content\/uploads\/2022\/03\/brain-gac9c6b587_1920-150x150.png",150,150,true],"full":["https:\/\/zaimovic.com.hr\/wp-content\/uploads\/2022\/03\/brain-gac9c6b587_1920.png",1920,1920,false]},"categories_names":{"65":{"name":"Osobni razvoj","link":"https:\/\/zaimovic.com.hr\/index.php\/category\/osobni-razvoj\/"}},"tags_names":[],"comments_number":"0","_links":{"self":[{"href":"https:\/\/zaimovic.com.hr\/index.php\/wp-json\/wp\/v2\/posts\/612"}],"collection":[{"href":"https:\/\/zaimovic.com.hr\/index.php\/wp-json\/wp\/v2\/posts"}],"about":[{"href":"https:\/\/zaimovic.com.hr\/index.php\/wp-json\/wp\/v2\/types\/post"}],"author":[{"embeddable":true,"href":"https:\/\/zaimovic.com.hr\/index.php\/wp-json\/wp\/v2\/users\/1"}],"replies":[{"embeddable":true,"href":"https:\/\/zaimovic.com.hr\/index.php\/wp-json\/wp\/v2\/comments?post=612"}],"version-history":[{"count":10,"href":"https:\/\/zaimovic.com.hr\/index.php\/wp-json\/wp\/v2\/posts\/612\/revisions"}],"predecessor-version":[{"id":680,"href":"https:\/\/zaimovic.com.hr\/index.php\/wp-json\/wp\/v2\/posts\/612\/revisions\/680"}],"wp:featuredmedia":[{"embeddable":true,"href":"https:\/\/zaimovic.com.hr\/index.php\/wp-json\/wp\/v2\/media\/614"}],"wp:attachment":[{"href":"https:\/\/zaimovic.com.hr\/index.php\/wp-json\/wp\/v2\/media?parent=612"}],"wp:term":[{"taxonomy":"category","embeddable":true,"href":"https:\/\/zaimovic.com.hr\/index.php\/wp-json\/wp\/v2\/categories?post=612"},{"taxonomy":"post_tag","embeddable":true,"href":"https:\/\/zaimovic.com.hr\/index.php\/wp-json\/wp\/v2\/tags?post=612"}],"curies":[{"name":"wp","href":"https:\/\/api.w.org\/{rel}","templated":true}]}}